{"id":12690,"date":"2026-01-12T12:32:35","date_gmt":"2026-01-12T11:32:35","guid":{"rendered":"http:\/\/portalm\u0142awa.pl\/?p=12690"},"modified":"2026-01-12T12:32:35","modified_gmt":"2026-01-12T11:32:35","slug":"pamiec-ktora-zobowiazuje-mlawa-odda-hold-ofiarom-egzekucji-na-kalkowce","status":"publish","type":"post","link":"http:\/\/portalm\u0142awa.pl\/?p=12690","title":{"rendered":"Pami\u0119\u0107, kt\u00f3ra zobowi\u0105zuje. M\u0142awa odda ho\u0142d ofiarom egzekucji na Kalk\u00f3wce"},"content":{"rendered":"<p style=\"text-align: justify;\">S\u0105 w historii M\u0142awy miejsca, kt\u00f3re nie pozwalaj\u0105 przej\u015b\u0107 oboj\u0119tnie. Jednym z nich jest \u017cwirownia Kalk\u00f3wka \u2013 niemy \u015bwiadek jednej z najtragiczniejszych kart okupacyjnej przesz\u0142o\u015bci miasta. W sobot\u0119, 17 stycznia 2026 roku, mieszka\u0144cy M\u0142awy i regionu spotkaj\u0105 si\u0119 tam, by po 81 latach ponownie przywo\u0142a\u0107 imiona i losy tych, kt\u00f3rym odebrano \u017cycie tylko dlatego, \u017ce byli Polakami, pomagali innym, dzia\u0142ali w konspiracji lub znale\u017ali si\u0119 w z\u0142ym miejscu o z\u0142ym czasie.<\/p>\n<p style=\"text-align: justify;\"><strong>Egzekucja, o kt\u00f3rej nie wolno zapomnie\u0107<\/strong><\/p>\n<p style=\"text-align: justify;\">Ofiarami niemieckiej zbrodni byli mieszka\u0144cy M\u0142awy i okolic, osadzeni w miejscowym wi\u0119zieniu \u2013 aresztowani w ramach brutalnych represji okupacyjnych, zatrzymywani podczas ulicznych \u0142apanek, karani za pomoc ludno\u015bci cywilnej i dzia\u0142alno\u015b\u0107 niepodleg\u0142o\u015bciow\u0105. Kalk\u00f3wka sta\u0142a si\u0119 dla nich miejscem ostatniej drogi. Dla nas \u2013 miejscem pami\u0119ci i moralnego obowi\u0105zku.<\/p>\n<p style=\"text-align: justify;\"><strong>Uroczysto\u015bci przy mauzoleum<\/strong><\/p>\n<p style=\"text-align: justify;\">Obchody rozpoczn\u0105 si\u0119 o godzinie 12.00 przy pomniku-mauzoleum na Kalk\u00f3wce. W programie przewidziano modlitw\u0119, wyst\u0105pienia okoliczno\u015bciowe oraz z\u0142o\u017cenie kwiat\u00f3w \u2013 w ciszy, skupieniu i refleksji, kt\u00f3ra wykracza daleko poza oficjalny ceremonia\u0142.<\/p>\n<p style=\"text-align: justify;\">Z my\u015bl\u0105 o mieszka\u0144cach, kt\u00f3rzy chc\u0105 wzi\u0105\u0107 udzia\u0142 w uroczysto\u015bciach, o godzinie 11.30 ze Starego Rynku zostanie podstawiony autobus. Odjazd na Kalk\u00f3wk\u0119 zaplanowano na 11.40.<\/p>\n<p style=\"text-align: justify;\"><strong>Historia zapisana w dokumentach<\/strong><\/p>\n<p style=\"text-align: justify;\">O godzinie 13.00 w Muzeum Ziemi Zawkrze\u0144skiej w M\u0142awie odb\u0119dzie si\u0119 spotkanie promocyjne publikacji<\/p>\n<p style=\"text-align: justify;\">\u201eZbrodnie niemieckie i sowieckie na p\u00f3\u0142nocnym Mazowszu w latach 1939\u20131945\u201d.<\/p>\n<p style=\"text-align: justify;\">To wydarzenie o szczeg\u00f3lnym znaczeniu \u2013 \u0142\u0105cz\u0105ce pami\u0119\u0107 lokaln\u0105 z rzeteln\u0105 wiedz\u0105 historyczn\u0105.<\/p>\n<p style=\"text-align: justify;\">W\u015br\u00f3d prelegent\u00f3w znajd\u0105 si\u0119 uznani badacze:<\/p>\n<p style=\"text-align: justify;\">&#8211; dr Mariusz \u017bu\u0142awnik (Archiwum IPN w Warszawie),<\/p>\n<p style=\"text-align: justify;\">&#8211; Janusz Witczak,<\/p>\n<p style=\"text-align: justify;\">&#8211; prof. dr hab. Leszek Zygner (Pa\u0144stwowa Akademia Nauk Stosowanych im. Ignacego Mo\u015bcickiego w Ciechanowie).<\/p>\n<p style=\"text-align: justify;\">Ich wyst\u0105pienia b\u0119d\u0105 pr\u00f3b\u0105 nazwania zbrodni po imieniu i przywr\u00f3cenia ofiarom nale\u017cnego miejsca w historii.<\/p>\n<p style=\"text-align: justify;\"><strong>Modlitwa w intencji pomordowanych<\/strong><\/p>\n<p style=\"text-align: justify;\">Zwie\u0144czeniem obchod\u00f3w b\u0119dzie msza \u015bwi\u0119ta w intencji ofiar, odprawiona w niedziel\u0119, 18 stycznia 2026 roku, o godzinie 12.00 w ko\u015bciele pw. Ducha \u015awi\u0119tego (parafia pw. Matki Bo\u017cej Kr\u00f3lowej Polski w M\u0142awie).<\/p>\n<p style=\"text-align: justify;\"><strong>Wsp\u00f3lna odpowiedzialno\u015b\u0107 za pami\u0119\u0107<\/strong><\/p>\n<p style=\"text-align: justify;\">Organizatorami uroczysto\u015bci s\u0105:<\/p>\n<p style=\"text-align: justify;\">ks. pra\u0142. dr Kazimierz Zi\u00f3\u0142kowski, Dziekan Dekanatu M\u0142awskiego Zachodniego,<\/p>\n<p style=\"text-align: justify;\">Piotr Jankowski, Burmistrz Miasta M\u0142awa,<\/p>\n<p style=\"text-align: justify;\">Robert Zaborowski, Dyrektor Muzeum Ziemi Zawkrze\u0144skiej w M\u0142awie,<\/p>\n<p style=\"text-align: justify;\">przy wsp\u00f3\u0142udziale Miasta M\u0142awa, Instytutu Pami\u0119ci Narodowej \u2013 Oddzia\u0142 w Warszawie oraz Pa\u0144stwowej Akademii Nauk Stosowanych w Ciechanowie.<\/p>\n<p style=\"text-align: justify;\">To nie jest tylko rocznica. To przypomnienie, \u017ce wolno\u015b\u0107 ma swoj\u0105 cen\u0119, a pami\u0119\u0107 \u2013 sens tylko wtedy, gdy jest \u017cywa. Kalk\u00f3wka zn\u00f3w stanie si\u0119 miejscem zadumy. Od nas zale\u017cy, czy tak\u017ce miejscem \u015bwiadomej pami\u0119ci.<\/p>\n<p style=\"text-align: justify;\">T.B<\/p>\n<p style=\"box-sizing: border-box; margin-top: 0px; margin-bottom: 15px; color: #555555; font-family: Roboto, sans-serif; font-size: 15px; text-align: justify;\">KOMENTARZE<\/p>\n<p style=\"box-sizing: border-box; margin-top: 0px; margin-bottom: 15px; color: #555555; font-family: Roboto, sans-serif; font-size: 15px; text-align: justify;\">Wydawca portalu nie ponosi odpowiedzialno\u015bci za tre\u015b\u0107 komentarzy zamieszczanych przez u\u017cytkownik\u00f3w. Osoby zamieszczaj\u0105ce wypowiedzi naruszaj\u0105ce prawo lub prawem chronione dobra os\u00f3b trzecich mog\u0105 ponie\u015b\u0107 z tego tytu\u0142u odpowiedzialno\u015b\u0107 karn\u0105 lub cywiln\u0105.JEDNOCZE\u015aNIE UZYTKOWNICY ZAMIESZCZAJ\u0104C KOMENTARZ OSWIADCZAJ\u0104, \u017bE BIOR\u0104 PE\u0141N\u0104 ODPOWIEDZIALNO\u015a\u0106 ZA TRE\u015aCI UMIESZCZONE PRZEZ SIEBIE<\/p>\n<div style=\"padding-bottom:20px; padding-top:10px;\" class=\"hupso-share-buttons\"><!-- Hupso Share Buttons - https:\/\/www.hupso.com\/share\/ --><a class=\"hupso_pop\" href=\"https:\/\/www.hupso.com\/share\/\"><img decoding=\"async\" data-src=\"http:\/\/static.hupso.com\/share\/buttons\/button100x23.png\" style=\"border:0px; width:100; height: 23; \" alt=\"Share Button\" src=\"data:image\/svg+xml;base64,PHN2ZyB3aWR0aD0iMSIgaGVpZ2h0PSIxIiB4bWxucz0iaHR0cDovL3d3dy53My5vcmcvMjAwMC9zdmciPjwvc3ZnPg==\" class=\"lazyload\" \/><\/a><script type=\"text\/javascript\">var hupso_services=new Array(\"Twitter\",\"Facebook\",\"Pinterest\",\"Linkedin\",\"Tumblr\",\"StumbleUpon\",\"Digg\",\"Reddit\",\"Bebo\",\"Delicious\",\"QZone\",\"Renren\",\"Email\");var hupso_icon_type = \"labels\";var hupso_background=\"#3BF8FF\";var hupso_border=\"#FF2B0A\";var hupso_image_folder_url = \"\";var hupso_url=\"\";var hupso_title=\"Pami%C4%99%C4%87%2C%20kt%C3%B3ra%20zobowi%C4%85zuje.%20M%C5%82awa%20odda%20ho%C5%82d%20ofiarom%20egzekucji%20na%20Kalk%C3%B3wce\";<\/script><script type=\"text\/javascript\" src=\"http:\/\/static.hupso.com\/share\/js\/share.js\"><\/script><!-- Hupso Share Buttons --><\/div>","protected":false},"excerpt":{"rendered":"<p>S\u0105 w historii M\u0142awy miejsca, kt\u00f3re nie pozwalaj\u0105 przej\u015b\u0107 oboj\u0119tnie. Jednym z nich jest \u017cwirownia Kalk\u00f3wka \u2013 niemy \u015bwiadek jednej z najtragiczniejszych kart okupacyjnej przesz\u0142o\u015bci miasta. W sobot\u0119, 17 stycznia&hellip; <\/p>\n<div style=\"padding-bottom:20px; padding-top:10px;\" class=\"hupso-share-buttons\"><!-- Hupso Share Buttons - https:\/\/www.hupso.com\/share\/ --><a class=\"hupso_pop\" href=\"https:\/\/www.hupso.com\/share\/\"><img data-src=\"http:\/\/static.hupso.com\/share\/buttons\/button100x23.png\" style=\"border:0px; width:100; height: 23; \" alt=\"Share Button\" src=\"data:image\/svg+xml;base64,PHN2ZyB3aWR0aD0iMSIgaGVpZ2h0PSIxIiB4bWxucz0iaHR0cDovL3d3dy53My5vcmcvMjAwMC9zdmciPjwvc3ZnPg==\" class=\"lazyload\" \/><\/a><script type=\"text\/javascript\">var hupso_services=new Array(\"Twitter\",\"Facebook\",\"Pinterest\",\"Linkedin\",\"Tumblr\",\"StumbleUpon\",\"Digg\",\"Reddit\",\"Bebo\",\"Delicious\",\"QZone\",\"Renren\",\"Email\");var hupso_icon_type = \"labels\";var hupso_background=\"#3BF8FF\";var hupso_border=\"#FF2B0A\";var hupso_image_folder_url = \"\";var hupso_url=\"\";var hupso_title=\"Pami%C4%99%C4%87%2C%20kt%C3%B3ra%20zobowi%C4%85zuje.%20M%C5%82awa%20odda%20ho%C5%82d%20ofiarom%20egzekucji%20na%20Kalk%C3%B3wce\";<\/script><script type=\"text\/javascript\" src=\"http:\/\/static.hupso.com\/share\/js\/share.js\"><\/script><!-- Hupso Share Buttons --><\/div>","protected":false},"author":1,"featured_media":12691,"comment_status":"open","ping_status":"open","sticky":false,"template":"","format":"standard","meta":{"_acf_changed":false,"wprm-recipe-roundup-name":"","wprm-recipe-roundup-description":"","footnotes":""},"categories":[19,3,28],"tags":[],"class_list":["post-12690","post","type-post","status-publish","format-standard","has-post-thumbnail","hentry","category-aktualnosci","category-kultura","category-wyd"],"acf":[],"amp_enabled":true,"_links":{"self":[{"href":"http:\/\/portalm\u0142awa.pl\/index.php?rest_route=\/wp\/v2\/posts\/12690","targetHints":{"allow":["GET"]}}],"collection":[{"href":"http:\/\/portalm\u0142awa.pl\/index.php?rest_route=\/wp\/v2\/posts"}],"about":[{"href":"http:\/\/portalm\u0142awa.pl\/index.php?rest_route=\/wp\/v2\/types\/post"}],"author":[{"embeddable":true,"href":"http:\/\/portalm\u0142awa.pl\/index.php?rest_route=\/wp\/v2\/users\/1"}],"replies":[{"embeddable":true,"href":"http:\/\/portalm\u0142awa.pl\/index.php?rest_route=%2Fwp%2Fv2%2Fcomments&post=12690"}],"version-history":[{"count":1,"href":"http:\/\/portalm\u0142awa.pl\/index.php?rest_route=\/wp\/v2\/posts\/12690\/revisions"}],"predecessor-version":[{"id":12692,"href":"http:\/\/portalm\u0142awa.pl\/index.php?rest_route=\/wp\/v2\/posts\/12690\/revisions\/12692"}],"wp:featuredmedia":[{"embeddable":true,"href":"http:\/\/portalm\u0142awa.pl\/index.php?rest_route=\/wp\/v2\/media\/12691"}],"wp:attachment":[{"href":"http:\/\/portalm\u0142awa.pl\/index.php?rest_route=%2Fwp%2Fv2%2Fmedia&parent=12690"}],"wp:term":[{"taxonomy":"category","embeddable":true,"href":"http:\/\/portalm\u0142awa.pl\/index.php?rest_route=%2Fwp%2Fv2%2Fcategories&post=12690"},{"taxonomy":"post_tag","embeddable":true,"href":"http:\/\/portalm\u0142awa.pl\/index.php?rest_route=%2Fwp%2Fv2%2Ftags&post=12690"}],"curies":[{"name":"wp","href":"https:\/\/api.w.org\/{rel}","templated":true}]}}