{"id":12711,"date":"2026-01-13T08:47:51","date_gmt":"2026-01-13T07:47:51","guid":{"rendered":"http:\/\/portalm\u0142awa.pl\/?p=12711"},"modified":"2026-01-13T08:51:30","modified_gmt":"2026-01-13T07:51:30","slug":"asystent-ktory-realnie-zmienia-codziennosc-rusza-nabor-do-programu-wsparcia-osob-z-niepelnosprawnosciami-w-wieczfni-koscielnej","status":"publish","type":"post","link":"http:\/\/portalm\u0142awa.pl\/?p=12711","title":{"rendered":"Asystent, kt\u00f3ry realnie zmienia codzienno\u015b\u0107. Rusza nab\u00f3r do programu wsparcia os\u00f3b z niepe\u0142nosprawno\u015bciami w Wieczfni Ko\u015bcielnej"},"content":{"rendered":"<p style=\"text-align: justify;\">To nie jest kolejny urz\u0119dowy komunikat, kt\u00f3ry znika w g\u0105szczu informacji. To konkretna propozycja realnej pomocy \u2013 takiej, kt\u00f3ra ma wp\u0142yw na codzienne \u017cycie, samodzielno\u015b\u0107 i godno\u015b\u0107 os\u00f3b z niepe\u0142nosprawno\u015bciami oraz ich rodzin. Gminny O\u015brodek Pomocy Spo\u0142ecznej w Wieczfni Ko\u015bcielnej og\u0142osi\u0142 nab\u00f3r wniosk\u00f3w do programu \u201eAsystent osobisty osoby z niepe\u0142nosprawno\u015bci\u0105\u201d \u2013 edycja 2026.<\/p>\n<p style=\"text-align: justify;\">\ud83d\udcc5 Zg\u0142oszenia przyjmowane s\u0105 od 12 do 19 stycznia 2026 roku \u2013 i cho\u0107 czasu nie ma wiele, stawka jest wysoka.<\/p>\n<p style=\"text-align: justify;\"><strong>Pomoc, kt\u00f3ra zaczyna si\u0119 od codziennych spraw<\/strong><\/p>\n<p style=\"text-align: justify;\">Celem programu jest wprowadzenie us\u0142ug asystenta osobistego jako og\u00f3lnodost\u0119pnej formy wsparcia. Nie chodzi o teori\u0119 ani statystyki, lecz o konkret: pomoc w codziennych czynno\u015bciach, wyj\u015bciu z domu, komunikowaniu si\u0119 z otoczeniem czy prowadzeniu gospodarstwa domowego. To w\u0142a\u015bnie w tych obszarach bariery bywaj\u0105 najwi\u0119ksze.<\/p>\n<p style=\"text-align: justify;\">Asystent ma by\u0107 wsparciem, a nie wyr\u0119czycielem \u2013 kim\u015b, kto pomaga odzyska\u0107 sprawczo\u015b\u0107 i aktywno\u015b\u0107 spo\u0142eczn\u0105.<\/p>\n<p style=\"text-align: justify;\"><strong>Kto mo\u017ce skorzysta\u0107 z programu?<\/strong><\/p>\n<p style=\"text-align: justify;\">Program skierowany jest do szerokiego grona odbiorc\u00f3w:<\/p>\n<p style=\"text-align: justify;\">&#8211; dzieci od 2. do 16. roku \u017cycia z orzeczeniem o niepe\u0142nosprawno\u015bci, wymagaj\u0105ce sta\u0142ej lub d\u0142ugotrwa\u0142ej opieki oraz sta\u0142ego udzia\u0142u opiekuna w leczeniu, rehabilitacji i edukacji,<\/p>\n<p style=\"text-align: justify;\">&#8211; osoby doros\u0142e posiadaj\u0105ce orzeczenie o znacznym lub umiarkowanym stopniu niepe\u0142nosprawno\u015bci,<\/p>\n<p style=\"text-align: justify;\">&#8211; osoby traktowane na r\u00f3wni z ww. orzeczeniami, zgodnie z obowi\u0105zuj\u0105cymi przepisami prawa.<\/p>\n<p style=\"text-align: justify;\">To wa\u017cne: program obejmuje zar\u00f3wno dzieci, jak i doros\u0142ych \u2013 odpowiadaj\u0105c na potrzeby ca\u0142ych rodzin.<\/p>\n<p style=\"text-align: justify;\"><strong>Zakres wsparcia \u2013 co robi asystent?<\/strong><\/p>\n<p style=\"text-align: justify;\">Asystencja osobista to pomoc w kluczowych obszarach \u017cycia:<\/p>\n<p style=\"text-align: justify;\">&#8211; czynno\u015bci samoobs\u0142ugowe i higiena osobista,<\/p>\n<p style=\"text-align: justify;\">&#8211; prowadzenie gospodarstwa domowego i pe\u0142nienie r\u00f3l rodzinnych,<\/p>\n<p style=\"text-align: justify;\">&#8211; przemieszczanie si\u0119 poza miejscem zamieszkania,<\/p>\n<p style=\"text-align: justify;\">&#8211; aktywno\u015b\u0107 spo\u0142eczna, \u017cyciowa i komunikacja z otoczeniem.<\/p>\n<p style=\"text-align: justify;\">To wsparcie, kt\u00f3re cz\u0119sto decyduje o tym, czy kto\u015b mo\u017ce wyj\u015b\u0107 z domu, za\u0142atwi\u0107 spraw\u0119 urz\u0119dow\u0105, p\u00f3j\u015b\u0107 na rehabilitacj\u0119 czy zwyczajnie \u2013 normalnie funkcjonowa\u0107.<\/p>\n<p style=\"text-align: justify;\"><strong>Jak i gdzie z\u0142o\u017cy\u0107 dokumenty?<\/strong><\/p>\n<p style=\"text-align: justify;\">Zainteresowane osoby musz\u0105 dostarczy\u0107 komplet dokument\u00f3w, w tym m.in. kart\u0119 zg\u0142oszenia, kart\u0119 zakresu czynno\u015bci, kopi\u0119 orzeczenia o niepe\u0142nosprawno\u015bci oraz wymagane klauzule i pe\u0142nomocnictwa (je\u015bli dotyczy).<\/p>\n<p style=\"text-align: justify;\">\ud83d\udccd Dokumenty nale\u017cy z\u0142o\u017cy\u0107 osobi\u015bcie lub poczt\u0105 do: Gminnego O\u015brodka Pomocy Spo\u0142ecznej w Wieczfni Ko\u015bcielnej<\/p>\n<p style=\"text-align: justify;\">Wieczfnia Ko\u015bcielna 96, 06-513 Wieczfnia Ko\u015bcielna<\/p>\n<p style=\"text-align: justify;\">pok\u00f3j nr 3 \u2013 do 19 stycznia 2026 r., do godz. 16:00<\/p>\n<p style=\"text-align: justify;\">\ud83d\udcde Informacje udzielane s\u0105 pod numerem: 23 654 05 76<\/p>\n<p style=\"text-align: justify;\">Wa\u017cne informacje, o kt\u00f3rych trzeba wiedzie\u0107<\/p>\n<p style=\"text-align: justify;\"><strong>Kolejno\u015b\u0107 zg\u0142osze\u0144 nie ma znaczenia \u2013 liczy si\u0119 spe\u0142nienie kryteri\u00f3w.<\/strong><\/p>\n<p style=\"text-align: justify;\">Z\u0142o\u017cenie wniosku nie jest r\u00f3wnoznaczne z przyznaniem wsparcia.<\/p>\n<p style=\"text-align: justify;\">Program finansowany jest ze \u015brodk\u00f3w Funduszu Solidarno\u015bciowego.<\/p>\n<p style=\"text-align: justify;\"><strong>To wi\u0119cej ni\u017c program<\/strong><\/p>\n<p style=\"text-align: justify;\">Dla wielu os\u00f3b asystent osobisty to nie \u201edodatek do systemu\u201d, ale warunek samodzielnego \u017cycia. W Wieczfni Ko\u015bcielnej rusza nab\u00f3r, kt\u00f3ry mo\u017ce realnie zmieni\u0107 codzienno\u015b\u0107 mieszka\u0144c\u00f3w \u2013 warto z niego skorzysta\u0107.<\/p>\n<p style=\"text-align: justify;\">\ud83d\udcce Dokumenty zg\u0142oszeniowe dost\u0119pne s\u0105 online na stronie gminy lub pod linkiem https:\/\/wieczfniakoscielna.pl\/wiadomosci\/129471\/asystent-osobisty-osoby-z-niepelnosprawnoscia (link z tre\u015bci, kt\u00f3ry poda\u0142e\u015b)<\/p>\n<p style=\"text-align: justify;\">\ud83d\udccc Szczeg\u00f3\u0142y programu mo\u017cna znale\u017a\u0107 r\u00f3wnie\u017c na stronie Pe\u0142nomocnika Rz\u0105du ds. Os\u00f3b Niepe\u0142nosprawnych pod linkiem \ud83d\udd17 https:\/\/niepelnosprawni.gov.pl\/program-fs\/nabor-wnioskow-w-ramach-resortowego-programu-ministra-rodziny-pracy-i-polityki-spolecznej-asystent-osobisty-osoby-z-niepelnosprawnoscia-dla-jednostek-samorzadu-terytorialnego\/<\/p>\n<p style=\"text-align: justify;\">Czas dzia\u0142a\u0107 \u2013 bo wsparcie zaczyna si\u0119 od decyzji.<\/p>\n<p style=\"text-align: justify;\">T.B<\/p>\n<p style=\"text-align: justify;\">KOMENTARZE<\/p>\n<p style=\"text-align: justify;\">Wydawca portalu nie ponosi odpowiedzialno\u015bci za tre\u015b\u0107 komentarzy zamieszczanych przez u\u017cytkownik\u00f3w. Osoby zamieszczaj\u0105ce wypowiedzi naruszaj\u0105ce prawo lub prawem chronione dobra os\u00f3b trzecich mog\u0105 ponie\u015b\u0107 z tego tytu\u0142u odpowiedzialno\u015b\u0107 karn\u0105 lub cywiln\u0105.JEDNOCZE\u015aNIE UZYTKOWNICY ZAMIESZCZAJ\u0104C KOMENTARZ OSWIADCZAJ\u0104, \u017bE BIOR\u0104 PE\u0141N\u0104 ODPOWIEDZIALNO\u015a\u0106 ZA TRE\u015aCI UMIESZCZONE PRZEZ SIEBIE<\/p>\n<div style=\"padding-bottom:20px; padding-top:10px;\" class=\"hupso-share-buttons\"><!-- Hupso Share Buttons - https:\/\/www.hupso.com\/share\/ --><a class=\"hupso_pop\" href=\"https:\/\/www.hupso.com\/share\/\"><img decoding=\"async\" data-src=\"http:\/\/static.hupso.com\/share\/buttons\/button100x23.png\" style=\"border:0px; width:100; height: 23; \" alt=\"Share Button\" src=\"data:image\/svg+xml;base64,PHN2ZyB3aWR0aD0iMSIgaGVpZ2h0PSIxIiB4bWxucz0iaHR0cDovL3d3dy53My5vcmcvMjAwMC9zdmciPjwvc3ZnPg==\" class=\"lazyload\" \/><\/a><script type=\"text\/javascript\">var hupso_services=new Array(\"Twitter\",\"Facebook\",\"Pinterest\",\"Linkedin\",\"Tumblr\",\"StumbleUpon\",\"Digg\",\"Reddit\",\"Bebo\",\"Delicious\",\"QZone\",\"Renren\",\"Email\");var hupso_icon_type = \"labels\";var hupso_background=\"#3BF8FF\";var hupso_border=\"#FF2B0A\";var hupso_image_folder_url = \"\";var hupso_url=\"\";var hupso_title=\"Asystent%2C%20kt%C3%B3ry%20realnie%20zmienia%20codzienno%C5%9B%C4%87.%20Rusza%20nab%C3%B3r%20do%20programu%20wsparcia%20os%C3%B3b%20z%20niepe%C5%82nosprawno%C5%9Bciami%20w%20Wieczfni%20Ko%C5%9Bcielnej\";<\/script><script type=\"text\/javascript\" src=\"http:\/\/static.hupso.com\/share\/js\/share.js\"><\/script><!-- Hupso Share Buttons --><\/div>","protected":false},"excerpt":{"rendered":"<p>To nie jest kolejny urz\u0119dowy komunikat, kt\u00f3ry znika w g\u0105szczu informacji. To konkretna propozycja realnej pomocy \u2013 takiej, kt\u00f3ra ma wp\u0142yw na codzienne \u017cycie, samodzielno\u015b\u0107 i godno\u015b\u0107 os\u00f3b z niepe\u0142nosprawno\u015bciami&hellip; <\/p>\n<div style=\"padding-bottom:20px; padding-top:10px;\" class=\"hupso-share-buttons\"><!-- Hupso Share Buttons - https:\/\/www.hupso.com\/share\/ --><a class=\"hupso_pop\" href=\"https:\/\/www.hupso.com\/share\/\"><img data-src=\"http:\/\/static.hupso.com\/share\/buttons\/button100x23.png\" style=\"border:0px; width:100; height: 23; \" alt=\"Share Button\" src=\"data:image\/svg+xml;base64,PHN2ZyB3aWR0aD0iMSIgaGVpZ2h0PSIxIiB4bWxucz0iaHR0cDovL3d3dy53My5vcmcvMjAwMC9zdmciPjwvc3ZnPg==\" class=\"lazyload\" \/><\/a><script type=\"text\/javascript\">var hupso_services=new Array(\"Twitter\",\"Facebook\",\"Pinterest\",\"Linkedin\",\"Tumblr\",\"StumbleUpon\",\"Digg\",\"Reddit\",\"Bebo\",\"Delicious\",\"QZone\",\"Renren\",\"Email\");var hupso_icon_type = \"labels\";var hupso_background=\"#3BF8FF\";var hupso_border=\"#FF2B0A\";var hupso_image_folder_url = \"\";var hupso_url=\"\";var hupso_title=\"Asystent%2C%20kt%C3%B3ry%20realnie%20zmienia%20codzienno%C5%9B%C4%87.%20Rusza%20nab%C3%B3r%20do%20programu%20wsparcia%20os%C3%B3b%20z%20niepe%C5%82nosprawno%C5%9Bciami%20w%20Wieczfni%20Ko%C5%9Bcielnej\";<\/script><script type=\"text\/javascript\" src=\"http:\/\/static.hupso.com\/share\/js\/share.js\"><\/script><!-- Hupso Share Buttons --><\/div>","protected":false},"author":1,"featured_media":12713,"comment_status":"open","ping_status":"open","sticky":false,"template":"","format":"standard","meta":{"_acf_changed":false,"wprm-recipe-roundup-name":"","wprm-recipe-roundup-description":"","footnotes":""},"categories":[19,506,28],"tags":[],"class_list":["post-12711","post","type-post","status-publish","format-standard","has-post-thumbnail","hentry","category-aktualnosci","category-pow","category-wyd"],"acf":[],"amp_enabled":true,"_links":{"self":[{"href":"http:\/\/portalm\u0142awa.pl\/index.php?rest_route=\/wp\/v2\/posts\/12711","targetHints":{"allow":["GET"]}}],"collection":[{"href":"http:\/\/portalm\u0142awa.pl\/index.php?rest_route=\/wp\/v2\/posts"}],"about":[{"href":"http:\/\/portalm\u0142awa.pl\/index.php?rest_route=\/wp\/v2\/types\/post"}],"author":[{"embeddable":true,"href":"http:\/\/portalm\u0142awa.pl\/index.php?rest_route=\/wp\/v2\/users\/1"}],"replies":[{"embeddable":true,"href":"http:\/\/portalm\u0142awa.pl\/index.php?rest_route=%2Fwp%2Fv2%2Fcomments&post=12711"}],"version-history":[{"count":1,"href":"http:\/\/portalm\u0142awa.pl\/index.php?rest_route=\/wp\/v2\/posts\/12711\/revisions"}],"predecessor-version":[{"id":12714,"href":"http:\/\/portalm\u0142awa.pl\/index.php?rest_route=\/wp\/v2\/posts\/12711\/revisions\/12714"}],"wp:featuredmedia":[{"embeddable":true,"href":"http:\/\/portalm\u0142awa.pl\/index.php?rest_route=\/wp\/v2\/media\/12713"}],"wp:attachment":[{"href":"http:\/\/portalm\u0142awa.pl\/index.php?rest_route=%2Fwp%2Fv2%2Fmedia&parent=12711"}],"wp:term":[{"taxonomy":"category","embeddable":true,"href":"http:\/\/portalm\u0142awa.pl\/index.php?rest_route=%2Fwp%2Fv2%2Fcategories&post=12711"},{"taxonomy":"post_tag","embeddable":true,"href":"http:\/\/portalm\u0142awa.pl\/index.php?rest_route=%2Fwp%2Fv2%2Ftags&post=12711"}],"curies":[{"name":"wp","href":"https:\/\/api.w.org\/{rel}","templated":true}]}}