{"id":12724,"date":"2026-01-13T10:49:18","date_gmt":"2026-01-13T09:49:18","guid":{"rendered":"http:\/\/portalm\u0142awa.pl\/?p=12724"},"modified":"2026-01-13T10:49:18","modified_gmt":"2026-01-13T09:49:18","slug":"pawel-steplewski-w-walce-o-tytul-osobowosc-roku-2025","status":"publish","type":"post","link":"http:\/\/portalm\u0142awa.pl\/?p=12724","title":{"rendered":"Pawe\u0142 St\u0119plewski w walce o tytu\u0142 \u201eOsobowo\u015b\u0107 Roku 2025\u201d!\u00a0"},"content":{"rendered":"<p style=\"text-align: justify;\">M\u0142awa ma pow\u00f3d do dumy! Pawe\u0142 St\u0119plewski, od lat aktywnie dzia\u0142aj\u0105cy na rzecz lokalnej spo\u0142eczno\u015bci, zosta\u0142 nominowany do presti\u017cowego tytu\u0142u \u201eOsobowo\u015b\u0107 Roku 2025\u201d w kategorii Dzia\u0142alno\u015b\u0107 spo\u0142eczna i charytatywna. Wyr\u00f3\u017cnienie przyznawane jest przez Kapitu\u0142\u0119 Redakcji \u201ePolski Metropolii Warszawskiej\u201d i \u201eEcha Dnia\u201d, co samo w sobie \u015bwiadczy o ogromnym znaczeniu jego pracy.<\/p>\n<p style=\"text-align: justify;\">Pawe\u0142 St\u0119plewski to przyk\u0142ad polityka, kt\u00f3ry nie ogranicza si\u0119 do s\u0142\u00f3w. Jego dzia\u0142ania s\u0105 konkretne i widoczne: pomoc mieszka\u0144com, ws\u0142uchiwanie si\u0119 w problemy spo\u0142eczno\u015bci i skuteczne dzia\u0142anie tam, gdzie inni si\u0119 zatrzymuj\u0105 na deklaracjach. To cz\u0142owiek, kt\u00f3ry udowadnia, \u017ce prawdziwa polityka oparta na czynach mo\u017ce zmienia\u0107 \u017cycie lokalne na lepsze.<\/p>\n<p style=\"text-align: justify;\">Dla Klubu Konfederacji w M\u0142awie nominacja Paw\u0142a Sr\u0119plewskiego to dow\u00f3d, \u017ce zaanga\u017cowanie i konsekwencja s\u0105 zauwa\u017cane i doceniane. To r\u00f3wnie\u017c inspiracja dla wszystkich, kt\u00f3rzy wierz\u0105, \u017ce ka\u017cdy, nawet najmniejszy gest w stron\u0119 spo\u0142eczno\u015bci, ma znaczenie.<\/p>\n<p style=\"text-align: justify;\"><strong><em>Sam nominowany podkre\u015bla, \u017ce to nie tylko jego zas\u0142uga,\u00a0 ale wszystkich jego wsp\u00f3\u0142pracownik\u00f3w\u00a0<\/em><\/strong><\/p>\n<p style=\"text-align: justify;\">Trzymamy kciuki za dalsze etapy plebiscytu i mamy nadziej\u0119, \u017ce Pawe\u0142 St\u0119plewski przyniesie M\u0142awie kolejne powody do dumy!<\/p>\n<p style=\"text-align: justify;\">To nie tylko sukces jednostki \u2013 to sukces ca\u0142ej spo\u0142eczno\u015bci, kt\u00f3ra dzi\u0119ki ludziom takim jak Pawe\u0142 St\u0119plewski ma realn\u0105 szans\u0119 na pozytywne zmiany.<\/p>\n<p style=\"text-align: justify;\">T.B fot zbiory prywatne<\/p>\n<p style=\"text-align: justify;\">KOMENTARZE<\/p>\n<p style=\"text-align: justify;\">Wydawca portalu nie ponosi odpowiedzialno\u015bci za tre\u015b\u0107 komentarzy zamieszczanych przez u\u017cytkownik\u00f3w. Osoby zamieszczaj\u0105ce wypowiedzi naruszaj\u0105ce prawo lub prawem chronione dobra os\u00f3b trzecich mog\u0105 ponie\u015b\u0107 z tego tytu\u0142u odpowiedzialno\u015b\u0107 karn\u0105 lub cywiln\u0105.JEDNOCZE\u015aNIE UZYTKOWNICY ZAMIESZCZAJ\u0104C KOMENTARZ OSWIADCZAJ\u0104, \u017bE BIOR\u0104 PE\u0141N\u0104 ODPOWIEDZIALNO\u015a\u0106 ZA TRE\u015aCI UMIESZCZONE PRZEZ SIEBIE<\/p>\n<div style=\"padding-bottom:20px; padding-top:10px;\" class=\"hupso-share-buttons\"><!-- Hupso Share Buttons - https:\/\/www.hupso.com\/share\/ --><a class=\"hupso_pop\" href=\"https:\/\/www.hupso.com\/share\/\"><img decoding=\"async\" data-src=\"http:\/\/static.hupso.com\/share\/buttons\/button100x23.png\" style=\"border:0px; width:100; height: 23; \" alt=\"Share Button\" src=\"data:image\/svg+xml;base64,PHN2ZyB3aWR0aD0iMSIgaGVpZ2h0PSIxIiB4bWxucz0iaHR0cDovL3d3dy53My5vcmcvMjAwMC9zdmciPjwvc3ZnPg==\" class=\"lazyload\" \/><\/a><script type=\"text\/javascript\">var hupso_services=new Array(\"Twitter\",\"Facebook\",\"Pinterest\",\"Linkedin\",\"Tumblr\",\"StumbleUpon\",\"Digg\",\"Reddit\",\"Bebo\",\"Delicious\",\"QZone\",\"Renren\",\"Email\");var hupso_icon_type = \"labels\";var hupso_background=\"#3BF8FF\";var hupso_border=\"#FF2B0A\";var hupso_image_folder_url = \"\";var hupso_url=\"\";var hupso_title=\"Pawe%C5%82%20St%C4%99plewski%20w%20walce%20o%20tytu%C5%82%20%E2%80%9EOsobowo%C5%9B%C4%87%20Roku%202025%E2%80%9D%21%C2%A0\";<\/script><script type=\"text\/javascript\" src=\"http:\/\/static.hupso.com\/share\/js\/share.js\"><\/script><!-- Hupso Share Buttons --><\/div>","protected":false},"excerpt":{"rendered":"<p>M\u0142awa ma pow\u00f3d do dumy! Pawe\u0142 St\u0119plewski, od lat aktywnie dzia\u0142aj\u0105cy na rzecz lokalnej spo\u0142eczno\u015bci, zosta\u0142 nominowany do presti\u017cowego tytu\u0142u \u201eOsobowo\u015b\u0107 Roku 2025\u201d w kategorii Dzia\u0142alno\u015b\u0107 spo\u0142eczna i charytatywna. Wyr\u00f3\u017cnienie&hellip; <\/p>\n<div style=\"padding-bottom:20px; padding-top:10px;\" class=\"hupso-share-buttons\"><!-- Hupso Share Buttons - https:\/\/www.hupso.com\/share\/ --><a class=\"hupso_pop\" href=\"https:\/\/www.hupso.com\/share\/\"><img data-src=\"http:\/\/static.hupso.com\/share\/buttons\/button100x23.png\" style=\"border:0px; width:100; height: 23; \" alt=\"Share Button\" src=\"data:image\/svg+xml;base64,PHN2ZyB3aWR0aD0iMSIgaGVpZ2h0PSIxIiB4bWxucz0iaHR0cDovL3d3dy53My5vcmcvMjAwMC9zdmciPjwvc3ZnPg==\" class=\"lazyload\" \/><\/a><script type=\"text\/javascript\">var hupso_services=new Array(\"Twitter\",\"Facebook\",\"Pinterest\",\"Linkedin\",\"Tumblr\",\"StumbleUpon\",\"Digg\",\"Reddit\",\"Bebo\",\"Delicious\",\"QZone\",\"Renren\",\"Email\");var hupso_icon_type = \"labels\";var hupso_background=\"#3BF8FF\";var hupso_border=\"#FF2B0A\";var hupso_image_folder_url = \"\";var hupso_url=\"\";var hupso_title=\"Pawe%C5%82%20St%C4%99plewski%20w%20walce%20o%20tytu%C5%82%20%E2%80%9EOsobowo%C5%9B%C4%87%20Roku%202025%E2%80%9D%21%C2%A0\";<\/script><script type=\"text\/javascript\" src=\"http:\/\/static.hupso.com\/share\/js\/share.js\"><\/script><!-- Hupso Share Buttons --><\/div>","protected":false},"author":1,"featured_media":12725,"comment_status":"open","ping_status":"open","sticky":false,"template":"","format":"standard","meta":{"_acf_changed":false,"wprm-recipe-roundup-name":"","wprm-recipe-roundup-description":"","footnotes":""},"categories":[19,28],"tags":[],"class_list":["post-12724","post","type-post","status-publish","format-standard","has-post-thumbnail","hentry","category-aktualnosci","category-wyd"],"acf":[],"amp_enabled":true,"_links":{"self":[{"href":"http:\/\/portalm\u0142awa.pl\/index.php?rest_route=\/wp\/v2\/posts\/12724","targetHints":{"allow":["GET"]}}],"collection":[{"href":"http:\/\/portalm\u0142awa.pl\/index.php?rest_route=\/wp\/v2\/posts"}],"about":[{"href":"http:\/\/portalm\u0142awa.pl\/index.php?rest_route=\/wp\/v2\/types\/post"}],"author":[{"embeddable":true,"href":"http:\/\/portalm\u0142awa.pl\/index.php?rest_route=\/wp\/v2\/users\/1"}],"replies":[{"embeddable":true,"href":"http:\/\/portalm\u0142awa.pl\/index.php?rest_route=%2Fwp%2Fv2%2Fcomments&post=12724"}],"version-history":[{"count":1,"href":"http:\/\/portalm\u0142awa.pl\/index.php?rest_route=\/wp\/v2\/posts\/12724\/revisions"}],"predecessor-version":[{"id":12726,"href":"http:\/\/portalm\u0142awa.pl\/index.php?rest_route=\/wp\/v2\/posts\/12724\/revisions\/12726"}],"wp:featuredmedia":[{"embeddable":true,"href":"http:\/\/portalm\u0142awa.pl\/index.php?rest_route=\/wp\/v2\/media\/12725"}],"wp:attachment":[{"href":"http:\/\/portalm\u0142awa.pl\/index.php?rest_route=%2Fwp%2Fv2%2Fmedia&parent=12724"}],"wp:term":[{"taxonomy":"category","embeddable":true,"href":"http:\/\/portalm\u0142awa.pl\/index.php?rest_route=%2Fwp%2Fv2%2Fcategories&post=12724"},{"taxonomy":"post_tag","embeddable":true,"href":"http:\/\/portalm\u0142awa.pl\/index.php?rest_route=%2Fwp%2Fv2%2Ftags&post=12724"}],"curies":[{"name":"wp","href":"https:\/\/api.w.org\/{rel}","templated":true}]}}