{"id":12727,"date":"2026-01-13T11:02:30","date_gmt":"2026-01-13T10:02:30","guid":{"rendered":"http:\/\/portalm\u0142awa.pl\/?p=12727"},"modified":"2026-01-13T11:02:30","modified_gmt":"2026-01-13T10:02:30","slug":"magia-kurpiowskich-pastoralek-w-sercu-mlawy-wyjatkowy-koncert-galerii-13","status":"publish","type":"post","link":"http:\/\/portalm\u0142awa.pl\/?p=12727","title":{"rendered":"Magia Kurpiowskich Pastora\u0142ek w sercu M\u0142awy \u2013 wyj\u0105tkowy koncert Galerii 13!"},"content":{"rendered":"<p style=\"text-align: justify;\">Ju\u017c w niedziel\u0119, 18 stycznia 2026 r., o godzinie 19:00, po mszy wieczornej w ko\u015bciele parafialnym \u015aw. Tr\u00f3jcy w M\u0142awie, mieszka\u0144cy miasta b\u0119d\u0105 mieli niepowtarzaln\u0105 okazj\u0119 przenie\u015b\u0107 si\u0119 w niezwyk\u0142y \u015bwiat kurpiowskiej tradycji muzycznej. Galeria 13 zaprasza na koncert pastora\u0142ek \u2013 podr\u00f3\u017c przez d\u017awi\u0119ki i opowie\u015bci, kt\u00f3re od dziesi\u0119cioleci budz\u0105 zachwyt w sercach s\u0142uchaczy.<\/p>\n<p style=\"text-align: justify;\">\u00a0<strong>W ho\u0142dzie ks. W\u0142adys\u0142awowi Skierkowskiemu<\/strong><\/p>\n<p style=\"text-align: justify;\">Repertuar koncertu wywodzi si\u0119 prosto z Kurpiowskiej Puszczy Zielonej, w pie\u015bniach zebranych przez ks. W\u0142adys\u0142awa Skierkowskiego \u2013 duchownego, etnografa i pasjonata kultury kurpiowskiej, urodzonego w G\u0142u\u017cku pod M\u0142aw\u0105. 2026 rok jest szczeg\u00f3lny \u2013 obchodzimy 140. rocznic\u0119 jego urodzin i 85. rocznic\u0119 \u015bmierci, a koncert b\u0119dzie pi\u0119knym ho\u0142dem dla jego \u017cycia i dzie\u0142a.<\/p>\n<p style=\"text-align: justify;\">Ks. Skierkowski pisa\u0142:<\/p>\n<p style=\"text-align: justify;\">&#8220;\u015apiew Kurpi\u00f3w, tak w pie\u015bniach religijnych jak i \u015bwieckich, jest zawsze zgodny, czysty, harmonijny. Posiada t\u0119 przedziwn\u0105 barw\u0119, \u017ce rozrzewnia, do duszy wlewa sm\u0119tek, ko\u0142ysze\u2026 S\u0142yszy si\u0119 w tym \u015bpiewie co\u015b ze szmeru le\u015bnego, jakby echo le\u015bne\u2026&#8221;.<\/p>\n<p style=\"text-align: justify;\">\u00a0<strong>Trio \u015apiewu Przyczyna \u2013 stra\u017cniczki kurpiowskiej tradycji<\/strong><\/p>\n<p style=\"text-align: justify;\">W tym niezwyk\u0142ym wydarzeniu wyst\u0105pi Trio \u015apiewu Przyczyna \u2013 trzy Kurpianki, kt\u00f3re z pasj\u0105 piel\u0119gnuj\u0105 tradycyjny repertuar Puszczy Zielonej. To Joanna Turek z Wolkowych, Maria Weronika Kmoch z Jednoro\u017cca i Magdalena Samsel z Cyku \u2013 uczennice wiejskich \u015bpiewaczek, kt\u00f3re w swoich wyst\u0119pach \u0142\u0105cz\u0105 archiwalne nagrania z lat 50. i 60. XX w. oraz inspiracje wybitn\u0105 grup\u0105 Bandysionki. Dla nich \u015bpiew to nie tylko muzyka \u2013 to opowie\u015b\u0107 o korzeniach, to\u017csamo\u015bci i pi\u0119knie kurpiowskiej kultury.<\/p>\n<p style=\"text-align: justify;\"><strong>Dlaczego warto by\u0107 tam osobi\u015bcie?<\/strong><\/p>\n<p style=\"text-align: justify;\">To koncert, kt\u00f3ry nie tylko pozwala s\u0142ucha\u0107 pi\u0119knych pastora\u0142ek, ale te\u017c poczu\u0107 ducha Puszczy Zielonej, zatrzyma\u0107 si\u0119 w codziennym p\u0119dzie i odkry\u0107 na nowo bogactwo polskiej kultury ludowej. To wydarzenie pe\u0142ne emocji, tradycji i\u2026 niezwyk\u0142ej atmosfery, kt\u00f3rej nie da si\u0119 do\u015bwiadczy\u0107 nigdzie indziej.<\/p>\n<p style=\"text-align: justify;\">Nie przegap tego wyj\u0105tkowego wieczoru \u2013 przyjd\u017a, pos\u0142uchaj, wzrusz si\u0119 i daj si\u0119 porwa\u0107 magii kurpiowskich pastora\u0142ek!<\/p>\n<p style=\"text-align: justify;\">Organizatorzy: Parafia \u015aw. Stanis\u0142awa BM w M\u0142awie i Galeria 13<\/p>\n<p style=\"text-align: justify;\">T.B<\/p>\n<p style=\"text-align: justify;\">KOMENTARZE<\/p>\n<p style=\"text-align: justify;\">Wydawca portalu nie ponosi odpowiedzialno\u015bci za tre\u015b\u0107 komentarzy zamieszczanych przez u\u017cytkownik\u00f3w. Osoby zamieszczaj\u0105ce wypowiedzi naruszaj\u0105ce prawo lub prawem chronione dobra os\u00f3b trzecich mog\u0105 ponie\u015b\u0107 z tego tytu\u0142u odpowiedzialno\u015b\u0107 karn\u0105 lub cywiln\u0105.JEDNOCZE\u015aNIE UZYTKOWNICY ZAMIESZCZAJ\u0104C KOMENTARZ OSWIADCZAJ\u0104, \u017bE BIOR\u0104 PE\u0141N\u0104 ODPOWIEDZIALNO\u015a\u0106 ZA TRE\u015aCI UMIESZCZONE PRZEZ SIEBIE<\/p>\n<div style=\"padding-bottom:20px; padding-top:10px;\" class=\"hupso-share-buttons\"><!-- Hupso Share Buttons - https:\/\/www.hupso.com\/share\/ --><a class=\"hupso_pop\" href=\"https:\/\/www.hupso.com\/share\/\"><img decoding=\"async\" data-src=\"http:\/\/static.hupso.com\/share\/buttons\/button100x23.png\" style=\"border:0px; width:100; height: 23; \" alt=\"Share Button\" src=\"data:image\/svg+xml;base64,PHN2ZyB3aWR0aD0iMSIgaGVpZ2h0PSIxIiB4bWxucz0iaHR0cDovL3d3dy53My5vcmcvMjAwMC9zdmciPjwvc3ZnPg==\" class=\"lazyload\" \/><\/a><script type=\"text\/javascript\">var hupso_services=new Array(\"Twitter\",\"Facebook\",\"Pinterest\",\"Linkedin\",\"Tumblr\",\"StumbleUpon\",\"Digg\",\"Reddit\",\"Bebo\",\"Delicious\",\"QZone\",\"Renren\",\"Email\");var hupso_icon_type = \"labels\";var hupso_background=\"#3BF8FF\";var hupso_border=\"#FF2B0A\";var hupso_image_folder_url = \"\";var hupso_url=\"\";var hupso_title=\"Magia%20Kurpiowskich%20Pastora%C5%82ek%20w%20sercu%20M%C5%82awy%20%E2%80%93%20wyj%C4%85tkowy%20koncert%20Galerii%2013%21\";<\/script><script type=\"text\/javascript\" src=\"http:\/\/static.hupso.com\/share\/js\/share.js\"><\/script><!-- Hupso Share Buttons --><\/div>","protected":false},"excerpt":{"rendered":"<p>Ju\u017c w niedziel\u0119, 18 stycznia 2026 r., o godzinie 19:00, po mszy wieczornej w ko\u015bciele parafialnym \u015aw. Tr\u00f3jcy w M\u0142awie, mieszka\u0144cy miasta b\u0119d\u0105 mieli niepowtarzaln\u0105 okazj\u0119 przenie\u015b\u0107 si\u0119 w niezwyk\u0142y&hellip; <\/p>\n<div style=\"padding-bottom:20px; padding-top:10px;\" class=\"hupso-share-buttons\"><!-- Hupso Share Buttons - https:\/\/www.hupso.com\/share\/ --><a class=\"hupso_pop\" href=\"https:\/\/www.hupso.com\/share\/\"><img data-src=\"http:\/\/static.hupso.com\/share\/buttons\/button100x23.png\" style=\"border:0px; width:100; height: 23; \" alt=\"Share Button\" src=\"data:image\/svg+xml;base64,PHN2ZyB3aWR0aD0iMSIgaGVpZ2h0PSIxIiB4bWxucz0iaHR0cDovL3d3dy53My5vcmcvMjAwMC9zdmciPjwvc3ZnPg==\" class=\"lazyload\" \/><\/a><script type=\"text\/javascript\">var hupso_services=new Array(\"Twitter\",\"Facebook\",\"Pinterest\",\"Linkedin\",\"Tumblr\",\"StumbleUpon\",\"Digg\",\"Reddit\",\"Bebo\",\"Delicious\",\"QZone\",\"Renren\",\"Email\");var hupso_icon_type = \"labels\";var hupso_background=\"#3BF8FF\";var hupso_border=\"#FF2B0A\";var hupso_image_folder_url = \"\";var hupso_url=\"\";var hupso_title=\"Magia%20Kurpiowskich%20Pastora%C5%82ek%20w%20sercu%20M%C5%82awy%20%E2%80%93%20wyj%C4%85tkowy%20koncert%20Galerii%2013%21\";<\/script><script type=\"text\/javascript\" src=\"http:\/\/static.hupso.com\/share\/js\/share.js\"><\/script><!-- Hupso Share Buttons --><\/div>","protected":false},"author":1,"featured_media":12728,"comment_status":"open","ping_status":"open","sticky":false,"template":"","format":"standard","meta":{"_acf_changed":false,"wprm-recipe-roundup-name":"","wprm-recipe-roundup-description":"","footnotes":""},"categories":[19,3,28,696,6],"tags":[],"class_list":["post-12727","post","type-post","status-publish","format-standard","has-post-thumbnail","hentry","category-aktualnosci","category-kultura","category-wyd","category-zaproszenia","category-zapro-szenia"],"acf":[],"amp_enabled":true,"_links":{"self":[{"href":"http:\/\/portalm\u0142awa.pl\/index.php?rest_route=\/wp\/v2\/posts\/12727","targetHints":{"allow":["GET"]}}],"collection":[{"href":"http:\/\/portalm\u0142awa.pl\/index.php?rest_route=\/wp\/v2\/posts"}],"about":[{"href":"http:\/\/portalm\u0142awa.pl\/index.php?rest_route=\/wp\/v2\/types\/post"}],"author":[{"embeddable":true,"href":"http:\/\/portalm\u0142awa.pl\/index.php?rest_route=\/wp\/v2\/users\/1"}],"replies":[{"embeddable":true,"href":"http:\/\/portalm\u0142awa.pl\/index.php?rest_route=%2Fwp%2Fv2%2Fcomments&post=12727"}],"version-history":[{"count":1,"href":"http:\/\/portalm\u0142awa.pl\/index.php?rest_route=\/wp\/v2\/posts\/12727\/revisions"}],"predecessor-version":[{"id":12729,"href":"http:\/\/portalm\u0142awa.pl\/index.php?rest_route=\/wp\/v2\/posts\/12727\/revisions\/12729"}],"wp:featuredmedia":[{"embeddable":true,"href":"http:\/\/portalm\u0142awa.pl\/index.php?rest_route=\/wp\/v2\/media\/12728"}],"wp:attachment":[{"href":"http:\/\/portalm\u0142awa.pl\/index.php?rest_route=%2Fwp%2Fv2%2Fmedia&parent=12727"}],"wp:term":[{"taxonomy":"category","embeddable":true,"href":"http:\/\/portalm\u0142awa.pl\/index.php?rest_route=%2Fwp%2Fv2%2Fcategories&post=12727"},{"taxonomy":"post_tag","embeddable":true,"href":"http:\/\/portalm\u0142awa.pl\/index.php?rest_route=%2Fwp%2Fv2%2Ftags&post=12727"}],"curies":[{"name":"wp","href":"https:\/\/api.w.org\/{rel}","templated":true}]}}