{"id":12806,"date":"2026-01-16T16:40:59","date_gmt":"2026-01-16T15:40:59","guid":{"rendered":"http:\/\/portalm\u0142awa.pl\/?p=12806"},"modified":"2026-01-16T16:40:59","modified_gmt":"2026-01-16T15:40:59","slug":"ksiazka-wraca-do-centrum-szkolnego-zycia-powiat-mlawski-zainwestowal-w-czytelnictwo-mlodziezy","status":"publish","type":"post","link":"http:\/\/portalm\u0142awa.pl\/?p=12806","title":{"rendered":"Ksi\u0105\u017cka wraca do centrum szkolnego \u017cycia. Powiat M\u0142awski zainwestowa\u0142 w czytelnictwo m\u0142odzie\u017cy"},"content":{"rendered":"<p style=\"text-align: justify;\">W czasach, gdy uwaga m\u0142odych ludzi coraz cz\u0119\u015bciej rozprasza si\u0119 mi\u0119dzy ekranami smartfon\u00f3w, Powiat M\u0142awski postawi\u0142 na narz\u0119dzie stare jak cywilizacja, a wci\u0105\u017c niezast\u0105pione \u2013 ksi\u0105\u017ck\u0119. Rok 2025 przyni\u00f3s\u0142 realne wzmocnienie szkolnych bibliotek dzi\u0119ki realizacji Priorytetu 3 \u201eNarodowego Programu Rozwoju Czytelnictwa 2.0 na lata 2021\u20132025\u201d. To nie by\u0142a symboliczna inicjatywa, lecz konkretna inwestycja w kultur\u0119, edukacj\u0119 i kompetencje przysz\u0142ych pokole\u0144.<\/p>\n<p style=\"text-align: justify;\"><strong>40 tysi\u0119cy z\u0142otych, cztery szko\u0142y, jeden cel<\/strong><\/p>\n<p style=\"text-align: justify;\">Na realizacj\u0119 programu Powiat M\u0142awski pozyska\u0142 40 000 z\u0142 dotacji celowej od Wojewody Mazowieckiego. \u015arodki trafi\u0142y do czterech szk\u00f3\u0142 ponadpodstawowych w M\u0142awie:<\/p>\n<p style=\"text-align: justify;\">&#8211; Technikum nr 2 im. Antoniny Mrozowskiej (Zesp\u00f3\u0142 Szk\u00f3\u0142 nr 2),<\/p>\n<p style=\"text-align: justify;\">&#8211; III Liceum Og\u00f3lnokszta\u0142c\u0105ce w Zespole Szk\u00f3\u0142 nr 3 im. Marsza\u0142ka J\u00f3zefa Pi\u0142sudskiego,<\/p>\n<p style=\"text-align: justify;\">&#8211; I Liceum Og\u00f3lnokszta\u0142c\u0105ce im. Stanis\u0142awa Wyspia\u0144skiego,<\/p>\n<p style=\"text-align: justify;\">&#8211; Technikum nr 4 w Zespole Szk\u00f3\u0142 nr 4 im. Obro\u0144c\u00f3w M\u0142awy z Wrze\u015bnia 1939 r.<\/p>\n<p style=\"text-align: justify;\">Zgodnie z za\u0142o\u017ceniami programu co najmniej po\u0142owa \u015brodk\u00f3w zosta\u0142a przeznaczona na zakup ksi\u0105\u017cek \u2013 nowo\u015bci wydawniczych, nieb\u0119d\u0105cych podr\u0119cznikami. Szczeg\u00f3lny nacisk po\u0142o\u017cono na literatur\u0119 historyczn\u0105, w tym po\u015bwi\u0119con\u0105 historii Polski XX wieku, oraz na lektury szkolne, kt\u00f3re wci\u0105\u017c pozostaj\u0105 fundamentem edukacji humanistycznej.<\/p>\n<p style=\"text-align: justify;\"><strong>968 ksi\u0105\u017cek i nowa jako\u015b\u0107 bibliotek<\/strong><\/p>\n<p style=\"text-align: justify;\">Efekty? 968 nowych ksi\u0105\u017cek, ale tak\u017ce co\u015b wi\u0119cej ni\u017c same woluminy. Szkolne biblioteki zyska\u0142y:<\/p>\n<p style=\"text-align: justify;\">&#8211; nowe rega\u0142y,<\/p>\n<p style=\"text-align: justify;\">&#8211; biurka dla bibliotekarzy,<\/p>\n<p style=\"text-align: justify;\">&#8211; stoliki, fotele i kanapy dla uczni\u00f3w,<\/p>\n<p style=\"text-align: justify;\">&#8211; sztalugi do prezentacji nowo\u015bci i prac uczniowskich.<\/p>\n<p style=\"text-align: justify;\">Biblioteka przesta\u0142a by\u0107 \u201ecichym zapleczem szko\u0142y\u201d. Sta\u0142a si\u0119 przestrzeni\u0105 spotka\u0144, rozm\u00f3w i \u015bwiadomego kontaktu z kultur\u0105. Nowe wyposa\u017cenie poprawi\u0142o estetyk\u0119 i funkcjonalno\u015b\u0107 wn\u0119trz, tworz\u0105c miejsca przyjazne, nowoczesne i zach\u0119caj\u0105ce do sp\u0119dzania czasu z ksi\u0105\u017ck\u0105.<\/p>\n<p style=\"text-align: justify;\"><strong>Czytelnictwo, kt\u00f3re naprawd\u0119 dzia\u0142a<\/strong><\/p>\n<p style=\"text-align: justify;\">Realizacja programu w 2025 roku przynios\u0142a wymierne rezultaty. Zauwa\u017calnie wzros\u0142a liczba uczni\u00f3w odwiedzaj\u0105cych biblioteki, a m\u0142odzie\u017c coraz ch\u0119tniej sp\u0119dza w nich przerwy i czas wolny. Biblioteki zacz\u0119\u0142y \u017cy\u0107 \u2013 nie jako obowi\u0105zek, lecz jako alternatywa dla ekran\u00f3w.<\/p>\n<p style=\"text-align: justify;\">Program umo\u017cliwi\u0142 tak\u017ce lepsze dostosowanie oferty bibliotecznej do realnych zainteresowa\u0144 m\u0142odych ludzi oraz realizacj\u0119 inicjatyw rozwijaj\u0105cych kompetencje czytelnicze, tak istotne dla dalszej edukacji i \u015bwiadomego uczestnictwa w \u017cyciu spo\u0142ecznym.<\/p>\n<p style=\"text-align: justify;\"><strong>Czwarty raz \u2013 i coraz mocniej<\/strong><\/p>\n<p style=\"text-align: justify;\">To ju\u017c czwarte wsparcie dla Powiatu M\u0142awskiego w ramach Narodowego Programu Rozwoju Czytelnictwa. Dla por\u00f3wnania:<\/p>\n<p style=\"text-align: justify;\">2022 r. \u2013 27 000 z\u0142 (3 szko\u0142y),<\/p>\n<p style=\"text-align: justify;\">2023 r. \u2013 28 000 z\u0142 (3 szko\u0142y),<\/p>\n<p style=\"text-align: justify;\">2024 r. \u2013 23 000 z\u0142 (4 szko\u0142y),<\/p>\n<p style=\"text-align: justify;\">2025 r. \u2013 40 000 z\u0142 (4 szko\u0142y).<\/p>\n<p style=\"text-align: justify;\">Wzrost kwoty pokazuje, \u017ce program nie tylko trwa, ale te\u017c zyskuje na znaczeniu. Warto przy tym pami\u0119ta\u0107, \u017ce wysoko\u015b\u0107 dotacji uzale\u017cniona jest od liczby uczni\u00f3w zg\u0142oszonych do Systemu Informacji O\u015bwiatowej, a w przypadku zespo\u0142\u00f3w szk\u00f3\u0142 wsparcie mo\u017ce dotyczy\u0107 tylko jednego typu szko\u0142y w danym roku.<\/p>\n<p style=\"text-align: justify;\"><strong>Dobra inwestycja w przysz\u0142o\u015b\u0107<\/strong><\/p>\n<p style=\"text-align: justify;\">Umowa z Mazowieckim Kuratorem O\u015bwiaty zosta\u0142a podpisana 25 marca 2025 roku, a \u015brodki mog\u0142y by\u0107 wydatkowane do 31 grudnia 2025 r. Wk\u0142ad w\u0142asny Powiatu M\u0142awskiego wyni\u00f3s\u0142 10 000 z\u0142, co pokazuje realne zaanga\u017cowanie samorz\u0105du w rozw\u00f3j edukacji.<\/p>\n<p style=\"text-align: justify;\">To inwestycja, kt\u00f3rej efekt\u00f3w nie da si\u0119 zmierzy\u0107 jedynie liczb\u0105 ksi\u0105\u017cek czy mebli. Jej prawdziwa warto\u015b\u0107 ujawni si\u0119 w kompetencjach m\u0142odych ludzi \u2013 w umiej\u0119tno\u015bci czytania ze zrozumieniem, krytycznego my\u015blenia i \u015bwiadomego poruszania si\u0119 po \u015bwiecie informacji.<\/p>\n<p style=\"text-align: justify;\">Bo szko\u0142a, w kt\u00f3rej biblioteka t\u0119tni \u017cyciem, to szko\u0142a, kt\u00f3ra naprawd\u0119 przygotowuje do przysz\u0142o\u015bci.<\/p>\n<p>T.B<\/p>\n<p style=\"text-align: justify;\">KOMENTARZE<\/p>\n<p style=\"text-align: justify;\">Wydawca portalu nie ponosi odpowiedzialno\u015bci za tre\u015b\u0107 komentarzy zamieszczanych przez u\u017cytkownik\u00f3w. Osoby zamieszczaj\u0105ce wypowiedzi naruszaj\u0105ce prawo lub prawem chronione dobra os\u00f3b trzecich mog\u0105 ponie\u015b\u0107 z tego tytu\u0142u odpowiedzialno\u015b\u0107 karn\u0105 lub cywiln\u0105.JEDNOCZE\u015aNIE UZYTKOWNICY ZAMIESZCZAJ\u0104C KOMENTARZ OSWIADCZAJ\u0104, \u017bE BIOR\u0104 PE\u0141N\u0104 ODPOWIEDZIALNO\u015a\u0106 ZA TRE\u015aCI UMIESZCZONE PRZEZ SIEBIE<\/p>\n<div style=\"padding-bottom:20px; padding-top:10px;\" class=\"hupso-share-buttons\"><!-- Hupso Share Buttons - https:\/\/www.hupso.com\/share\/ --><a class=\"hupso_pop\" href=\"https:\/\/www.hupso.com\/share\/\"><img decoding=\"async\" data-src=\"http:\/\/static.hupso.com\/share\/buttons\/button100x23.png\" style=\"border:0px; width:100; height: 23; \" alt=\"Share Button\" src=\"data:image\/svg+xml;base64,PHN2ZyB3aWR0aD0iMSIgaGVpZ2h0PSIxIiB4bWxucz0iaHR0cDovL3d3dy53My5vcmcvMjAwMC9zdmciPjwvc3ZnPg==\" class=\"lazyload\" \/><\/a><script type=\"text\/javascript\">var hupso_services=new Array(\"Twitter\",\"Facebook\",\"Pinterest\",\"Linkedin\",\"Tumblr\",\"StumbleUpon\",\"Digg\",\"Reddit\",\"Bebo\",\"Delicious\",\"QZone\",\"Renren\",\"Email\");var hupso_icon_type = \"labels\";var hupso_background=\"#3BF8FF\";var hupso_border=\"#FF2B0A\";var hupso_image_folder_url = \"\";var hupso_url=\"\";var hupso_title=\"Ksi%C4%85%C5%BCka%20wraca%20do%20centrum%20szkolnego%20%C5%BCycia.%20Powiat%20M%C5%82awski%20zainwestowa%C5%82%20w%20czytelnictwo%20m%C5%82odzie%C5%BCy\";<\/script><script type=\"text\/javascript\" src=\"http:\/\/static.hupso.com\/share\/js\/share.js\"><\/script><!-- Hupso Share Buttons --><\/div>","protected":false},"excerpt":{"rendered":"<p>W czasach, gdy uwaga m\u0142odych ludzi coraz cz\u0119\u015bciej rozprasza si\u0119 mi\u0119dzy ekranami smartfon\u00f3w, Powiat M\u0142awski postawi\u0142 na narz\u0119dzie stare jak cywilizacja, a wci\u0105\u017c niezast\u0105pione \u2013 ksi\u0105\u017ck\u0119. Rok 2025 przyni\u00f3s\u0142 realne&hellip; <\/p>\n<div style=\"padding-bottom:20px; padding-top:10px;\" class=\"hupso-share-buttons\"><!-- Hupso Share Buttons - https:\/\/www.hupso.com\/share\/ --><a class=\"hupso_pop\" href=\"https:\/\/www.hupso.com\/share\/\"><img data-src=\"http:\/\/static.hupso.com\/share\/buttons\/button100x23.png\" style=\"border:0px; width:100; height: 23; \" alt=\"Share Button\" src=\"data:image\/svg+xml;base64,PHN2ZyB3aWR0aD0iMSIgaGVpZ2h0PSIxIiB4bWxucz0iaHR0cDovL3d3dy53My5vcmcvMjAwMC9zdmciPjwvc3ZnPg==\" class=\"lazyload\" \/><\/a><script type=\"text\/javascript\">var hupso_services=new Array(\"Twitter\",\"Facebook\",\"Pinterest\",\"Linkedin\",\"Tumblr\",\"StumbleUpon\",\"Digg\",\"Reddit\",\"Bebo\",\"Delicious\",\"QZone\",\"Renren\",\"Email\");var hupso_icon_type = \"labels\";var hupso_background=\"#3BF8FF\";var hupso_border=\"#FF2B0A\";var hupso_image_folder_url = \"\";var hupso_url=\"\";var hupso_title=\"Ksi%C4%85%C5%BCka%20wraca%20do%20centrum%20szkolnego%20%C5%BCycia.%20Powiat%20M%C5%82awski%20zainwestowa%C5%82%20w%20czytelnictwo%20m%C5%82odzie%C5%BCy\";<\/script><script type=\"text\/javascript\" src=\"http:\/\/static.hupso.com\/share\/js\/share.js\"><\/script><!-- Hupso Share Buttons --><\/div>","protected":false},"author":1,"featured_media":12807,"comment_status":"open","ping_status":"open","sticky":false,"template":"","format":"standard","meta":{"_acf_changed":false,"wprm-recipe-roundup-name":"","wprm-recipe-roundup-description":"","footnotes":""},"categories":[19,3,28],"tags":[],"class_list":["post-12806","post","type-post","status-publish","format-standard","has-post-thumbnail","hentry","category-aktualnosci","category-kultura","category-wyd"],"acf":[],"amp_enabled":true,"_links":{"self":[{"href":"http:\/\/portalm\u0142awa.pl\/index.php?rest_route=\/wp\/v2\/posts\/12806","targetHints":{"allow":["GET"]}}],"collection":[{"href":"http:\/\/portalm\u0142awa.pl\/index.php?rest_route=\/wp\/v2\/posts"}],"about":[{"href":"http:\/\/portalm\u0142awa.pl\/index.php?rest_route=\/wp\/v2\/types\/post"}],"author":[{"embeddable":true,"href":"http:\/\/portalm\u0142awa.pl\/index.php?rest_route=\/wp\/v2\/users\/1"}],"replies":[{"embeddable":true,"href":"http:\/\/portalm\u0142awa.pl\/index.php?rest_route=%2Fwp%2Fv2%2Fcomments&post=12806"}],"version-history":[{"count":1,"href":"http:\/\/portalm\u0142awa.pl\/index.php?rest_route=\/wp\/v2\/posts\/12806\/revisions"}],"predecessor-version":[{"id":12808,"href":"http:\/\/portalm\u0142awa.pl\/index.php?rest_route=\/wp\/v2\/posts\/12806\/revisions\/12808"}],"wp:featuredmedia":[{"embeddable":true,"href":"http:\/\/portalm\u0142awa.pl\/index.php?rest_route=\/wp\/v2\/media\/12807"}],"wp:attachment":[{"href":"http:\/\/portalm\u0142awa.pl\/index.php?rest_route=%2Fwp%2Fv2%2Fmedia&parent=12806"}],"wp:term":[{"taxonomy":"category","embeddable":true,"href":"http:\/\/portalm\u0142awa.pl\/index.php?rest_route=%2Fwp%2Fv2%2Fcategories&post=12806"},{"taxonomy":"post_tag","embeddable":true,"href":"http:\/\/portalm\u0142awa.pl\/index.php?rest_route=%2Fwp%2Fv2%2Ftags&post=12806"}],"curies":[{"name":"wp","href":"https:\/\/api.w.org\/{rel}","templated":true}]}}