{"id":12819,"date":"2026-01-16T19:14:17","date_gmt":"2026-01-16T18:14:17","guid":{"rendered":"http:\/\/portalm\u0142awa.pl\/?p=12819"},"modified":"2026-01-16T19:14:17","modified_gmt":"2026-01-16T18:14:17","slug":"beskid-wyspowy-zimowym-poligonem-strzelcow-wyborowych-i-snajperow","status":"publish","type":"post","link":"http:\/\/portalm\u0142awa.pl\/?p=12819","title":{"rendered":"BESKID WYSPOWY ZIMOWYM POLIGONEM STRZELC\u00d3W WYBOROWYCH I SNAJPER\u00d3W"},"content":{"rendered":"<div style=\"color: #000000; font-family: Calibri, Helvetica, sans-serif, EmojiFont, 'Apple Color Emoji', 'Segoe UI Emoji', NotoColorEmoji, 'Segoe UI Symbol', 'Android Emoji', EmojiSymbols;\">\n<p class=\"gwp0f2d4b8c_MsoNormal\" style=\"margin-bottom: 0cm; line-height: 18.4px; text-align: justify;\"><b>Kilkunastogodzinne dzia\u0142ania w mrozie, przemieszczanie si\u0119 na nartach skiturowych i obserwacja prowadzona w \u015bnie\u017cnej scenerii \u2013 tak wygl\u0105da zimowe zgrupowanie strzelc\u00f3w wyborowych i snajper\u00f3w Wojsk Obrony Terytorialnej, kt\u00f3re odbywa si\u0119 w Beskidzie Wyspowym.<\/b><\/p>\n<p class=\"gwp0f2d4b8c_MsoNormal\" style=\"margin-bottom: 0cm; line-height: 18.4px; text-align: justify;\">Silny mr\u00f3z, opady \u015bniegu i ograniczona widoczno\u015b\u0107 \u2013 w takich warunkach, charakterystycznych dla obecnej zimy, w dniach 9 \u201318 stycznia br. realizowane jest zgrupowanie strzelc\u00f3w wyborowych, snajper\u00f3w i obserwator\u00f3w. Szkolenie odbywa si\u0119 w wymagaj\u0105cym terenie Beskidu Wyspowego i zgromadzi\u0142o ponad 35 \u017co\u0142nierzy z Brygad oraz Centrum Szkolenia WOT i 21 Brygady Strzelc\u00f3w Podhala\u0144skich.\u00a0<b>Organizatorem zgrupowania jest 5 Mazowiecka Brygada Obrony Terytorialnej, a rol\u0119 gospodarza pe\u0142ni 114 Limanowski Batalion Lekkiej Piechoty (11 Ma\u0142opolska Brygada OT).<\/b><\/p>\n<p class=\"gwp0f2d4b8c_MsoNormal\" style=\"margin-bottom: 0cm; line-height: 18.4px; text-align: justify;\">Zgrupowanie zosta\u0142o zaplanowane tak, aby maksymalnie wykorzysta\u0107 realne, trudne warunki terenowe i pogodowe, z jakimi \u017co\u0142nierze mog\u0105 spotka\u0107 si\u0119 podczas dzia\u0142a\u0144 bojowych.\u00a0<b>Kilkunastogodzinne epizody taktyczne<\/b>\u00a0realizowane s\u0105 przy ujemnych temperaturach, w g\u0142\u0119bokim \u015bniegu i w terenie g\u00f3rskim, kt\u00f3ry wymaga nie tylko\u00a0<b>doskona\u0142ej kondycji fizycznej<\/b>, ale r\u00f3wnie\u017c\u00a0<b>precyzyjnego planowania i wsp\u00f3\u0142dzia\u0142ania w zespo\u0142ach<\/b>.<\/p>\n<p class=\"gwp0f2d4b8c_MsoNormal\" style=\"margin-bottom: 0cm; line-height: 18.4px; text-align: justify;\">Jednym z kluczowych element\u00f3w szkolenia jest przemieszczanie si\u0119 w terenie g\u00f3rzystym z wykorzystaniem nart skiturowych, a tak\u017ce organizacja posterunk\u00f3w obserwacyjnych. \u017bo\u0142nierze\u00a0<b>\u0107wicz\u0105 przetrwanie i prowadzenie obserwacji w warunkach ograniczonego komfortu<\/b>. Szczeg\u00f3ln\u0105 uwag\u0119 po\u015bwi\u0119cono maskowaniu zimowemu, w tym ochronie przed wykryciem przez termowizj\u0119. W trakcie szkolenia \u017co\u0142nierze analizuj\u0105, jak niska temperatura, opady \u015bniegu i zmienna pogoda wp\u0142ywaj\u0105 na obserwacj\u0119 prowadzon\u0105 z u\u017cyciem bezza\u0142ogowych statk\u00f3w powietrznych, r\u00f3wnie\u017c tych wyposa\u017conych w kamery termowizyjne.<\/p>\n<p class=\"gwp0f2d4b8c_MsoNormal\" style=\"margin-bottom: 0cm; line-height: 18.4px; text-align: justify;\"><i>&#8211; Zima bardzo szybko weryfikuje przygotowanie \u017co\u0142nierza. Mr\u00f3z, \u015bnieg i wiatr nie wybaczaj\u0105 b\u0142\u0119d\u00f3w \u2013 ani w planowaniu, ani w wyposa\u017ceniu. Podczas tego zgrupowania dzia\u0142amy d\u0142ugo i w pe\u0142nym obci\u0105\u017ceniu, sprawdzaj\u0105c odporno\u015b\u0107 fizyczn\u0105 i wsp\u00f3\u0142dzia\u0142anie zespo\u0142\u00f3w. Takie szkolenia buduj\u0105 nie tylko umiej\u0119tno\u015bci, ale te\u017c zaufanie i skuteczno\u015b\u0107 ca\u0142ych sekcji snajperskich.<\/i>\u00a0\u2013\u00a0<b>zaznaczy\u0142 st.kpr. Micha\u0142, instruktor z 5 Mazowieckiej Brygady OT<\/b><\/p>\n<p class=\"gwp0f2d4b8c_MsoNormal\" style=\"margin-bottom: 0cm; line-height: 18.4px; text-align: justify;\">Zgrupowanie w Beskidzie Wyspowym jest kolejnym krokiem w podnoszeniu poziomu wyszkolenia specjalist\u00f3w WOT, potwierdzaj\u0105c ich gotowo\u015b\u0107 do realizacji zada\u0144 w zr\u00f3\u017cnicowanym terenie i w warunkach wymagaj\u0105cych najwy\u017cszego poziomu przygotowania.<\/p>\n<\/div>\n<div id=\"gwp0f2d4b8c_Signature\" style=\"color: #000000; font-family: Calibri, Helvetica, sans-serif, EmojiFont, 'Apple Color Emoji', 'Segoe UI Emoji', NotoColorEmoji, 'Segoe UI Symbol', 'Android Emoji', EmojiSymbols;\">\n<div id=\"gwp0f2d4b8c_divtagdefaultwrapper\" dir=\"ltr\" style=\"font-size: 12pt;\">\n<p class=\"gwp0f2d4b8c_MsoNormal\" style=\"text-align: justify;\"><b><span style=\"font-size: 8pt; font-family: Arial, Helvetica, sans-serif; color: #5b491f;\">st. kpr. El\u017cbieta OBR\u0118BSKA<\/span><\/b><\/p>\n<p style=\"box-sizing: border-box; margin-top: 0px; margin-bottom: 15px; color: #555555; font-family: Roboto, sans-serif; font-size: 15px; text-align: justify;\">KOMENTARZE<\/p>\n<p style=\"box-sizing: border-box; margin-top: 0px; margin-bottom: 15px; color: #555555; font-family: Roboto, sans-serif; font-size: 15px; text-align: justify;\">Wydawca portalu nie ponosi odpowiedzialno\u015bci za tre\u015b\u0107 komentarzy zamieszczanych przez u\u017cytkownik\u00f3w. Osoby zamieszczaj\u0105ce wypowiedzi naruszaj\u0105ce prawo lub prawem chronione dobra os\u00f3b trzecich mog\u0105 ponie\u015b\u0107 z tego tytu\u0142u odpowiedzialno\u015b\u0107 karn\u0105 lub cywiln\u0105.JEDNOCZE\u015aNIE UZYTKOWNICY ZAMIESZCZAJ\u0104C KOMENTARZ OSWIADCZAJ\u0104, \u017bE BIOR\u0104 PE\u0141N\u0104 ODPOWIEDZIALNO\u015a\u0106 ZA TRE\u015aCI UMIESZCZONE PRZEZ SIEBIE<\/p>\n<\/div>\n<\/div>\n<div style=\"padding-bottom:20px; padding-top:10px;\" class=\"hupso-share-buttons\"><!-- Hupso Share Buttons - https:\/\/www.hupso.com\/share\/ --><a class=\"hupso_pop\" href=\"https:\/\/www.hupso.com\/share\/\"><img decoding=\"async\" data-src=\"http:\/\/static.hupso.com\/share\/buttons\/button100x23.png\" style=\"border:0px; width:100; height: 23; \" alt=\"Share Button\" src=\"data:image\/svg+xml;base64,PHN2ZyB3aWR0aD0iMSIgaGVpZ2h0PSIxIiB4bWxucz0iaHR0cDovL3d3dy53My5vcmcvMjAwMC9zdmciPjwvc3ZnPg==\" class=\"lazyload\" \/><\/a><script type=\"text\/javascript\">var hupso_services=new Array(\"Twitter\",\"Facebook\",\"Pinterest\",\"Linkedin\",\"Tumblr\",\"StumbleUpon\",\"Digg\",\"Reddit\",\"Bebo\",\"Delicious\",\"QZone\",\"Renren\",\"Email\");var hupso_icon_type = \"labels\";var hupso_background=\"#3BF8FF\";var hupso_border=\"#FF2B0A\";var hupso_image_folder_url = \"\";var hupso_url=\"\";var hupso_title=\"BESKID%20WYSPOWY%20ZIMOWYM%20POLIGONEM%20STRZELC%C3%93W%20WYBOROWYCH%20I%20SNAJPER%C3%93W\";<\/script><script type=\"text\/javascript\" src=\"http:\/\/static.hupso.com\/share\/js\/share.js\"><\/script><!-- Hupso Share Buttons --><\/div>","protected":false},"excerpt":{"rendered":"<p>Kilkunastogodzinne dzia\u0142ania w mrozie, przemieszczanie si\u0119 na nartach skiturowych i obserwacja prowadzona w \u015bnie\u017cnej scenerii \u2013 tak wygl\u0105da zimowe zgrupowanie strzelc\u00f3w wyborowych i snajper\u00f3w Wojsk Obrony Terytorialnej, kt\u00f3re odbywa si\u0119&hellip; <\/p>\n<div style=\"padding-bottom:20px; padding-top:10px;\" class=\"hupso-share-buttons\"><!-- Hupso Share Buttons - https:\/\/www.hupso.com\/share\/ --><a class=\"hupso_pop\" href=\"https:\/\/www.hupso.com\/share\/\"><img data-src=\"http:\/\/static.hupso.com\/share\/buttons\/button100x23.png\" style=\"border:0px; width:100; height: 23; \" alt=\"Share Button\" src=\"data:image\/svg+xml;base64,PHN2ZyB3aWR0aD0iMSIgaGVpZ2h0PSIxIiB4bWxucz0iaHR0cDovL3d3dy53My5vcmcvMjAwMC9zdmciPjwvc3ZnPg==\" class=\"lazyload\" \/><\/a><script type=\"text\/javascript\">var hupso_services=new Array(\"Twitter\",\"Facebook\",\"Pinterest\",\"Linkedin\",\"Tumblr\",\"StumbleUpon\",\"Digg\",\"Reddit\",\"Bebo\",\"Delicious\",\"QZone\",\"Renren\",\"Email\");var hupso_icon_type = \"labels\";var hupso_background=\"#3BF8FF\";var hupso_border=\"#FF2B0A\";var hupso_image_folder_url = \"\";var hupso_url=\"\";var hupso_title=\"BESKID%20WYSPOWY%20ZIMOWYM%20POLIGONEM%20STRZELC%C3%93W%20WYBOROWYCH%20I%20SNAJPER%C3%93W\";<\/script><script type=\"text\/javascript\" src=\"http:\/\/static.hupso.com\/share\/js\/share.js\"><\/script><!-- Hupso Share Buttons --><\/div>","protected":false},"author":1,"featured_media":12820,"comment_status":"open","ping_status":"open","sticky":false,"template":"","format":"standard","meta":{"_acf_changed":false,"wprm-recipe-roundup-name":"","wprm-recipe-roundup-description":"","footnotes":""},"categories":[19,28],"tags":[],"class_list":["post-12819","post","type-post","status-publish","format-standard","has-post-thumbnail","hentry","category-aktualnosci","category-wyd"],"acf":[],"amp_enabled":true,"_links":{"self":[{"href":"http:\/\/portalm\u0142awa.pl\/index.php?rest_route=\/wp\/v2\/posts\/12819","targetHints":{"allow":["GET"]}}],"collection":[{"href":"http:\/\/portalm\u0142awa.pl\/index.php?rest_route=\/wp\/v2\/posts"}],"about":[{"href":"http:\/\/portalm\u0142awa.pl\/index.php?rest_route=\/wp\/v2\/types\/post"}],"author":[{"embeddable":true,"href":"http:\/\/portalm\u0142awa.pl\/index.php?rest_route=\/wp\/v2\/users\/1"}],"replies":[{"embeddable":true,"href":"http:\/\/portalm\u0142awa.pl\/index.php?rest_route=%2Fwp%2Fv2%2Fcomments&post=12819"}],"version-history":[{"count":1,"href":"http:\/\/portalm\u0142awa.pl\/index.php?rest_route=\/wp\/v2\/posts\/12819\/revisions"}],"predecessor-version":[{"id":12821,"href":"http:\/\/portalm\u0142awa.pl\/index.php?rest_route=\/wp\/v2\/posts\/12819\/revisions\/12821"}],"wp:featuredmedia":[{"embeddable":true,"href":"http:\/\/portalm\u0142awa.pl\/index.php?rest_route=\/wp\/v2\/media\/12820"}],"wp:attachment":[{"href":"http:\/\/portalm\u0142awa.pl\/index.php?rest_route=%2Fwp%2Fv2%2Fmedia&parent=12819"}],"wp:term":[{"taxonomy":"category","embeddable":true,"href":"http:\/\/portalm\u0142awa.pl\/index.php?rest_route=%2Fwp%2Fv2%2Fcategories&post=12819"},{"taxonomy":"post_tag","embeddable":true,"href":"http:\/\/portalm\u0142awa.pl\/index.php?rest_route=%2Fwp%2Fv2%2Ftags&post=12819"}],"curies":[{"name":"wp","href":"https:\/\/api.w.org\/{rel}","templated":true}]}}