{"id":12822,"date":"2026-01-16T19:26:45","date_gmt":"2026-01-16T18:26:45","guid":{"rendered":"http:\/\/portalm\u0142awa.pl\/?p=12822"},"modified":"2026-01-16T19:27:28","modified_gmt":"2026-01-16T18:27:28","slug":"mdzewo-kierujacy-bez-uprawnien-zatrzymany-do-kontroli","status":"publish","type":"post","link":"http:\/\/portalm\u0142awa.pl\/?p=12822","title":{"rendered":"Mdzewo: kieruj\u0105cy bez uprawnie\u0144 zatrzymany do kontroli"},"content":{"rendered":"<div style=\"color: #2c2f45; font-family: Verdana, Arial, Helvetica, sans-serif; font-size: inherit;\"><\/div>\n<div style=\"color: #2c2f45; font-family: Verdana, Arial, Helvetica, sans-serif; font-size: inherit; text-align: justify;\"><strong>Dzi\u015b (16.01.) w godzinach porannych, oko\u0142o godz. 8.00, policjanci grupy speed otrzymali zg\u0142oszenie dotycz\u0105ce kieruj\u0105cego, kt\u00f3ry mia\u0142 porusza\u0107 si\u0119 pojazdem bez wymaganych uprawnie\u0144. W Mdzewie funkcjonariusze zatrzymali do kontroli samoch\u00f3d marki Seat, kt\u00f3rym porusza\u0142 36-letni kierowca.<\/strong><\/div>\n<div style=\"color: #2c2f45; font-family: Verdana, Arial, Helvetica, sans-serif; font-size: inherit;\">\n<p style=\"box-sizing: inherit; font-family: 'Default Sans Serif', Verdana, Arial, Helvetica, sans-serif; text-align: justify;\">W trakcie sprawdzania w policyjnych systemach informatycznych potwierdzono, \u017ce 36-letni mieszkaniec gminy Strzegowo nigdy nie posiada\u0142 uprawnie\u0144 do kierowania pojazdami mechanicznymi. W zwi\u0105zku z pope\u0142nionym wykroczeniem sporz\u0105dzono dokumentacj\u0119, kt\u00f3ra zostanie skierowana wraz z wnioskiem o ukaranie do S\u0105du Rejonowego w M\u0142awie.<\/p>\n<p dir=\"auto\" style=\"box-sizing: inherit; font-family: 'Default Sans Serif', Verdana, Arial, Helvetica, sans-serif; text-align: justify;\">Pojazd, kt\u00f3rym porusza\u0142 si\u0119 m\u0119\u017cczyzna, zosta\u0142 usuni\u0119ty z drogi na koszt w\u0142a\u015bciciela. Policja przypomina, \u017ce kierowanie bez uprawnie\u0144 stanowi powa\u017cne zagro\u017cenie dla bezpiecze\u0144stwa wszystkich uczestnik\u00f3w ruchu drogowego.<\/p>\n<div style=\"box-sizing: inherit; font-family: 'Default Sans Serif', Verdana, Arial, Helvetica, sans-serif; font-size: inherit; text-align: justify;\">\n<div style=\"box-sizing: inherit; font-size: inherit;\">\n<p dir=\"auto\" style=\"box-sizing: inherit;\">Za kierowanie pojazdem bez wymaganych uprawnie\u0144 gro\u017c\u0105 powa\u017cne konsekwencje prawne. Zgodnie z obowi\u0105zuj\u0105cymi przepisami, s\u0105d mo\u017ce orzec kar\u0119 aresztu, ograniczenia wolno\u015bci albo wysoka grzywn\u0119. Dodatkowo s\u0105d obligatoryjnie orzeka zakaz prowadzenia pojazd\u00f3w, kt\u00f3ry mo\u017ce obowi\u0105zywa\u0107 od 6 miesi\u0119cy do 3 lat. Kierowanie bez uprawnie\u0144 to nie tylko naruszenie prawa, ale tak\u017ce realne zagro\u017cenie dla bezpiecze\u0144stwa na drogach<\/p>\n<\/div>\n<\/div>\n<p style=\"text-align: justify;\"><span style=\"box-sizing: inherit; font-family: 'Default Sans Serif', Verdana, Arial, Helvetica, sans-serif;\">m\u0142. asp. Aleksandra Bardo\u0144ska\/KPP M\u0142awa\u00a0<\/span><\/p>\n<p style=\"box-sizing: border-box; margin-top: 0px; margin-bottom: 15px; color: #555555; font-family: Roboto, sans-serif; font-size: 15px; text-align: justify;\">KOMENTARZE<\/p>\n<p style=\"box-sizing: border-box; margin-top: 0px; margin-bottom: 15px; color: #555555; font-family: Roboto, sans-serif; font-size: 15px; text-align: justify;\">Wydawca portalu nie ponosi odpowiedzialno\u015bci za tre\u015b\u0107 komentarzy zamieszczanych przez u\u017cytkownik\u00f3w. Osoby zamieszczaj\u0105ce wypowiedzi naruszaj\u0105ce prawo lub prawem chronione dobra os\u00f3b trzecich mog\u0105 ponie\u015b\u0107 z tego tytu\u0142u odpowiedzialno\u015b\u0107 karn\u0105 lub cywiln\u0105.JEDNOCZE\u015aNIE UZYTKOWNICY ZAMIESZCZAJ\u0104C KOMENTARZ OSWIADCZAJ\u0104, \u017bE BIOR\u0104 PE\u0141N\u0104 ODPOWIEDZIALNO\u015a\u0106 ZA TRE\u015aCI UMIESZCZONE PRZEZ SIEBIE<\/p>\n<\/div>\n<div style=\"padding-bottom:20px; padding-top:10px;\" class=\"hupso-share-buttons\"><!-- Hupso Share Buttons - https:\/\/www.hupso.com\/share\/ --><a class=\"hupso_pop\" href=\"https:\/\/www.hupso.com\/share\/\"><img decoding=\"async\" data-src=\"http:\/\/static.hupso.com\/share\/buttons\/button100x23.png\" style=\"border:0px; width:100; height: 23; \" alt=\"Share Button\" src=\"data:image\/svg+xml;base64,PHN2ZyB3aWR0aD0iMSIgaGVpZ2h0PSIxIiB4bWxucz0iaHR0cDovL3d3dy53My5vcmcvMjAwMC9zdmciPjwvc3ZnPg==\" class=\"lazyload\" \/><\/a><script type=\"text\/javascript\">var hupso_services=new Array(\"Twitter\",\"Facebook\",\"Pinterest\",\"Linkedin\",\"Tumblr\",\"StumbleUpon\",\"Digg\",\"Reddit\",\"Bebo\",\"Delicious\",\"QZone\",\"Renren\",\"Email\");var hupso_icon_type = \"labels\";var hupso_background=\"#3BF8FF\";var hupso_border=\"#FF2B0A\";var hupso_image_folder_url = \"\";var hupso_url=\"\";var hupso_title=\"Mdzewo%3A%20kieruj%C4%85cy%20bez%20uprawnie%C5%84%20zatrzymany%20do%20kontroli\";<\/script><script type=\"text\/javascript\" src=\"http:\/\/static.hupso.com\/share\/js\/share.js\"><\/script><!-- Hupso Share Buttons --><\/div>","protected":false},"excerpt":{"rendered":"<p>Dzi\u015b (16.01.) w godzinach porannych, oko\u0142o godz. 8.00, policjanci grupy speed otrzymali zg\u0142oszenie dotycz\u0105ce kieruj\u0105cego, kt\u00f3ry mia\u0142 porusza\u0107 si\u0119 pojazdem bez wymaganych uprawnie\u0144. W Mdzewie funkcjonariusze zatrzymali do kontroli samoch\u00f3d&hellip; <\/p>\n<div style=\"padding-bottom:20px; padding-top:10px;\" class=\"hupso-share-buttons\"><!-- Hupso Share Buttons - https:\/\/www.hupso.com\/share\/ --><a class=\"hupso_pop\" href=\"https:\/\/www.hupso.com\/share\/\"><img data-src=\"http:\/\/static.hupso.com\/share\/buttons\/button100x23.png\" style=\"border:0px; width:100; height: 23; \" alt=\"Share Button\" src=\"data:image\/svg+xml;base64,PHN2ZyB3aWR0aD0iMSIgaGVpZ2h0PSIxIiB4bWxucz0iaHR0cDovL3d3dy53My5vcmcvMjAwMC9zdmciPjwvc3ZnPg==\" class=\"lazyload\" \/><\/a><script type=\"text\/javascript\">var hupso_services=new Array(\"Twitter\",\"Facebook\",\"Pinterest\",\"Linkedin\",\"Tumblr\",\"StumbleUpon\",\"Digg\",\"Reddit\",\"Bebo\",\"Delicious\",\"QZone\",\"Renren\",\"Email\");var hupso_icon_type = \"labels\";var hupso_background=\"#3BF8FF\";var hupso_border=\"#FF2B0A\";var hupso_image_folder_url = \"\";var hupso_url=\"\";var hupso_title=\"Mdzewo%3A%20kieruj%C4%85cy%20bez%20uprawnie%C5%84%20zatrzymany%20do%20kontroli\";<\/script><script type=\"text\/javascript\" src=\"http:\/\/static.hupso.com\/share\/js\/share.js\"><\/script><!-- Hupso Share Buttons --><\/div>","protected":false},"author":1,"featured_media":12824,"comment_status":"open","ping_status":"open","sticky":false,"template":"","format":"standard","meta":{"_acf_changed":false,"wprm-recipe-roundup-name":"","wprm-recipe-roundup-description":"","footnotes":""},"categories":[19,5,28],"tags":[],"class_list":["post-12822","post","type-post","status-publish","format-standard","has-post-thumbnail","hentry","category-aktualnosci","category-na-sygnale","category-wyd"],"acf":[],"amp_enabled":true,"_links":{"self":[{"href":"http:\/\/portalm\u0142awa.pl\/index.php?rest_route=\/wp\/v2\/posts\/12822","targetHints":{"allow":["GET"]}}],"collection":[{"href":"http:\/\/portalm\u0142awa.pl\/index.php?rest_route=\/wp\/v2\/posts"}],"about":[{"href":"http:\/\/portalm\u0142awa.pl\/index.php?rest_route=\/wp\/v2\/types\/post"}],"author":[{"embeddable":true,"href":"http:\/\/portalm\u0142awa.pl\/index.php?rest_route=\/wp\/v2\/users\/1"}],"replies":[{"embeddable":true,"href":"http:\/\/portalm\u0142awa.pl\/index.php?rest_route=%2Fwp%2Fv2%2Fcomments&post=12822"}],"version-history":[{"count":1,"href":"http:\/\/portalm\u0142awa.pl\/index.php?rest_route=\/wp\/v2\/posts\/12822\/revisions"}],"predecessor-version":[{"id":12823,"href":"http:\/\/portalm\u0142awa.pl\/index.php?rest_route=\/wp\/v2\/posts\/12822\/revisions\/12823"}],"wp:featuredmedia":[{"embeddable":true,"href":"http:\/\/portalm\u0142awa.pl\/index.php?rest_route=\/wp\/v2\/media\/12824"}],"wp:attachment":[{"href":"http:\/\/portalm\u0142awa.pl\/index.php?rest_route=%2Fwp%2Fv2%2Fmedia&parent=12822"}],"wp:term":[{"taxonomy":"category","embeddable":true,"href":"http:\/\/portalm\u0142awa.pl\/index.php?rest_route=%2Fwp%2Fv2%2Fcategories&post=12822"},{"taxonomy":"post_tag","embeddable":true,"href":"http:\/\/portalm\u0142awa.pl\/index.php?rest_route=%2Fwp%2Fv2%2Ftags&post=12822"}],"curies":[{"name":"wp","href":"https:\/\/api.w.org\/{rel}","templated":true}]}}