{"id":12825,"date":"2026-01-16T19:34:41","date_gmt":"2026-01-16T18:34:41","guid":{"rendered":"http:\/\/portalm\u0142awa.pl\/?p=12825"},"modified":"2026-01-16T19:34:41","modified_gmt":"2026-01-16T18:34:41","slug":"podkom-tomasz-karpinski-zastepca-naczelnika-wydzialu-prewencji-komendy-powiatowej-policji-w-mlawie-zostal-uhonorowany-podczas-wojewodzkiej-uroczystosci-w-radomiu","status":"publish","type":"post","link":"http:\/\/portalm\u0142awa.pl\/?p=12825","title":{"rendered":"Podkom. Tomasz Karpi\u0144ski, zast\u0119pca naczelnika Wydzia\u0142u Prewencji Komendy Powiatowej Policji w M\u0142awie, zosta\u0142 uhonorowany podczas wojew\u00f3dzkiej uroczysto\u015bci w Radomiu."},"content":{"rendered":"<p dir=\"auto\" style=\"color: #2c2f45; font-family: Verdana, Arial, Helvetica, sans-serif; font-size: small; box-sizing: inherit; text-align: justify;\"><span style=\"font-size: 12pt;\"><b>14 stycznia w Zespole Szk\u00f3\u0142 Muzycznych w Radomiu odby\u0142y si\u0119 obchody pod has\u0142em \u201eS\u0142u\u017cy\u0107 wiernie Narodowi\u201d, po\u0142\u0105czone z wr\u0119czeniem odznacze\u0144 oraz \u015blubowaniem nowych funkcjonariuszy. W wydarzeniu uczestniczyli przedstawiciele Kancelarii Prezydenta RP, w\u0142adz wojew\u00f3dzkich oraz kierownictwo mazowieckiej Policji.<\/b><\/span><\/p>\n<p dir=\"auto\" style=\"color: #2c2f45; font-family: Verdana, Arial, Helvetica, sans-serif; font-size: inherit; box-sizing: inherit; text-align: justify;\"><span style=\"font-size: 12pt;\">W gronie wyr\u00f3\u017cnionych znalaz\u0142 si\u0119 podkom. Tomasz Karpi\u0144ski \u2013 zast\u0119pca naczelnika Wydzia\u0142u Prewencji KPP w M\u0142awie, doceniony za wzorow\u0105 s\u0142u\u017cb\u0119 i wk\u0142ad w zapewnianie bezpiecze\u0144stwa mieszka\u0144com regionu.<\/span><\/p>\n<p style=\"color: #2c2f45; font-family: Verdana, Arial, Helvetica, sans-serif; font-size: inherit; box-sizing: inherit; text-align: justify;\"><span style=\"font-size: 12pt;\">Podczas uroczysto\u015bci wr\u0119czono r\u00f3wnie\u017c medale pa\u0144stwowe i resortowe innym funkcjonariuszom, a 101 nowo przyj\u0119tych policjant\u00f3w, w tym 50 kobiet, z\u0142o\u017cy\u0142o uroczyste \u015blubowanie, wzmacniaj\u0105c mazowiecki garnizon Policji.<\/span><\/p>\n<p style=\"color: #2c2f45; font-family: Verdana, Arial, Helvetica, sans-serif; font-size: inherit; box-sizing: inherit; text-align: justify;\">\n<div style=\"color: #2c2f45; font-family: Verdana, Arial, Helvetica, sans-serif; font-size: inherit; box-sizing: inherit; text-align: justify;\">\n<div style=\"box-sizing: inherit; font-size: inherit;\">\n<p style=\"box-sizing: inherit;\"><span style=\"font-size: 12pt;\">Wyr\u00f3\u017cnienie dla podkom. Tomasza Karpi\u0144skiego to pow\u00f3d do dumy dla ca\u0142ej m\u0142awskiej Policji. Jest ono potwierdzeniem wysokiego poziomu pracy Wydzia\u0142u Prewencji KPP w M\u0142awie oraz skutecznych dzia\u0142a\u0144 na rzecz bezpiecze\u0144stwa mieszka\u0144c\u00f3w powiatu. Odznaczenie to podkre\u015bla profesjonalizm, zaanga\u017cowanie i odpowiedzialno\u015b\u0107, z jak\u0105 m\u0142awscy policjanci ka\u017cdego dnia pe\u0142ni\u0105 s\u0142u\u017cb\u0119 na rzecz lokalnej spo\u0142eczno\u015bci.<\/span><\/p>\n<\/div>\n<\/div>\n<p style=\"color: #2c2f45; font-family: Verdana, Arial, Helvetica, sans-serif; font-size: inherit; box-sizing: inherit; text-align: justify;\">\n<p dir=\"auto\" style=\"color: #2c2f45; font-family: Verdana, Arial, Helvetica, sans-serif; font-size: inherit; box-sizing: inherit; text-align: justify;\"><span style=\"font-size: 12pt;\">m\u0142. asp. Aleksandra Bardo\u0144ska\/KPP M\u0142awa\u00a0<\/span><\/p>\n<p style=\"box-sizing: border-box; margin-top: 0px; margin-bottom: 15px; font-size: 15px; color: #555555; font-family: Roboto, sans-serif; text-align: justify;\"><span style=\"font-size: 12pt;\">KOMENTARZE<\/span><\/p>\n<p style=\"box-sizing: border-box; margin-top: 0px; margin-bottom: 15px; font-size: 15px; color: #555555; font-family: Roboto, sans-serif; text-align: justify;\"><span style=\"font-size: 12pt;\">Wydawca portalu nie ponosi odpowiedzialno\u015bci za tre\u015b\u0107 komentarzy zamieszczanych przez u\u017cytkownik\u00f3w. Osoby zamieszczaj\u0105ce wypowiedzi naruszaj\u0105ce prawo lub prawem chronione dobra os\u00f3b trzecich mog\u0105 ponie\u015b\u0107 z tego tytu\u0142u odpowiedzialno\u015b\u0107 karn\u0105 lub cywiln\u0105.JEDNOCZE\u015aNIE UZYTKOWNICY ZAMIESZCZAJ\u0104C KOMENTARZ OSWIADCZAJ\u0104, \u017bE BIOR\u0104 PE\u0141N\u0104 ODPOWIEDZIALNO\u015a\u0106 ZA TRE\u015aCI UMIESZCZONE PRZEZ SIEBIE<\/span><\/p>\n<div style=\"padding-bottom:20px; padding-top:10px;\" class=\"hupso-share-buttons\"><!-- Hupso Share Buttons - https:\/\/www.hupso.com\/share\/ --><a class=\"hupso_pop\" href=\"https:\/\/www.hupso.com\/share\/\"><img decoding=\"async\" data-src=\"http:\/\/static.hupso.com\/share\/buttons\/button100x23.png\" style=\"border:0px; width:100; height: 23; \" alt=\"Share Button\" src=\"data:image\/svg+xml;base64,PHN2ZyB3aWR0aD0iMSIgaGVpZ2h0PSIxIiB4bWxucz0iaHR0cDovL3d3dy53My5vcmcvMjAwMC9zdmciPjwvc3ZnPg==\" class=\"lazyload\" \/><\/a><script type=\"text\/javascript\">var hupso_services=new Array(\"Twitter\",\"Facebook\",\"Pinterest\",\"Linkedin\",\"Tumblr\",\"StumbleUpon\",\"Digg\",\"Reddit\",\"Bebo\",\"Delicious\",\"QZone\",\"Renren\",\"Email\");var hupso_icon_type = \"labels\";var hupso_background=\"#3BF8FF\";var hupso_border=\"#FF2B0A\";var hupso_image_folder_url = \"\";var hupso_url=\"\";var hupso_title=\"Podkom.%20Tomasz%20Karpi%C5%84ski%2C%20zast%C4%99pca%20naczelnika%20Wydzia%C5%82u%20Prewencji%20Komendy%20Powiatowej%20Policji%20w%20M%C5%82awie%2C%20zosta%C5%82%20uhonorowany%20podczas%20wojew%C3%B3dzkiej%20uroczysto%C5%9Bci%20w%20Radomiu.\";<\/script><script type=\"text\/javascript\" src=\"http:\/\/static.hupso.com\/share\/js\/share.js\"><\/script><!-- Hupso Share Buttons --><\/div>","protected":false},"excerpt":{"rendered":"<p>14 stycznia w Zespole Szk\u00f3\u0142 Muzycznych w Radomiu odby\u0142y si\u0119 obchody pod has\u0142em \u201eS\u0142u\u017cy\u0107 wiernie Narodowi\u201d, po\u0142\u0105czone z wr\u0119czeniem odznacze\u0144 oraz \u015blubowaniem nowych funkcjonariuszy. W wydarzeniu uczestniczyli przedstawiciele Kancelarii Prezydenta&hellip; <\/p>\n<div style=\"padding-bottom:20px; padding-top:10px;\" class=\"hupso-share-buttons\"><!-- Hupso Share Buttons - https:\/\/www.hupso.com\/share\/ --><a class=\"hupso_pop\" href=\"https:\/\/www.hupso.com\/share\/\"><img data-src=\"http:\/\/static.hupso.com\/share\/buttons\/button100x23.png\" style=\"border:0px; width:100; height: 23; \" alt=\"Share Button\" src=\"data:image\/svg+xml;base64,PHN2ZyB3aWR0aD0iMSIgaGVpZ2h0PSIxIiB4bWxucz0iaHR0cDovL3d3dy53My5vcmcvMjAwMC9zdmciPjwvc3ZnPg==\" class=\"lazyload\" \/><\/a><script type=\"text\/javascript\">var hupso_services=new Array(\"Twitter\",\"Facebook\",\"Pinterest\",\"Linkedin\",\"Tumblr\",\"StumbleUpon\",\"Digg\",\"Reddit\",\"Bebo\",\"Delicious\",\"QZone\",\"Renren\",\"Email\");var hupso_icon_type = \"labels\";var hupso_background=\"#3BF8FF\";var hupso_border=\"#FF2B0A\";var hupso_image_folder_url = \"\";var hupso_url=\"\";var hupso_title=\"Podkom.%20Tomasz%20Karpi%C5%84ski%2C%20zast%C4%99pca%20naczelnika%20Wydzia%C5%82u%20Prewencji%20Komendy%20Powiatowej%20Policji%20w%20M%C5%82awie%2C%20zosta%C5%82%20uhonorowany%20podczas%20wojew%C3%B3dzkiej%20uroczysto%C5%9Bci%20w%20Radomiu.\";<\/script><script type=\"text\/javascript\" src=\"http:\/\/static.hupso.com\/share\/js\/share.js\"><\/script><!-- Hupso Share Buttons --><\/div>","protected":false},"author":1,"featured_media":12826,"comment_status":"open","ping_status":"open","sticky":false,"template":"","format":"standard","meta":{"_acf_changed":false,"wprm-recipe-roundup-name":"","wprm-recipe-roundup-description":"","footnotes":""},"categories":[19,5,28],"tags":[],"class_list":["post-12825","post","type-post","status-publish","format-standard","has-post-thumbnail","hentry","category-aktualnosci","category-na-sygnale","category-wyd"],"acf":[],"amp_enabled":true,"_links":{"self":[{"href":"http:\/\/portalm\u0142awa.pl\/index.php?rest_route=\/wp\/v2\/posts\/12825","targetHints":{"allow":["GET"]}}],"collection":[{"href":"http:\/\/portalm\u0142awa.pl\/index.php?rest_route=\/wp\/v2\/posts"}],"about":[{"href":"http:\/\/portalm\u0142awa.pl\/index.php?rest_route=\/wp\/v2\/types\/post"}],"author":[{"embeddable":true,"href":"http:\/\/portalm\u0142awa.pl\/index.php?rest_route=\/wp\/v2\/users\/1"}],"replies":[{"embeddable":true,"href":"http:\/\/portalm\u0142awa.pl\/index.php?rest_route=%2Fwp%2Fv2%2Fcomments&post=12825"}],"version-history":[{"count":1,"href":"http:\/\/portalm\u0142awa.pl\/index.php?rest_route=\/wp\/v2\/posts\/12825\/revisions"}],"predecessor-version":[{"id":12827,"href":"http:\/\/portalm\u0142awa.pl\/index.php?rest_route=\/wp\/v2\/posts\/12825\/revisions\/12827"}],"wp:featuredmedia":[{"embeddable":true,"href":"http:\/\/portalm\u0142awa.pl\/index.php?rest_route=\/wp\/v2\/media\/12826"}],"wp:attachment":[{"href":"http:\/\/portalm\u0142awa.pl\/index.php?rest_route=%2Fwp%2Fv2%2Fmedia&parent=12825"}],"wp:term":[{"taxonomy":"category","embeddable":true,"href":"http:\/\/portalm\u0142awa.pl\/index.php?rest_route=%2Fwp%2Fv2%2Fcategories&post=12825"},{"taxonomy":"post_tag","embeddable":true,"href":"http:\/\/portalm\u0142awa.pl\/index.php?rest_route=%2Fwp%2Fv2%2Ftags&post=12825"}],"curies":[{"name":"wp","href":"https:\/\/api.w.org\/{rel}","templated":true}]}}