{"id":12849,"date":"2026-01-19T09:55:15","date_gmt":"2026-01-19T08:55:15","guid":{"rendered":"http:\/\/portalm\u0142awa.pl\/?p=12849"},"modified":"2026-01-19T09:55:15","modified_gmt":"2026-01-19T08:55:15","slug":"podwojna-korona-krukowskiego-ii-grand-prix-badmintona-padlo-jego-lupem","status":"publish","type":"post","link":"http:\/\/portalm\u0142awa.pl\/?p=12849","title":{"rendered":"Podw\u00f3jna korona Krukowskiego. II Grand Prix Badmintona pad\u0142o jego \u0142upem"},"content":{"rendered":"<p style=\"text-align: justify;\">Niedziela, 18 stycznia, M\u0142awska Hala Sportowa. Z pozoru zwyk\u0142y dzie\u0144, ale dla sympatyk\u00f3w badmintona \u2013 \u015bwi\u0119to sportu przez du\u017ce \u201eS\u201d. Drugi turniej cyklu Grand Prix Badmintona sezonu 2025\/2026 o Puchar Dyrektora M\u0142awskiej Hali Sportowej przyni\u00f3s\u0142 emocje, kt\u00f3re trzyma\u0142y w napi\u0119ciu do ostatniej lotki. A jego g\u0142\u00f3wnym bohaterem zosta\u0142 Adam Krukowski.<\/p>\n<p style=\"text-align: justify;\"><strong>Fina\u0142 na ostrzu lotki<\/strong><\/p>\n<p style=\"text-align: justify;\">Rywalizacja w grach pojedynczych by\u0142a pokazem wysokiej kultury technicznej, taktycznej cierpliwo\u015bci i \u017celaznej kondycji. Fina\u0142owy pojedynek d\u0142ugo nie chcia\u0142 mie\u0107 swojego rozstrzygni\u0119cia \u2013 wymiany by\u0142y d\u0142ugie, a przewaga przechodzi\u0142a z r\u0105k do r\u0105k.<\/p>\n<p style=\"text-align: justify;\">Ostatecznie jednak to Adam Krukowski zachowa\u0142 wi\u0119cej spokoju i ch\u0142odnej g\u0142owy. Co wa\u017cne \u2013 w drodze do fina\u0142u wygra\u0142 wszystkie swoje spotkania, nie pozostawiaj\u0105c rywalom z\u0142udze\u0144, \u017ce tego dnia jest w najwy\u017cszej formie.<\/p>\n<p style=\"text-align: justify;\">\ud83e\udd47 Adam Krukowski \u2013 zwyci\u0119zca II turnieju Grand Prix<\/p>\n<p style=\"text-align: justify;\">\ud83e\udd48 Magnus Dudkiewicz \u2013 solidny, konsekwentny, gro\u017any do samego ko\u0144ca<\/p>\n<p style=\"text-align: justify;\">\ud83e\udd49 Wies\u0142aw Krukowski \u2013 do\u015bwiadczenie i walka o ka\u017cdy punkt<\/p>\n<p style=\"text-align: justify;\">To podium doskonale oddaje poziom turnieju: wyr\u00f3wnany, ambitny i niezwykle sportowy.<\/p>\n<p style=\"text-align: justify;\"><strong>Debel pod pe\u0142n\u0105 kontrol\u0105<\/strong><\/p>\n<p style=\"text-align: justify;\">Je\u015bli kto\u015b liczy\u0142, \u017ce Adam Krukowski poprzestanie na sukcesie w singlu \u2013 szybko musia\u0142 zweryfikowa\u0107 swoje oczekiwania. W grach podw\u00f3jnych, graj\u0105c w parze z Wies\u0142awem Krukowskim, stworzy\u0142 duet kompletny. Precyzja, komunikacja i \u015bwietne czytanie gry sprawi\u0142y, \u017ce wygrali wszystkie swoje mecze, nie pozostawiaj\u0105c konkurencji marginesu b\u0142\u0119du.<\/p>\n<p style=\"text-align: justify;\">\ud83e\udd47 Adam Krukowski \/ Wies\u0142aw Krukowski \u2013 absolutna dominacja<\/p>\n<p style=\"text-align: justify;\">\ud83e\udd48 Magnus Dudkiewicz \/ Maciej Prusinowski \u2013 solidna i ambitna para<\/p>\n<p style=\"text-align: justify;\">\ud83e\udd49 Marcin Grochowski \/ Maria Barcikowska \u2013 zas\u0142u\u017cone miejsce na podium<\/p>\n<p style=\"text-align: justify;\"><strong>Grand Prix nabiera tempa<\/strong><\/p>\n<p style=\"text-align: justify;\">Drugi turniej cyklu potwierdzi\u0142 jedno: sezon 2025\/2026 zapowiada si\u0119 pasjonuj\u0105co. Poziom sportowy ro\u015bnie, stawka si\u0119 wyr\u00f3wnuje, a ka\u017cdy kolejny turniej mo\u017ce przynie\u015b\u0107 nowe rozstrzygni\u0119cia w klasyfikacji generalnej.<\/p>\n<p style=\"text-align: justify;\">Jedno jest pewne ju\u017c teraz \u2013 Adam Krukowski wys\u0142a\u0142 rywalom wyra\u017any sygna\u0142. Jest w znakomitej dyspozycji i zamierza odgrywa\u0107 kluczow\u0105 rol\u0119 w tym sezonie.<\/p>\n<p style=\"text-align: justify;\">Badminton w M\u0142awie \u017cyje, przyci\u0105ga emocje i bohater\u00f3w. A to dopiero pocz\u0105tek.<\/p>\n<p style=\"text-align: justify;\">T.B fot MHS<\/p>\n<p style=\"box-sizing: border-box; margin-top: 0px; margin-bottom: 15px; font-size: 15px; color: #555555; font-family: Roboto, sans-serif; text-align: justify;\">KOMENTARZE<\/p>\n<p style=\"box-sizing: border-box; margin-top: 0px; margin-bottom: 15px; font-size: 15px; color: #555555; font-family: Roboto, sans-serif; text-align: justify;\">Wydawca portalu nie ponosi odpowiedzialno\u015bci za tre\u015b\u0107 komentarzy zamieszczanych przez u\u017cytkownik\u00f3w. Osoby zamieszczaj\u0105ce wypowiedzi naruszaj\u0105ce prawo lub prawem chronione dobra os\u00f3b trzecich mog\u0105 ponie\u015b\u0107 z tego tytu\u0142u odpowiedzialno\u015b\u0107 karn\u0105 lub cywiln\u0105.JEDNOCZE\u015aNIE UZYTKOWNICY ZAMIESZCZAJ\u0104C KOMENTARZ OSWIADCZAJ\u0104, \u017bE BIOR\u0104 PE\u0141N\u0104 ODPOWIEDZIALNO\u015a\u0106 ZA TRE\u015aCI UMIESZCZONE PRZEZ SIEBIE<\/p>\n<div style=\"padding-bottom:20px; padding-top:10px;\" class=\"hupso-share-buttons\"><!-- Hupso Share Buttons - https:\/\/www.hupso.com\/share\/ --><a class=\"hupso_pop\" href=\"https:\/\/www.hupso.com\/share\/\"><img decoding=\"async\" data-src=\"http:\/\/static.hupso.com\/share\/buttons\/button100x23.png\" style=\"border:0px; width:100; height: 23; \" alt=\"Share Button\" src=\"data:image\/svg+xml;base64,PHN2ZyB3aWR0aD0iMSIgaGVpZ2h0PSIxIiB4bWxucz0iaHR0cDovL3d3dy53My5vcmcvMjAwMC9zdmciPjwvc3ZnPg==\" class=\"lazyload\" \/><\/a><script type=\"text\/javascript\">var hupso_services=new Array(\"Twitter\",\"Facebook\",\"Pinterest\",\"Linkedin\",\"Tumblr\",\"StumbleUpon\",\"Digg\",\"Reddit\",\"Bebo\",\"Delicious\",\"QZone\",\"Renren\",\"Email\");var hupso_icon_type = \"labels\";var hupso_background=\"#3BF8FF\";var hupso_border=\"#FF2B0A\";var hupso_image_folder_url = \"\";var hupso_url=\"\";var hupso_title=\"Podw%C3%B3jna%20korona%20Krukowskiego.%20II%20Grand%20Prix%20Badmintona%20pad%C5%82o%20jego%20%C5%82upem\";<\/script><script type=\"text\/javascript\" src=\"http:\/\/static.hupso.com\/share\/js\/share.js\"><\/script><!-- Hupso Share Buttons --><\/div>","protected":false},"excerpt":{"rendered":"<p>Niedziela, 18 stycznia, M\u0142awska Hala Sportowa. Z pozoru zwyk\u0142y dzie\u0144, ale dla sympatyk\u00f3w badmintona \u2013 \u015bwi\u0119to sportu przez du\u017ce \u201eS\u201d. Drugi turniej cyklu Grand Prix Badmintona sezonu 2025\/2026 o Puchar&hellip; <\/p>\n<div style=\"padding-bottom:20px; padding-top:10px;\" class=\"hupso-share-buttons\"><!-- Hupso Share Buttons - https:\/\/www.hupso.com\/share\/ --><a class=\"hupso_pop\" href=\"https:\/\/www.hupso.com\/share\/\"><img data-src=\"http:\/\/static.hupso.com\/share\/buttons\/button100x23.png\" style=\"border:0px; width:100; height: 23; \" alt=\"Share Button\" src=\"data:image\/svg+xml;base64,PHN2ZyB3aWR0aD0iMSIgaGVpZ2h0PSIxIiB4bWxucz0iaHR0cDovL3d3dy53My5vcmcvMjAwMC9zdmciPjwvc3ZnPg==\" class=\"lazyload\" \/><\/a><script type=\"text\/javascript\">var hupso_services=new Array(\"Twitter\",\"Facebook\",\"Pinterest\",\"Linkedin\",\"Tumblr\",\"StumbleUpon\",\"Digg\",\"Reddit\",\"Bebo\",\"Delicious\",\"QZone\",\"Renren\",\"Email\");var hupso_icon_type = \"labels\";var hupso_background=\"#3BF8FF\";var hupso_border=\"#FF2B0A\";var hupso_image_folder_url = \"\";var hupso_url=\"\";var hupso_title=\"Podw%C3%B3jna%20korona%20Krukowskiego.%20II%20Grand%20Prix%20Badmintona%20pad%C5%82o%20jego%20%C5%82upem\";<\/script><script type=\"text\/javascript\" src=\"http:\/\/static.hupso.com\/share\/js\/share.js\"><\/script><!-- Hupso Share Buttons --><\/div>","protected":false},"author":1,"featured_media":12850,"comment_status":"open","ping_status":"open","sticky":false,"template":"","format":"standard","meta":{"_acf_changed":false,"wprm-recipe-roundup-name":"","wprm-recipe-roundup-description":"","footnotes":""},"categories":[19,4,28],"tags":[],"class_list":["post-12849","post","type-post","status-publish","format-standard","has-post-thumbnail","hentry","category-aktualnosci","category-spo","category-wyd"],"acf":[],"amp_enabled":true,"_links":{"self":[{"href":"http:\/\/portalm\u0142awa.pl\/index.php?rest_route=\/wp\/v2\/posts\/12849","targetHints":{"allow":["GET"]}}],"collection":[{"href":"http:\/\/portalm\u0142awa.pl\/index.php?rest_route=\/wp\/v2\/posts"}],"about":[{"href":"http:\/\/portalm\u0142awa.pl\/index.php?rest_route=\/wp\/v2\/types\/post"}],"author":[{"embeddable":true,"href":"http:\/\/portalm\u0142awa.pl\/index.php?rest_route=\/wp\/v2\/users\/1"}],"replies":[{"embeddable":true,"href":"http:\/\/portalm\u0142awa.pl\/index.php?rest_route=%2Fwp%2Fv2%2Fcomments&post=12849"}],"version-history":[{"count":1,"href":"http:\/\/portalm\u0142awa.pl\/index.php?rest_route=\/wp\/v2\/posts\/12849\/revisions"}],"predecessor-version":[{"id":12851,"href":"http:\/\/portalm\u0142awa.pl\/index.php?rest_route=\/wp\/v2\/posts\/12849\/revisions\/12851"}],"wp:featuredmedia":[{"embeddable":true,"href":"http:\/\/portalm\u0142awa.pl\/index.php?rest_route=\/wp\/v2\/media\/12850"}],"wp:attachment":[{"href":"http:\/\/portalm\u0142awa.pl\/index.php?rest_route=%2Fwp%2Fv2%2Fmedia&parent=12849"}],"wp:term":[{"taxonomy":"category","embeddable":true,"href":"http:\/\/portalm\u0142awa.pl\/index.php?rest_route=%2Fwp%2Fv2%2Fcategories&post=12849"},{"taxonomy":"post_tag","embeddable":true,"href":"http:\/\/portalm\u0142awa.pl\/index.php?rest_route=%2Fwp%2Fv2%2Ftags&post=12849"}],"curies":[{"name":"wp","href":"https:\/\/api.w.org\/{rel}","templated":true}]}}