{"id":1297,"date":"2013-05-10T19:02:14","date_gmt":"2013-05-10T17:02:14","guid":{"rendered":"http:\/\/proba.xn--portalmawa-g0b.pl\/?p=1297"},"modified":"2020-05-10T19:06:34","modified_gmt":"2020-05-10T17:06:34","slug":"mlawa-burmistrz-nie-pozyskal-pieniedzy-monitoring-obciazeniem-dla-budzetu","status":"publish","type":"post","link":"http:\/\/portalm\u0142awa.pl\/?p=1297","title":{"rendered":"M\u0141AWA.Burmistrz nie pozyska\u0142 pieni\u0119dzy. Monitoring obci\u0105\u017ceniem dla bud\u017cetu"},"content":{"rendered":"<p style=\"text-align: justify;\"><span style=\"font-size: 12pt;\"><strong><img decoding=\"async\" class=\"size-full wp-image-1298 alignleft lazyload\" data-src=\"http:\/\/proba.xn--portalmawa-g0b.pl\/wp-content\/uploads\/2020\/05\/monitoring.jpg\" alt=\"\" width=\"100\" height=\"100\" src=\"data:image\/svg+xml;base64,PHN2ZyB3aWR0aD0iMSIgaGVpZ2h0PSIxIiB4bWxucz0iaHR0cDovL3d3dy53My5vcmcvMjAwMC9zdmciPjwvc3ZnPg==\" style=\"--smush-placeholder-width: 100px; --smush-placeholder-aspect-ratio: 100\/100;\" \/>Burmistrz S\u0142awomir Kowalewski w poprzedniej kadencji co roku obiecywa\u0142 budow\u0119 monitoringu i nie uda\u0142o mu si\u0119 dotrzyma\u0107 s\u0142owa. Teraz najprawdopodobniej powstanie. Chocia\u017c wyznaczony termin 15 maja zosta\u0142 ju\u017c przekroczony. Jednak wed\u0142ug jednego z m\u0142awskich radnych realizacja tego przedsi\u0119wzi\u0119cia, obecnie, jest ju\u017c tylko powi\u0119kszeniem obci\u0105\u017cenia dla bud\u017cetu.<\/strong><\/span><\/p>\n<p style=\"text-align: justify;\"><span style=\"font-size: 12pt;\">Zacznijmy od tego, z jakich \u015brodk\u00f3w inwestycja ta zostanie zrealizowana?. Pod koniec ubieg\u0142ego roku jedna z lokalnych gazet pytaj\u0105c, czy Ratusz pozyska\u0142 \u015brodki zewn\u0119trzne na ten cel uzyska\u0142a odpowied\u017a, i\u017c cytujemy:<\/span><\/p>\n<p style=\"text-align: justify;\"><span style=\"font-size: 12pt;\">&#8211; Na monitoring wizyjny sk\u0142adali\u015bmy wniosek w 2005 roku i znalaz\u0142 si\u0119 on w\u00f3wczas na li\u015bcie rezerwowej zada\u0144 do wsp\u00f3\u0142finansowania przez Uni\u0119 \u2013 m\u00f3wi\u0142a Magdalena Grzywacz rzecznik prasowy Urz\u0119du Miasta. Ze wzgl\u0119du na brak dofinansowania nie rozpocz\u0119to jego realizacji. Obecnie czekamy na og\u0142oszenie konkursu, w ramach, kt\u00f3rego b\u0119dziemy mogli ubiega\u0107 si\u0119 o \u015brodki unijne na budow\u0119 monitoringu.<\/span><\/p>\n<p style=\"text-align: justify;\"><span style=\"font-size: 12pt;\">Tylko, \u017ce w 2005 roku burmistrzem by\u0142 Jerzy Rakowski. Niedawno my zadali\u015bmy pytanie, czy miasto prowadzi starania o pozyskanie \u015brodk\u00f3w unijnych i wypowied\u017a z Urz\u0119du Miasta by\u0142a nie mniej zaskakuj\u0105ca<\/span><\/p>\n<p style=\"text-align: justify;\"><span style=\"font-size: 12pt;\">&#8211; Starania takie w ostatnim czasie czyni\u0142a policja, istnia\u0142a, bowiem szansa pozyskania dofinansowania do budowy monitoringu w\u0142a\u015bnie w strukturach Policji. W ostatnim okresie programowania nie og\u0142oszono jeszcze konkursu, w ramach, kt\u00f3rego miasto mog\u0142oby si\u0119 stara\u0107 o dofinansowanie unijne na ten cel.<\/span><\/p>\n<p style=\"text-align: justify;\"><span style=\"font-size: 12pt;\">Jak wida\u0107 Miasto nie pozyska\u0142o dotychczas \u015brodk\u00f3w unijnych na ca\u0142e przedsi\u0119wzi\u0119cie.<\/span><\/p>\n<p style=\"text-align: justify;\"><span style=\"font-size: 12pt;\"><strong>A jak sobie poradzi\u0142y inne miasta? <\/strong><\/span><\/p>\n<p style=\"text-align: justify;\"><span style=\"font-size: 12pt;\">Podamy tu przyk\u0142ad nieco mniejszej od M\u0142awy miejscowo\u015bci<\/span><\/p>\n<p style=\"text-align: justify;\"><span style=\"font-size: 12pt;\">&#8211; Zamys\u0142 stworzenia monitoringu wizyjnego w Biskupcu powsta\u0142 w pa\u017adzierniku 2009 r &#8211; podaje Magdalena Karpi\u0144ska z Urz\u0119du Miasta w Biskupcu. Umowa na wykonanie monitoringu wizyjnego zosta\u0142a zawarta dnia 22 kwietnia 2010 r., natomiast odbi\u00f3r inwestycji zosta\u0142 dokonany dnia 31 maja 2010 r. .<\/span><\/p>\n<p style=\"text-align: justify;\"><span style=\"font-size: 12pt;\">Jak wida\u0107 inni sobie lepiej radz\u0105. Szybko\u015b\u0107 wykonania monitoringu jednak to nie wszystko. Zamontowano tam 14 kamer<\/span><\/p>\n<p style=\"text-align: justify;\"><span style=\"font-size: 12pt;\">&#8211; System monitoringu zamontowanego na Placu Wolno\u015bci i wzd\u0142u\u017c \u015bcie\u017cki rowerowej w Biskupcu sk\u0142ada si\u0119 z analogowych kamer obrotowych i sta\u0142ych. \u2013 podaje Karpi\u0144ska. Kamery pod\u0142\u0105czone s\u0105 do sieci \u015bwiat\u0142owodowej, przez kt\u00f3r\u0105 sygna\u0142 przesy\u0142any jest do centrum monitoringu po\u0142o\u017conego w budynku Domu Pracy Tw\u00f3rczej Sorbona\u201d. Centrum monitoringu sk\u0142ada si\u0119 z konsoli steruj\u0105cej kamerami oraz 4 monitor\u00f3w. Na Placu Wolno\u015bci zamontowano 4 kamery, natomiast wzd\u0142u\u017c \u015bcie\u017cki rowerowej 10 kamer (5 kamer sta\u0142ych i 5 obrotowych).<\/span><\/p>\n<p style=\"text-align: justify;\"><span style=\"font-size: 12pt;\">Liczba kamer te\u017c jednak nie jest najwa\u017cniejsza. Najistotniejsze s\u0105 koszty i pozyskane \u015brodki zewn\u0119trzne. Burmistrz S\u0142awomir Kowalewski nie pozyska\u0142 nic. W Biskupcu nie do\u015b\u0107, \u017ce jak b\u0119dzie mo\u017cna zauwa\u017cy\u0107 dalej koszty s\u0105 ni\u017csze to r\u00f3wnie\u017c zosta\u0142y pozyskane \u015brodki unijne.<\/span><\/p>\n<p style=\"text-align: justify;\"><span style=\"font-size: 12pt;\">&#8211; Ca\u0142kowita warto\u015b\u0107 inwestycji to 434\u00a0320,00 z\u0142, z czego dofinansowanie ze \u015brodk\u00f3w unijnych wynios\u0142o 206\u00a0871,25 z\u0142. \u2013 informuje Karpi\u0144ska. Miasto, wi\u0119c w monitoring zainwestowa\u0142o 227\u00a0448, 75 z\u0142.<\/span><\/p>\n<p style=\"text-align: justify;\"><span style=\"font-size: 12pt;\">A co w naszym mie\u015bcie? Przypomnijmy te\u017c, \u017ce burmistrz mimo obietnic w ci\u0105gu poprzedniej kadencji, czyli przez 4 lat nie zrealizowa\u0142 monitoringu. A teraz zosta\u0142 wyznaczony ju\u017c drugi termin zako\u0144czenia I etapu budowy, czyli 20 czerwca. A ile monitoring nasz b\u0119dzie kosztowa\u0107?<\/span><\/p>\n<p style=\"text-align: justify;\"><span style=\"font-size: 12pt;\">&#8211; I etap \u2013 355\u00a0594 z\u0142 brutto \u2013 wylicza Grzywacz. II etap \u2013 177\u00a0797 z\u0142 brutto<\/span><\/p>\n<p style=\"text-align: justify;\"><span style=\"font-size: 12pt;\">Czyli w sumie 533 tys 391 z\u0142. Jak ju\u017c wiemy z w\u0142asnych \u015brodk\u00f3w. A ile b\u0119dzie kamer?<\/span><\/p>\n<p style=\"text-align: justify;\"><span style=\"font-size: 12pt;\">&#8211; Osiem \u2013 odpowiada kr\u00f3tko rzecznik.<\/span><\/p>\n<p style=\"text-align: justify;\"><span style=\"font-size: 12pt;\">Nie do\u015b\u0107 wi\u0119c, \u017ce od pomys\u0142u do realizacji min\u0105\u0142 szmat czasu to monitoring b\u0119dzie mia\u0142 mniej kamer i inwestycja b\u0119dzie dro\u017csza to jeszcze powstanie wy\u0142\u0105cznie za pieni\u0105dze z bud\u017cetu miasta. Nie pozyskano ani grosza ze \u015brodk\u00f3w unijnych.<\/span><\/p>\n<p style=\"text-align: justify;\"><span style=\"font-size: 12pt;\"><strong>Jak wida\u0107 kosztowa\u0142 monitoring nie ma\u0142o, b\u0119dzie jeszcze kosztowniej?<\/strong><\/span><\/p>\n<p style=\"text-align: justify;\"><span style=\"font-size: 12pt;\">Jeden z radnych tj. Jerzy Rakowski zwraca uwag\u0119 na jeszcze inne wa\u017cne aspekty sprawy budowy monitoringu.<\/span><\/p>\n<p style=\"text-align: justify;\"><span style=\"font-size: 12pt;\">&#8211; Mnie osobi\u015bcie zdziwi\u0142o, o czym na sesji Rady Miasta m\u00f3wi\u0142em, \u017ce ca\u0142kowite koszty monitoringu nie tylko na etapie wykonania, ale i dalszej obs\u0142ugi b\u0119d\u0105 przerzucone na miasto. Zostanie zatrudnionych 5 os\u00f3b do obserwacji obrazu z tych kamer. W czasie, kiedy projekt by\u0142 przygotowywany za mojej kadencji by\u0142o wst\u0119pne porozumienie, \u017ce miasta finansuje infrastruktur\u0119 techniczn\u0105, za\u015b bezpo\u015brednia obs\u0142ug\u0105 b\u0119dzie zajmowa\u0142a si\u0119 policja. Przecie\u017c monitoring to dobre narz\u0119dzie dla policji. U\u0142atwiaj\u0105ce prac\u0119 i pozwalaj\u0105ce realizowa\u0107 ustawowe zadania. Wiadomo, \u017ce policja ma mo\u017cliwo\u015b\u0107 szybkiej reakcji, kiedy zauwa\u017cy, \u017ce dzieje co\u015b si\u0119 odbiegaj\u0105cego od tzw. normy. Stra\u017cnik miejski, najcz\u0119\u015bciej b\u0119dzie musia\u0142 przekaza\u0107 spraw\u0119 do policji, g\u0142\u00f3wnie ze wzgl\u0119du na brak kompetencji do podj\u0119cia skutecznych dzia\u0142a\u0144. To mo\u017ce op\u00f3\u017ani\u0107 czas reakcji a akcja b\u0119dzie nieskuteczna. Powiem kr\u00f3tko &#8211; te osiem kamer i pi\u0119\u0107 nowo zatrudnionych os\u00f3b, kt\u00f3re b\u0119d\u0105 finansowane przez miasta, tworzy do\u015b\u0107 drogie rozwi\u0105zanie dla bud\u017cetu miasta nie tylko na etapie inwestycji, ale tak\u017ce w czasie eksploatacji. Mo\u017cna by si\u0119 zastanawia\u0107 czy te \u015brodki, czyli 600 tys. i te 5 etat\u00f3w, czyli kolejne oko\u0142o 200 tys. na p\u0142ace, i to w ka\u017cdym roku, czy to w\u0142a\u015bciwy kierunek zapewnienia bezpiecze\u0144stwa dla niewielkiej przecie\u017c cz\u0119\u015bci M\u0142awy?.<\/span><\/p>\n<p style=\"text-align: justify;\"><span style=\"font-size: 12pt;\">Nasz rozm\u00f3wca zauwa\u017cy\u0142 jeszcze<\/span><\/p>\n<p style=\"text-align: justify;\"><span style=\"font-size: 12pt;\">&#8211; M\u0142awski monitoring, nie jest realizowany przy udziale \u015brodk\u00f3w zewn\u0119trznych. Powiem wi\u0119cej, w pewnym sensie jest realizowany za kredyty. Przecie\u017c miasto w ubieg\u0142ym roku, w okresie wyborczym zaci\u0105gn\u0119\u0142o wielomilionowe zobowi\u0105zania. Monitoring zosta\u0142 wprowadzony w ostatniej chwili przed wyborami. Wczesne mrozy zaskoczy\u0142y i uniemo\u017cliwi\u0142y realizacj\u0119 zadania w tamtym czasie. Prace przy monitoringu\u00a0\u00a0 trwaj\u0105 do dzisiaj.<\/span><\/p>\n<p style=\"text-align: justify;\"><span style=\"font-size: 12pt;\">Zastanawia, wi\u0119c czy nasze miasto sta\u0107 na takie rozwi\u0105zania, jakie zaproponowa\u0142 Urz\u0105d Miasta? Zw\u0142aszcza, \u017ce jak wida\u0107 inne miasto potrafi\u0142o sobie poradzi\u0107 ze zdobyciem \u015brodk\u00f3w unijnych na ten cel, a nasze jak mo\u017cna by s\u0105dzi\u0107 z wypowiedzi rzecznika, nawet przez ostatnie cztery lata si\u0119 o nie nie stara\u0142o.<\/span><\/p>\n<p style=\"text-align: justify;\"><span style=\"font-size: 12pt;\">\u00a0<span style=\"color: #ff0000;\"><strong>KOMENTARZE<\/strong><\/span><\/span><\/p>\n<p style=\"text-align: justify;\"><span style=\"font-size: 12pt;\"><i>Wydawca portalu nie ponosi odpowiedzialno\u015bci za tre\u015b\u0107 komentarzy zamieszczanych przez u\u017cytkownik\u00f3w. Osoby zamieszczaj\u0105ce wypowiedzi naruszaj\u0105ce prawo lub prawem chronione dobra os\u00f3b trzecich mog\u0105 ponie\u015b\u0107 z tego tytu\u0142u odpowiedzialno\u015b\u0107 karn\u0105 lub cywiln\u0105.<\/i><span style=\"color: #ff0000;\"><strong><i>JEDNOCZE\u015aNIE UZYTKOWNICY ZAMIESZCZAJ\u0104C KOMENTARZ OSWIADCZAJ\u0104, \u017bE BIOR\u0104 PE\u0141N\u0104 ODPOWIEDZIALNO\u015a\u0106 ZA TRE\u015aCI UMIESZCZONE PRZEZ SIEBIE<\/i><\/strong><\/span><\/span><\/p>\n<div style=\"padding-bottom:20px; padding-top:10px;\" class=\"hupso-share-buttons\"><!-- Hupso Share Buttons - https:\/\/www.hupso.com\/share\/ --><a class=\"hupso_pop\" href=\"https:\/\/www.hupso.com\/share\/\"><img decoding=\"async\" data-src=\"http:\/\/static.hupso.com\/share\/buttons\/button100x23.png\" style=\"border:0px; width:100; height: 23; \" alt=\"Share Button\" src=\"data:image\/svg+xml;base64,PHN2ZyB3aWR0aD0iMSIgaGVpZ2h0PSIxIiB4bWxucz0iaHR0cDovL3d3dy53My5vcmcvMjAwMC9zdmciPjwvc3ZnPg==\" class=\"lazyload\" \/><\/a><script type=\"text\/javascript\">var hupso_services=new Array(\"Twitter\",\"Facebook\",\"Pinterest\",\"Linkedin\",\"Tumblr\",\"StumbleUpon\",\"Digg\",\"Reddit\",\"Bebo\",\"Delicious\",\"QZone\",\"Renren\",\"Email\");var hupso_icon_type = \"labels\";var hupso_background=\"#3BF8FF\";var hupso_border=\"#FF2B0A\";var hupso_image_folder_url = \"\";var hupso_url=\"\";var hupso_title=\"M%C5%81AWA.Burmistrz%20nie%20pozyska%C5%82%20pieni%C4%99dzy.%20Monitoring%20obci%C4%85%C5%BCeniem%20dla%20bud%C5%BCetu\";<\/script><script type=\"text\/javascript\" src=\"http:\/\/static.hupso.com\/share\/js\/share.js\"><\/script><!-- Hupso Share Buttons --><\/div>","protected":false},"excerpt":{"rendered":"<p>Burmistrz S\u0142awomir Kowalewski w poprzedniej kadencji co roku obiecywa\u0142 budow\u0119 monitoringu i nie uda\u0142o mu si\u0119 dotrzyma\u0107 s\u0142owa. Teraz najprawdopodobniej powstanie. Chocia\u017c wyznaczony termin 15 maja zosta\u0142 ju\u017c przekroczony. Jednak&hellip; <\/p>\n<div style=\"padding-bottom:20px; padding-top:10px;\" class=\"hupso-share-buttons\"><!-- Hupso Share Buttons - https:\/\/www.hupso.com\/share\/ --><a class=\"hupso_pop\" href=\"https:\/\/www.hupso.com\/share\/\"><img data-src=\"http:\/\/static.hupso.com\/share\/buttons\/button100x23.png\" style=\"border:0px; width:100; height: 23; \" alt=\"Share Button\" src=\"data:image\/svg+xml;base64,PHN2ZyB3aWR0aD0iMSIgaGVpZ2h0PSIxIiB4bWxucz0iaHR0cDovL3d3dy53My5vcmcvMjAwMC9zdmciPjwvc3ZnPg==\" class=\"lazyload\" \/><\/a><script type=\"text\/javascript\">var hupso_services=new Array(\"Twitter\",\"Facebook\",\"Pinterest\",\"Linkedin\",\"Tumblr\",\"StumbleUpon\",\"Digg\",\"Reddit\",\"Bebo\",\"Delicious\",\"QZone\",\"Renren\",\"Email\");var hupso_icon_type = \"labels\";var hupso_background=\"#3BF8FF\";var hupso_border=\"#FF2B0A\";var hupso_image_folder_url = \"\";var hupso_url=\"\";var hupso_title=\"M%C5%81AWA.Burmistrz%20nie%20pozyska%C5%82%20pieni%C4%99dzy.%20Monitoring%20obci%C4%85%C5%BCeniem%20dla%20bud%C5%BCetu\";<\/script><script type=\"text\/javascript\" src=\"http:\/\/static.hupso.com\/share\/js\/share.js\"><\/script><!-- Hupso Share Buttons --><\/div>","protected":false},"author":1,"featured_media":1298,"comment_status":"open","ping_status":"open","sticky":false,"template":"","format":"standard","meta":{"_acf_changed":false,"wprm-recipe-roundup-name":"","wprm-recipe-roundup-description":"","footnotes":""},"categories":[19,28],"tags":[31,363,23,362,338],"class_list":["post-1297","post","type-post","status-publish","format-standard","has-post-thumbnail","hentry","category-aktualnosci","category-wyd","tag-budzet","tag-buristrz","tag-mlawa","tag-monitoring","tag-pieniadze"],"acf":[],"amp_enabled":true,"_links":{"self":[{"href":"http:\/\/portalm\u0142awa.pl\/index.php?rest_route=\/wp\/v2\/posts\/1297","targetHints":{"allow":["GET"]}}],"collection":[{"href":"http:\/\/portalm\u0142awa.pl\/index.php?rest_route=\/wp\/v2\/posts"}],"about":[{"href":"http:\/\/portalm\u0142awa.pl\/index.php?rest_route=\/wp\/v2\/types\/post"}],"author":[{"embeddable":true,"href":"http:\/\/portalm\u0142awa.pl\/index.php?rest_route=\/wp\/v2\/users\/1"}],"replies":[{"embeddable":true,"href":"http:\/\/portalm\u0142awa.pl\/index.php?rest_route=%2Fwp%2Fv2%2Fcomments&post=1297"}],"version-history":[{"count":1,"href":"http:\/\/portalm\u0142awa.pl\/index.php?rest_route=\/wp\/v2\/posts\/1297\/revisions"}],"predecessor-version":[{"id":1299,"href":"http:\/\/portalm\u0142awa.pl\/index.php?rest_route=\/wp\/v2\/posts\/1297\/revisions\/1299"}],"wp:featuredmedia":[{"embeddable":true,"href":"http:\/\/portalm\u0142awa.pl\/index.php?rest_route=\/wp\/v2\/media\/1298"}],"wp:attachment":[{"href":"http:\/\/portalm\u0142awa.pl\/index.php?rest_route=%2Fwp%2Fv2%2Fmedia&parent=1297"}],"wp:term":[{"taxonomy":"category","embeddable":true,"href":"http:\/\/portalm\u0142awa.pl\/index.php?rest_route=%2Fwp%2Fv2%2Fcategories&post=1297"},{"taxonomy":"post_tag","embeddable":true,"href":"http:\/\/portalm\u0142awa.pl\/index.php?rest_route=%2Fwp%2Fv2%2Ftags&post=1297"}],"curies":[{"name":"wp","href":"https:\/\/api.w.org\/{rel}","templated":true}]}}