{"id":13110,"date":"2026-02-04T16:06:46","date_gmt":"2026-02-04T15:06:46","guid":{"rendered":"http:\/\/portalm\u0142awa.pl\/?p=13110"},"modified":"2026-02-04T16:06:46","modified_gmt":"2026-02-04T15:06:46","slug":"swietlica-na-piekielku-do-generalnej-metamorfozy-miasto-rusza-z-postepowaniem","status":"publish","type":"post","link":"http:\/\/portalm\u0142awa.pl\/?p=13110","title":{"rendered":"\u015awietlica na Piekie\u0142ku do generalnej metamorfozy. Miasto rusza z post\u0119powaniem"},"content":{"rendered":"<p style=\"text-align: justify;\">To informacja, na kt\u00f3r\u0105 mieszka\u0144cy osiedla Piekie\u0142ko czekali od dawna. 4 lutego 2026 roku Miasto M\u0142awa oficjalnie og\u0142osi\u0142o post\u0119powanie, kt\u00f3rego celem jest wy\u0142onienie wykonawcy kompleksowego remontu \u015bwietlicy osiedlowej przy ul. Piekie\u0142ko 66. Nie b\u0119dzie to kosmetyczne od\u015bwie\u017cenie \u2013 zaplanowano gruntown\u0105 modernizacj\u0119 ca\u0142ego obiektu.<\/p>\n<p style=\"text-align: justify;\"><strong>Nie tylko farba i pod\u0142oga<\/strong><\/p>\n<p style=\"text-align: justify;\">Zakres prac robi wra\u017cenie. Projekt zak\u0142ada przebudow\u0119 cz\u0119\u015bci \u015bcian, wymian\u0119 pod\u0142\u00f3g i posadzek, generalny remont toalet oraz aneksu kuchennego. Wn\u0119trza zyskaj\u0105 sufity podwieszane, nowe malowanie, a tak\u017ce ca\u0142kowicie now\u0105 stolark\u0119 drzwiow\u0105 \u2013 zar\u00f3wno wewn\u0119trzn\u0105, jak i zewn\u0119trzn\u0105.<\/p>\n<p style=\"text-align: justify;\">To jednak dopiero pocz\u0105tek zmian.<\/p>\n<p style=\"text-align: justify;\"><strong>Nowe instalacje, nowe standardy<\/strong><\/p>\n<p style=\"text-align: justify;\">Jednym z kluczowych element\u00f3w inwestycji b\u0119dzie wymiana instalacji sanitarnych i elektrycznych. W budynku pojawi si\u0119 centralne ogrzewanie, klimatyzacja oraz wentylacja mechaniczna w pomieszczeniach WC. Przebudowane zostan\u0105 instalacje wodno-kanalizacyjne, a nowoczesna instalacja elektryczna obejmie m.in. nowe o\u015bwietlenie, gniazda, zasilanie klimatyzacji, grzejniki elektryczne, podgrzewacze wody i wentylatory.<\/p>\n<p style=\"text-align: justify;\">Kr\u00f3tko m\u00f3wi\u0105c \u2013 \u015bwietlica zostanie dostosowana do wsp\u00f3\u0142czesnych standard\u00f3w komfortu i bezpiecze\u0144stwa.<\/p>\n<p style=\"text-align: justify;\"><strong>G\u0142os mieszka\u0144c\u00f3w i OSP mia\u0142 znaczenie<\/strong><\/p>\n<p style=\"text-align: justify;\">Warto podkre\u015bli\u0107, \u017ce pomys\u0142 remontu pojawi\u0142 si\u0119 ju\u017c w ubieg\u0142ym roku w ramach inwestycji osiedlowych. Podczas spotka\u0144 po\u015bwi\u0119conych temu zadaniu OSP Piekie\u0142ko jasno wskaza\u0142o, \u017ce obiekt wymaga znacznie szerszego zakresu prac, a pierwotnie zaplanowane \u015brodki s\u0105 niewystarczaj\u0105ce.<\/p>\n<p style=\"text-align: justify;\">Ta uwaga nie pozosta\u0142a bez echa. Burmistrz Miasta M\u0142awa zdecydowa\u0142 o zabezpieczeniu w bud\u017cecie na 2026 rok odpowiednich \u015brodk\u00f3w, co otworzy\u0142o drog\u0119 do realizacji pe\u0142nej modernizacji.<\/p>\n<p style=\"text-align: justify;\"><strong>Terminy s\u0105 znane<\/strong><\/p>\n<p style=\"text-align: justify;\">\ud83d\udccc Oferty mo\u017cna sk\u0142ada\u0107 do 19 lutego 2026 r.<\/p>\n<p style=\"text-align: justify;\">\ud83d\udccc Podpisanie umowy zaplanowano na 20 marca 2026 r.<\/p>\n<p style=\"text-align: justify;\">\ud83d\udccc Czas realizacji prac: do 90 dni od podpisania umowy<\/p>\n<p style=\"text-align: justify;\">Je\u015bli harmonogram zostanie dotrzymany, jeszcze w tym roku mieszka\u0144cy b\u0119d\u0105 mogli korzysta\u0107 z odnowionej przestrzeni.<\/p>\n<p style=\"text-align: justify;\"><strong>Nowe serce osiedla<\/strong><\/p>\n<p style=\"text-align: justify;\">Po zako\u0144czeniu inwestycji \u015bwietlica przy ul. Piekie\u0142ko 66 ma sta\u0107 si\u0119 nowoczesnym, funkcjonalnym i bezpiecznym miejscem spotka\u0144 \u2013 przestrzeni\u0105 dla mieszka\u0144c\u00f3w, lokalnych inicjatyw, spotka\u0144 integracyjnych i dzia\u0142a\u0144 spo\u0142ecznych.<\/p>\n<p style=\"text-align: justify;\">To przyk\u0142ad inwestycji, kt\u00f3ra nie tylko zmienia budynek, ale wzmacnia lokaln\u0105 wsp\u00f3lnot\u0119. A na Piekie\u0142ku ta wsp\u00f3lnota w\u0142a\u015bnie zyskuje nowe miejsce do \u017cycia.<\/p>\n<p style=\"text-align: justify;\">T.B fot MM<\/p>\n<p style=\"text-align: justify;\">KOMENTARZE<\/p>\n<p style=\"text-align: justify;\">Wydawca portalu nie ponosi odpowiedzialno\u015bci za tre\u015b\u0107 komentarzy zamieszczanych przez u\u017cytkownik\u00f3w. Osoby zamieszczaj\u0105ce wypowiedzi naruszaj\u0105ce prawo lub prawem chronione dobra os\u00f3b trzecich mog\u0105 ponie\u015b\u0107 z tego tytu\u0142u odpowiedzialno\u015b\u0107 karn\u0105 lub cywiln\u0105.JEDNOCZE\u015aNIE UZYTKOWNICY ZAMIESZCZAJ\u0104C KOMENTARZ OSWIADCZAJ\u0104, \u017bE BIOR\u0104 PE\u0141N\u0104 ODPOWIEDZIALNO\u015a\u0106 ZA TRE\u015aCI UMIESZCZONE PRZEZ SIEBIE<\/p>\n<div style=\"padding-bottom:20px; padding-top:10px;\" class=\"hupso-share-buttons\"><!-- Hupso Share Buttons - https:\/\/www.hupso.com\/share\/ --><a class=\"hupso_pop\" href=\"https:\/\/www.hupso.com\/share\/\"><img decoding=\"async\" data-src=\"http:\/\/static.hupso.com\/share\/buttons\/button100x23.png\" style=\"border:0px; width:100; height: 23; \" alt=\"Share Button\" src=\"data:image\/svg+xml;base64,PHN2ZyB3aWR0aD0iMSIgaGVpZ2h0PSIxIiB4bWxucz0iaHR0cDovL3d3dy53My5vcmcvMjAwMC9zdmciPjwvc3ZnPg==\" class=\"lazyload\" \/><\/a><script type=\"text\/javascript\">var hupso_services=new Array(\"Twitter\",\"Facebook\",\"Pinterest\",\"Linkedin\",\"Tumblr\",\"StumbleUpon\",\"Digg\",\"Reddit\",\"Bebo\",\"Delicious\",\"QZone\",\"Renren\",\"Email\");var hupso_icon_type = \"labels\";var hupso_background=\"#3BF8FF\";var hupso_border=\"#FF2B0A\";var hupso_image_folder_url = \"\";var hupso_url=\"\";var hupso_title=\"%C5%9Awietlica%20na%20Piekie%C5%82ku%20do%20generalnej%20metamorfozy.%20Miasto%20rusza%20z%20post%C4%99powaniem\";<\/script><script type=\"text\/javascript\" src=\"http:\/\/static.hupso.com\/share\/js\/share.js\"><\/script><!-- Hupso Share Buttons --><\/div>","protected":false},"excerpt":{"rendered":"<p>To informacja, na kt\u00f3r\u0105 mieszka\u0144cy osiedla Piekie\u0142ko czekali od dawna. 4 lutego 2026 roku Miasto M\u0142awa oficjalnie og\u0142osi\u0142o post\u0119powanie, kt\u00f3rego celem jest wy\u0142onienie wykonawcy kompleksowego remontu \u015bwietlicy osiedlowej przy ul.&hellip; <\/p>\n<div style=\"padding-bottom:20px; padding-top:10px;\" class=\"hupso-share-buttons\"><!-- Hupso Share Buttons - https:\/\/www.hupso.com\/share\/ --><a class=\"hupso_pop\" href=\"https:\/\/www.hupso.com\/share\/\"><img data-src=\"http:\/\/static.hupso.com\/share\/buttons\/button100x23.png\" style=\"border:0px; width:100; height: 23; \" alt=\"Share Button\" src=\"data:image\/svg+xml;base64,PHN2ZyB3aWR0aD0iMSIgaGVpZ2h0PSIxIiB4bWxucz0iaHR0cDovL3d3dy53My5vcmcvMjAwMC9zdmciPjwvc3ZnPg==\" class=\"lazyload\" \/><\/a><script type=\"text\/javascript\">var hupso_services=new Array(\"Twitter\",\"Facebook\",\"Pinterest\",\"Linkedin\",\"Tumblr\",\"StumbleUpon\",\"Digg\",\"Reddit\",\"Bebo\",\"Delicious\",\"QZone\",\"Renren\",\"Email\");var hupso_icon_type = \"labels\";var hupso_background=\"#3BF8FF\";var hupso_border=\"#FF2B0A\";var hupso_image_folder_url = \"\";var hupso_url=\"\";var hupso_title=\"%C5%9Awietlica%20na%20Piekie%C5%82ku%20do%20generalnej%20metamorfozy.%20Miasto%20rusza%20z%20post%C4%99powaniem\";<\/script><script type=\"text\/javascript\" src=\"http:\/\/static.hupso.com\/share\/js\/share.js\"><\/script><!-- Hupso Share Buttons --><\/div>","protected":false},"author":1,"featured_media":13111,"comment_status":"open","ping_status":"open","sticky":false,"template":"","format":"standard","meta":{"_acf_changed":false,"wprm-recipe-roundup-name":"","wprm-recipe-roundup-description":"","footnotes":""},"categories":[19,28],"tags":[],"class_list":["post-13110","post","type-post","status-publish","format-standard","has-post-thumbnail","hentry","category-aktualnosci","category-wyd"],"acf":[],"amp_enabled":true,"_links":{"self":[{"href":"http:\/\/portalm\u0142awa.pl\/index.php?rest_route=\/wp\/v2\/posts\/13110","targetHints":{"allow":["GET"]}}],"collection":[{"href":"http:\/\/portalm\u0142awa.pl\/index.php?rest_route=\/wp\/v2\/posts"}],"about":[{"href":"http:\/\/portalm\u0142awa.pl\/index.php?rest_route=\/wp\/v2\/types\/post"}],"author":[{"embeddable":true,"href":"http:\/\/portalm\u0142awa.pl\/index.php?rest_route=\/wp\/v2\/users\/1"}],"replies":[{"embeddable":true,"href":"http:\/\/portalm\u0142awa.pl\/index.php?rest_route=%2Fwp%2Fv2%2Fcomments&post=13110"}],"version-history":[{"count":1,"href":"http:\/\/portalm\u0142awa.pl\/index.php?rest_route=\/wp\/v2\/posts\/13110\/revisions"}],"predecessor-version":[{"id":13112,"href":"http:\/\/portalm\u0142awa.pl\/index.php?rest_route=\/wp\/v2\/posts\/13110\/revisions\/13112"}],"wp:featuredmedia":[{"embeddable":true,"href":"http:\/\/portalm\u0142awa.pl\/index.php?rest_route=\/wp\/v2\/media\/13111"}],"wp:attachment":[{"href":"http:\/\/portalm\u0142awa.pl\/index.php?rest_route=%2Fwp%2Fv2%2Fmedia&parent=13110"}],"wp:term":[{"taxonomy":"category","embeddable":true,"href":"http:\/\/portalm\u0142awa.pl\/index.php?rest_route=%2Fwp%2Fv2%2Fcategories&post=13110"},{"taxonomy":"post_tag","embeddable":true,"href":"http:\/\/portalm\u0142awa.pl\/index.php?rest_route=%2Fwp%2Fv2%2Ftags&post=13110"}],"curies":[{"name":"wp","href":"https:\/\/api.w.org\/{rel}","templated":true}]}}