{"id":13122,"date":"2026-02-05T12:06:58","date_gmt":"2026-02-05T11:06:58","guid":{"rendered":"http:\/\/portalm\u0142awa.pl\/?p=13122"},"modified":"2026-02-05T12:06:58","modified_gmt":"2026-02-05T11:06:58","slug":"zaginiona-18-latka-z-grzybowa-nie-zyje","status":"publish","type":"post","link":"http:\/\/portalm\u0142awa.pl\/?p=13122","title":{"rendered":"Zaginiona 18- latka z Grzybowa nie \u017cyje"},"content":{"rendered":"<p class=\"gwp0f625e0a_MsoNormal\" style=\"color: #2c2f45; font-family: Verdana, Arial, Helvetica, sans-serif; font-size: small; text-align: justify; line-height: normal;\"><b><span style=\"font-size: 12pt; font-family: 'Times New Roman', 'serif';\">Komenda Powiatowa Policji w Ciechanowie zako\u0144czy\u0142a poszukiwania zaginionej 18-letniej mieszkanki Grzybowa, kt\u00f3ra w dniu 2 lutego wysz\u0142a z domu i od tamtej pory nie by\u0142o z ni\u0105 \u017cadnego kontaktu. Dzi\u015b w kolejnym dniu poszukiwa\u0144 prowadzonych na rzece\u00a0w m. Targonie przy udziale wodnej s\u0142u\u017cby ratowniczej z Wroc\u0142awia niestety zosta\u0142o odnalezione cia\u0142o zaginionej.<\/span><\/b><\/p>\n<p class=\"gwp0f625e0a_MsoNormal\" style=\"color: #2c2f45; font-family: Verdana, Arial, Helvetica, sans-serif; font-size: small; text-align: justify; line-height: normal;\"><b><span style=\"font-size: 12pt; font-family: 'Times New Roman', 'serif';\">Przyczyny i okoliczno\u015bci tego zdarzenia b\u0119d\u0105 przedmiotem prowadzonego \u015bledztwa.\u00a0\u00a0\u00a0<\/span><\/b><\/p>\n<p class=\"gwp0f625e0a_MsoNormal\" style=\"color: #2c2f45; font-family: Verdana, Arial, Helvetica, sans-serif; font-size: small; text-align: justify; line-height: normal;\"><b><span style=\"font-size: 12pt; font-family: 'Times New Roman', 'serif';\">Jednocze\u015bnie dzi\u0119kujemy wszystkim za zaanga\u017cowanie i udzielon\u0105 pomoc w prowadzonych poszukiwaniach.<\/span><\/b><\/p>\n<p class=\"gwp0f625e0a_MsoNormal\" style=\"color: #2c2f45; font-family: Verdana, Arial, Helvetica, sans-serif; font-size: small; text-align: justify; line-height: normal;\"><b><span style=\"font-size: 12pt; font-family: 'Times New Roman', 'serif';\">nadkom. Jolanta Bym<\/span><\/b><\/p>\n<div style=\"padding-bottom:20px; padding-top:10px;\" class=\"hupso-share-buttons\"><!-- Hupso Share Buttons - https:\/\/www.hupso.com\/share\/ --><a class=\"hupso_pop\" href=\"https:\/\/www.hupso.com\/share\/\"><img decoding=\"async\" data-src=\"http:\/\/static.hupso.com\/share\/buttons\/button100x23.png\" style=\"border:0px; width:100; height: 23; \" alt=\"Share Button\" src=\"data:image\/svg+xml;base64,PHN2ZyB3aWR0aD0iMSIgaGVpZ2h0PSIxIiB4bWxucz0iaHR0cDovL3d3dy53My5vcmcvMjAwMC9zdmciPjwvc3ZnPg==\" class=\"lazyload\" \/><\/a><script type=\"text\/javascript\">var hupso_services=new Array(\"Twitter\",\"Facebook\",\"Pinterest\",\"Linkedin\",\"Tumblr\",\"StumbleUpon\",\"Digg\",\"Reddit\",\"Bebo\",\"Delicious\",\"QZone\",\"Renren\",\"Email\");var hupso_icon_type = \"labels\";var hupso_background=\"#3BF8FF\";var hupso_border=\"#FF2B0A\";var hupso_image_folder_url = \"\";var hupso_url=\"\";var hupso_title=\"Zaginiona%2018-%20latka%20z%20Grzybowa%20nie%20%C5%BCyje\";<\/script><script type=\"text\/javascript\" src=\"http:\/\/static.hupso.com\/share\/js\/share.js\"><\/script><!-- Hupso Share Buttons --><\/div>","protected":false},"excerpt":{"rendered":"<p>Komenda Powiatowa Policji w Ciechanowie zako\u0144czy\u0142a poszukiwania zaginionej 18-letniej mieszkanki Grzybowa, kt\u00f3ra w dniu 2 lutego wysz\u0142a z domu i od tamtej pory nie by\u0142o z ni\u0105 \u017cadnego kontaktu. Dzi\u015b&hellip; <\/p>\n<div style=\"padding-bottom:20px; padding-top:10px;\" class=\"hupso-share-buttons\"><!-- Hupso Share Buttons - https:\/\/www.hupso.com\/share\/ --><a class=\"hupso_pop\" href=\"https:\/\/www.hupso.com\/share\/\"><img data-src=\"http:\/\/static.hupso.com\/share\/buttons\/button100x23.png\" style=\"border:0px; width:100; height: 23; \" alt=\"Share Button\" src=\"data:image\/svg+xml;base64,PHN2ZyB3aWR0aD0iMSIgaGVpZ2h0PSIxIiB4bWxucz0iaHR0cDovL3d3dy53My5vcmcvMjAwMC9zdmciPjwvc3ZnPg==\" class=\"lazyload\" \/><\/a><script type=\"text\/javascript\">var hupso_services=new Array(\"Twitter\",\"Facebook\",\"Pinterest\",\"Linkedin\",\"Tumblr\",\"StumbleUpon\",\"Digg\",\"Reddit\",\"Bebo\",\"Delicious\",\"QZone\",\"Renren\",\"Email\");var hupso_icon_type = \"labels\";var hupso_background=\"#3BF8FF\";var hupso_border=\"#FF2B0A\";var hupso_image_folder_url = \"\";var hupso_url=\"\";var hupso_title=\"Zaginiona%2018-%20latka%20z%20Grzybowa%20nie%20%C5%BCyje\";<\/script><script type=\"text\/javascript\" src=\"http:\/\/static.hupso.com\/share\/js\/share.js\"><\/script><!-- Hupso Share Buttons --><\/div>","protected":false},"author":1,"featured_media":5280,"comment_status":"open","ping_status":"open","sticky":false,"template":"","format":"standard","meta":{"_acf_changed":false,"wprm-recipe-roundup-name":"","wprm-recipe-roundup-description":"","footnotes":""},"categories":[19,5,28],"tags":[],"class_list":["post-13122","post","type-post","status-publish","format-standard","has-post-thumbnail","hentry","category-aktualnosci","category-na-sygnale","category-wyd"],"acf":[],"amp_enabled":true,"_links":{"self":[{"href":"http:\/\/portalm\u0142awa.pl\/index.php?rest_route=\/wp\/v2\/posts\/13122","targetHints":{"allow":["GET"]}}],"collection":[{"href":"http:\/\/portalm\u0142awa.pl\/index.php?rest_route=\/wp\/v2\/posts"}],"about":[{"href":"http:\/\/portalm\u0142awa.pl\/index.php?rest_route=\/wp\/v2\/types\/post"}],"author":[{"embeddable":true,"href":"http:\/\/portalm\u0142awa.pl\/index.php?rest_route=\/wp\/v2\/users\/1"}],"replies":[{"embeddable":true,"href":"http:\/\/portalm\u0142awa.pl\/index.php?rest_route=%2Fwp%2Fv2%2Fcomments&post=13122"}],"version-history":[{"count":1,"href":"http:\/\/portalm\u0142awa.pl\/index.php?rest_route=\/wp\/v2\/posts\/13122\/revisions"}],"predecessor-version":[{"id":13123,"href":"http:\/\/portalm\u0142awa.pl\/index.php?rest_route=\/wp\/v2\/posts\/13122\/revisions\/13123"}],"wp:featuredmedia":[{"embeddable":true,"href":"http:\/\/portalm\u0142awa.pl\/index.php?rest_route=\/wp\/v2\/media\/5280"}],"wp:attachment":[{"href":"http:\/\/portalm\u0142awa.pl\/index.php?rest_route=%2Fwp%2Fv2%2Fmedia&parent=13122"}],"wp:term":[{"taxonomy":"category","embeddable":true,"href":"http:\/\/portalm\u0142awa.pl\/index.php?rest_route=%2Fwp%2Fv2%2Fcategories&post=13122"},{"taxonomy":"post_tag","embeddable":true,"href":"http:\/\/portalm\u0142awa.pl\/index.php?rest_route=%2Fwp%2Fv2%2Ftags&post=13122"}],"curies":[{"name":"wp","href":"https:\/\/api.w.org\/{rel}","templated":true}]}}