{"id":13150,"date":"2026-02-07T10:27:53","date_gmt":"2026-02-07T09:27:53","guid":{"rendered":"http:\/\/portalm\u0142awa.pl\/?p=13150"},"modified":"2026-02-07T10:27:53","modified_gmt":"2026-02-07T09:27:53","slug":"energia-w-rekach-regionow-mlawa-o-lokalnym-bezpieczenstwie-energetycznym-bez-iluzji","status":"publish","type":"post","link":"http:\/\/portalm\u0142awa.pl\/?p=13150","title":{"rendered":"Energia w r\u0119kach region\u00f3w. M\u0142awa o lokalnym bezpiecze\u0144stwie energetycznym bez iluzji"},"content":{"rendered":"<p style=\"text-align: justify;\">Czy przysz\u0142o\u015b\u0107 polskiej energetyki rodzi si\u0119 w wielkich ministerialnych gabinetach? A mo\u017ce \u2014 jak coraz cz\u0119\u015bciej s\u0142ycha\u0107 \u2014 w powiatach, gminach i lokalnych wsp\u00f3lnotach? Odpowiedzi na to pytanie szukano 5 lutego 2026 roku w M\u0142awie, gdzie w sali konferencyjnej Starostwa Powiatowego odby\u0142o si\u0119 wa\u017cne spotkanie po\u015bwi\u0119cone budowaniu bezpiecze\u0144stwa energetycznego lokalnej infrastruktury.<\/p>\n<p style=\"text-align: justify;\">Do M\u0142awy zjechali przedstawiciele administracji publicznej, parlamentarzy\u015bci, samorz\u0105dowcy z powiatu m\u0142awskiego i s\u0105siednich region\u00f3w, przedsi\u0119biorcy, eksperci sektora energetycznego oraz praktycy rozwijaj\u0105cy w Polsce energetyk\u0119 obywatelsk\u0105. To w\u0142a\u015bnie ona by\u0142a g\u0142\u00f3wnym bohaterem konferencji.<\/p>\n<p style=\"text-align: justify;\"><strong>Energetyka obywatelska zamiast centralnych zale\u017cno\u015bci<\/strong><\/p>\n<p style=\"text-align: justify;\">Honorowy patronat nad wydarzeniem obj\u0105\u0142 Marsza\u0142ek Wojew\u00f3dztwa Mazowieckiego Adam Struzik, a organizatorem by\u0142 Starosta M\u0142awski Witold Okumski, kt\u00f3ry oficjalnie otworzy\u0142 konferencj\u0119. W swoim wyst\u0105pieniu jasno okre\u015bli\u0142 cel spotkania: pokazanie realnych dr\u00f3g budowania bezpiecze\u0144stwa energetycznego regionu, odpornego na kryzysy, wahania cen i zewn\u0119trzne zagro\u017cenia.<\/p>\n<p style=\"text-align: justify;\">\u2014 Bezpiecze\u0144stwo energetyczne to dzi\u015b nie luksus, lecz fundament stabilnego rozwoju \u2014 podkre\u015blano ju\u017c na pocz\u0105tku debaty.<\/p>\n<p style=\"text-align: justify;\"><strong>Mocne nazwiska, konkretne wnioski<\/strong><\/p>\n<p style=\"text-align: justify;\">W\u015br\u00f3d prelegent\u00f3w znale\u017ali si\u0119 m.in.:<\/p>\n<p style=\"text-align: justify;\">Stanis\u0142aw \u017belichowski \u2013 by\u0142y Minister \u015arodowiska,<\/p>\n<p style=\"text-align: justify;\">Marek Sawicki \u2013 Pose\u0142 na Sejm RP, by\u0142y Minister Rolnictwa i Rozwoju Wsi,<\/p>\n<p style=\"text-align: justify;\">Marek Pszonka \u2013 Wiceprezes Zarz\u0105du Energa-Operator S.A.,<\/p>\n<p style=\"text-align: justify;\">dr Mariusz K\u0142os \u2013 wyk\u0142adowca Politechniki Warszawskiej,<\/p>\n<p style=\"text-align: justify;\">Artur \u017by\u0142ka \u2013 Kierownik Referatu Gospodarki Przestrzennej i Komunalnej UG Rybno.<\/p>\n<p style=\"text-align: justify;\">Podsumowania wcze\u015bniejszych inicjatyw i dotychczasowych dzia\u0142a\u0144 dokona\u0142 Stanis\u0142aw \u017belichowski, wskazuj\u0105c, \u017ce Polska stoi dzi\u015b przed historyczn\u0105 szans\u0105 na zbudowanie silnej, rozproszonej energetyki lokalnej, opartej na w\u0142asnych zasobach.<\/p>\n<p style=\"text-align: justify;\">Szczeg\u00f3lne zainteresowanie wzbudzi\u0142o wyst\u0105pienie Konrada Wojnarowskiego, Podsekretarza Stanu w Ministerstwie Energii. Wskazywa\u0142 on na kluczow\u0105 rol\u0119 energii rozproszonej, sp\u00f3\u0142dzielni energetycznych i klastr\u00f3w energii, kt\u00f3re mog\u0105 realnie zwi\u0119kszy\u0107 samowystarczalno\u015b\u0107 gmin i powiat\u00f3w.<\/p>\n<p style=\"text-align: justify;\"><strong>Bariery, kt\u00f3re trzeba prze\u0142ama\u0107<\/strong><\/p>\n<p style=\"text-align: justify;\">Uczestnicy konferencji nie unikali trudnych temat\u00f3w. Dyskutowano o barierach prawnych, instytucjonalnych i finansowych, kt\u00f3re wci\u0105\u017c spowalniaj\u0105 rozw\u00f3j energetyki obywatelskiej w Polsce i Unii Europejskiej. W centrum uwagi znalaz\u0142y si\u0119:<\/p>\n<p style=\"text-align: justify;\">&#8211; funkcjonowanie sp\u00f3\u0142dzielni energetycznych,<\/p>\n<p style=\"text-align: justify;\">&#8211; rola operator\u00f3w system\u00f3w dystrybucyjnych,<\/p>\n<p style=\"text-align: justify;\">&#8211; wsp\u00f3\u0142praca administracji publicznej z lokalnymi inicjatywami,<\/p>\n<p style=\"text-align: justify;\"><strong>integracja energii elektrycznej, ciep\u0142a i gazu (tzw. sector coupling).<\/strong><\/p>\n<p style=\"text-align: justify;\">Eksperci podkre\u015blali znaczenie kogeneracji, biogazu, magazyn\u00f3w energii, a tak\u017ce ogromny potencja\u0142 teren\u00f3w rolniczych i le\u015bnych w rozwoju lokalnych \u017ar\u00f3de\u0142 energii. Du\u017co miejsca po\u015bwi\u0119cono r\u00f3wnie\u017c energetyce s\u0142onecznej i wiatrowej, jako filarom niezale\u017cno\u015bci energetycznej samorz\u0105d\u00f3w.<\/p>\n<p style=\"text-align: justify;\"><strong>Wiedza i kadry kluczem do sukcesu<\/strong><\/p>\n<p style=\"text-align: justify;\">Wyra\u017anie wybrzmia\u0142 tak\u017ce w\u0105tek kompetencji i edukacji. Bez wyszkolonych kadr, lokalnych ekspert\u00f3w i \u015bwiadomych mieszka\u0144c\u00f3w nawet najlepsze strategie pozostan\u0105 na papierze. Om\u00f3wiono r\u00f3wnie\u017c mo\u017cliwo\u015bci finansowania inwestycji \u2014 od funduszy unijnych, przez stabilno\u015b\u0107 regulacyjn\u0105, po rol\u0119 sektora bankowego.<\/p>\n<p style=\"text-align: justify;\"><strong>Wsp\u00f3\u0142praca zamiast samotnej walki<\/strong><\/p>\n<p style=\"text-align: justify;\">Konferencj\u0119 zako\u0144czy\u0142a dyskusja podsumowuj\u0105ca, w kt\u00f3rej wielokrotnie powtarza\u0142o si\u0119 jedno przes\u0142anie: bez wsp\u00f3\u0142pracy samorz\u0105d\u00f3w, mieszka\u0144c\u00f3w i sektora energetycznego nie da si\u0119 zbudowa\u0107 trwa\u0142ego bezpiecze\u0144stwa energetycznego.<\/p>\n<p style=\"text-align: justify;\">M\u0142awa pokaza\u0142a, \u017ce lokalna debata mo\u017ce mie\u0107 og\u00f3lnokrajowy ci\u0119\u017car. Bo dzi\u015b coraz wyra\u017aniej wida\u0107, \u017ce bezpiecze\u0144stwo energetyczne Polski zaczyna si\u0119 nie w centrali \u2014 lecz tu, na dole, w regionach.<\/p>\n<p style=\"text-align: justify;\">T.B fot powiatmlawski.pl<\/p>\n<p style=\"text-align: justify;\">KOMENTARZE<\/p>\n<p style=\"text-align: justify;\">Wydawca portalu nie ponosi odpowiedzialno\u015bci za tre\u015b\u0107 komentarzy zamieszczanych przez u\u017cytkownik\u00f3w. Osoby zamieszczaj\u0105ce wypowiedzi naruszaj\u0105ce prawo lub prawem chronione dobra os\u00f3b trzecich mog\u0105 ponie\u015b\u0107 z tego tytu\u0142u odpowiedzialno\u015b\u0107 karn\u0105 lub cywiln\u0105.JEDNOCZE\u015aNIE UZYTKOWNICY ZAMIESZCZAJ\u0104C KOMENTARZ OSWIADCZAJ\u0104, \u017bE BIOR\u0104 PE\u0141N\u0104 ODPOWIEDZIALNO\u015a\u0106 ZA TRE\u015aCI UMIESZCZONE PRZEZ SIEBIE<\/p>\n<div style=\"padding-bottom:20px; padding-top:10px;\" class=\"hupso-share-buttons\"><!-- Hupso Share Buttons - https:\/\/www.hupso.com\/share\/ --><a class=\"hupso_pop\" href=\"https:\/\/www.hupso.com\/share\/\"><img decoding=\"async\" data-src=\"http:\/\/static.hupso.com\/share\/buttons\/button100x23.png\" style=\"border:0px; width:100; height: 23; \" alt=\"Share Button\" src=\"data:image\/svg+xml;base64,PHN2ZyB3aWR0aD0iMSIgaGVpZ2h0PSIxIiB4bWxucz0iaHR0cDovL3d3dy53My5vcmcvMjAwMC9zdmciPjwvc3ZnPg==\" class=\"lazyload\" \/><\/a><script type=\"text\/javascript\">var hupso_services=new Array(\"Twitter\",\"Facebook\",\"Pinterest\",\"Linkedin\",\"Tumblr\",\"StumbleUpon\",\"Digg\",\"Reddit\",\"Bebo\",\"Delicious\",\"QZone\",\"Renren\",\"Email\");var hupso_icon_type = \"labels\";var hupso_background=\"#3BF8FF\";var hupso_border=\"#FF2B0A\";var hupso_image_folder_url = \"\";var hupso_url=\"\";var hupso_title=\"Energia%20w%20r%C4%99kach%20region%C3%B3w.%20M%C5%82awa%20o%20lokalnym%20bezpiecze%C5%84stwie%20energetycznym%20bez%20iluzji\";<\/script><script type=\"text\/javascript\" src=\"http:\/\/static.hupso.com\/share\/js\/share.js\"><\/script><!-- Hupso Share Buttons --><\/div>","protected":false},"excerpt":{"rendered":"<p>Czy przysz\u0142o\u015b\u0107 polskiej energetyki rodzi si\u0119 w wielkich ministerialnych gabinetach? A mo\u017ce \u2014 jak coraz cz\u0119\u015bciej s\u0142ycha\u0107 \u2014 w powiatach, gminach i lokalnych wsp\u00f3lnotach? Odpowiedzi na to pytanie szukano 5&hellip; <\/p>\n<div style=\"padding-bottom:20px; padding-top:10px;\" class=\"hupso-share-buttons\"><!-- Hupso Share Buttons - https:\/\/www.hupso.com\/share\/ --><a class=\"hupso_pop\" href=\"https:\/\/www.hupso.com\/share\/\"><img data-src=\"http:\/\/static.hupso.com\/share\/buttons\/button100x23.png\" style=\"border:0px; width:100; height: 23; \" alt=\"Share Button\" src=\"data:image\/svg+xml;base64,PHN2ZyB3aWR0aD0iMSIgaGVpZ2h0PSIxIiB4bWxucz0iaHR0cDovL3d3dy53My5vcmcvMjAwMC9zdmciPjwvc3ZnPg==\" class=\"lazyload\" \/><\/a><script type=\"text\/javascript\">var hupso_services=new Array(\"Twitter\",\"Facebook\",\"Pinterest\",\"Linkedin\",\"Tumblr\",\"StumbleUpon\",\"Digg\",\"Reddit\",\"Bebo\",\"Delicious\",\"QZone\",\"Renren\",\"Email\");var hupso_icon_type = \"labels\";var hupso_background=\"#3BF8FF\";var hupso_border=\"#FF2B0A\";var hupso_image_folder_url = \"\";var hupso_url=\"\";var hupso_title=\"Energia%20w%20r%C4%99kach%20region%C3%B3w.%20M%C5%82awa%20o%20lokalnym%20bezpiecze%C5%84stwie%20energetycznym%20bez%20iluzji\";<\/script><script type=\"text\/javascript\" src=\"http:\/\/static.hupso.com\/share\/js\/share.js\"><\/script><!-- Hupso Share Buttons --><\/div>","protected":false},"author":1,"featured_media":13151,"comment_status":"open","ping_status":"open","sticky":false,"template":"","format":"standard","meta":{"_acf_changed":false,"wprm-recipe-roundup-name":"","wprm-recipe-roundup-description":"","footnotes":""},"categories":[19,506,28],"tags":[],"class_list":["post-13150","post","type-post","status-publish","format-standard","has-post-thumbnail","hentry","category-aktualnosci","category-pow","category-wyd"],"acf":[],"amp_enabled":true,"_links":{"self":[{"href":"http:\/\/portalm\u0142awa.pl\/index.php?rest_route=\/wp\/v2\/posts\/13150","targetHints":{"allow":["GET"]}}],"collection":[{"href":"http:\/\/portalm\u0142awa.pl\/index.php?rest_route=\/wp\/v2\/posts"}],"about":[{"href":"http:\/\/portalm\u0142awa.pl\/index.php?rest_route=\/wp\/v2\/types\/post"}],"author":[{"embeddable":true,"href":"http:\/\/portalm\u0142awa.pl\/index.php?rest_route=\/wp\/v2\/users\/1"}],"replies":[{"embeddable":true,"href":"http:\/\/portalm\u0142awa.pl\/index.php?rest_route=%2Fwp%2Fv2%2Fcomments&post=13150"}],"version-history":[{"count":1,"href":"http:\/\/portalm\u0142awa.pl\/index.php?rest_route=\/wp\/v2\/posts\/13150\/revisions"}],"predecessor-version":[{"id":13152,"href":"http:\/\/portalm\u0142awa.pl\/index.php?rest_route=\/wp\/v2\/posts\/13150\/revisions\/13152"}],"wp:featuredmedia":[{"embeddable":true,"href":"http:\/\/portalm\u0142awa.pl\/index.php?rest_route=\/wp\/v2\/media\/13151"}],"wp:attachment":[{"href":"http:\/\/portalm\u0142awa.pl\/index.php?rest_route=%2Fwp%2Fv2%2Fmedia&parent=13150"}],"wp:term":[{"taxonomy":"category","embeddable":true,"href":"http:\/\/portalm\u0142awa.pl\/index.php?rest_route=%2Fwp%2Fv2%2Fcategories&post=13150"},{"taxonomy":"post_tag","embeddable":true,"href":"http:\/\/portalm\u0142awa.pl\/index.php?rest_route=%2Fwp%2Fv2%2Ftags&post=13150"}],"curies":[{"name":"wp","href":"https:\/\/api.w.org\/{rel}","templated":true}]}}