{"id":13174,"date":"2026-02-08T16:40:05","date_gmt":"2026-02-08T15:40:05","guid":{"rendered":"http:\/\/portalm\u0142awa.pl\/?p=13174"},"modified":"2026-02-08T16:40:05","modified_gmt":"2026-02-08T15:40:05","slug":"sztuka-ktora-mysli-procesem-wystawa-adama-nehringa-w-muzeum-ziemi-zawkrzenskiej","status":"publish","type":"post","link":"http:\/\/portalm\u0142awa.pl\/?p=13174","title":{"rendered":"Sztuka, kt\u00f3ra my\u015bli procesem. Wystawa Adama Nehringa w Muzeum Ziemi Zawkrze\u0144skiej"},"content":{"rendered":"<p style=\"text-align: justify;\">Nie jest to wystawa, kt\u00f3r\u0105 si\u0119 \u201eogl\u0105da\u201d. To wystawa, w kt\u00f3r\u0105 si\u0119 wchodzi my\u015bleniem. Ju\u017c w pi\u0105tek, 13 lutego o godz. 17.00, Muzeum Ziemi Zawkrze\u0144skiej w M\u0142awie zaprosi widz\u00f3w na wernisa\u017c ekspozycji \u201eVibe-based research. Metody sztuki na ponowoczesno\u015b\u0107\u201d autorstwa Adama Nehringa \u2013 artysty konsekwentnie badaj\u0105cego granice malarstwa, obiektu i idei.<\/p>\n<p style=\"text-align: justify;\">Prezentowane prace powsta\u0142y w latach 2020\u20132025 i obejmuj\u0105 obiekty oraz instalacje malarskie, kt\u00f3re wyrastaj\u0105 z tradycji XX-wiecznej awangardy, ale nie s\u0105 jej rekonstrukcj\u0105. Nehring traktuje awangard\u0119 jako narz\u0119dzie badawcze, a nie zamkni\u0119ty rozdzia\u0142 historii sztuki. Inspiruj\u0105c si\u0119 my\u015bl\u0105 takich tw\u00f3rc\u00f3w jak Gino Severini czy Kurt Schwitters, artysta stawia pytania o to, czy dawne strategie artystyczne wci\u0105\u017c mog\u0105 opisywa\u0107 wsp\u00f3\u0142czesno\u015b\u0107 \u2013 rzeczywisto\u015b\u0107 zdominowan\u0105 przez nadmiar bod\u017ac\u00f3w, prac\u0119 umys\u0142ow\u0105 i nieustann\u0105 produkcj\u0119 znacze\u0144.<\/p>\n<p style=\"text-align: justify;\">Kluczowe w tej wystawie jest przesuni\u0119cie uwagi z dzie\u0142a na proces. Nehring nie proponuje gotowych odpowiedzi ani estetycznej kontemplacji w klasycznym sensie. Zamiast tego pokazuje sztuk\u0119 jako form\u0119 researchu opartego na \u201evibe\u2019ie\u201d \u2013 intuicji, napi\u0119ciu, do\u015bwiadczeniu, kt\u00f3re wyprzedza teori\u0119. To malarstwo, kt\u00f3re wychodzi poza p\u0142aski prostok\u0105t, podwa\u017ca w\u0142asne ramy i redefiniuje relacj\u0119 mi\u0119dzy obrazem, przestrzeni\u0105 i widzem.<\/p>\n<p style=\"text-align: justify;\">Ekspozycja jest jednocze\u015bnie refleksj\u0105 nad kondycj\u0105 ponowoczesn\u0105 oraz tzw. kapitalizmem kognitywnym, w kt\u00f3rym tw\u00f3rczo\u015b\u0107, my\u015blenie i emocje staj\u0105 si\u0119 zasobem. Nehring zadaje pytanie, czy sztuka mo\u017ce wci\u0105\u017c pe\u0142ni\u0107 funkcj\u0119 krytyczn\u0105, gdy sama staje si\u0119 cz\u0119\u015bci\u0105 systemu produkcji wiedzy i do\u015bwiadcze\u0144.<\/p>\n<p style=\"text-align: justify;\">Wystawie towarzyszy\u0107 b\u0119d\u0105 wyk\u0142ady prowadzone przez samego artyst\u0119, kt\u00f3ry posiada wieloletnie do\u015bwiadczenie edukatorskie zdobyte w Muzeum Sztuki Wsp\u00f3\u0142czesnej MOCAK. Ju\u017c 14 lutego o godz. 13.00 odb\u0119dzie si\u0119 wyk\u0142ad pt.<\/p>\n<p style=\"text-align: justify;\">\u201eMalarstwo poza p\u0142askim prostok\u0105tem \u2013 o obiektach malarskich i historii malarstwa na niep\u0142askich, nieprostok\u0105tnych podobraziach\u201d, stanowi\u0105cy doskona\u0142e wprowadzenie do prezentowanych prac i ich kontekstu teoretycznego.<\/p>\n<p style=\"text-align: justify;\">Wystawa czynna b\u0119dzie do 8 maja 2026 roku, co daje widzom czas nie tylko na obejrzenie ekspozycji, ale tak\u017ce na powr\u00f3t do niej \u2013 bo to sztuka, kt\u00f3ra pracuje w g\u0142owie jeszcze d\u0142ugo po wyj\u015bciu z muzeum.<\/p>\n<p style=\"text-align: justify;\">Muzeum Ziemi Zawkrze\u0144skiej po raz kolejny udowadnia, \u017ce potrafi by\u0107 miejscem ambitnego dialogu ze wsp\u00f3\u0142czesno\u015bci\u0105. A wystawa Adama Nehringa jest zaproszeniem do rozmowy o tym, czym dzi\u015b mo\u017ce by\u0107 malarstwo \u2013 i czy wci\u0105\u017c potrafi my\u015ble\u0107 szybciej ni\u017c \u015bwiat, kt\u00f3ry pr\u00f3buje opisa\u0107.<\/p>\n<p style=\"text-align: justify;\">T.B.<\/p>\n<p style=\"box-sizing: border-box; margin-top: 0px; margin-bottom: 15px; color: #555555; font-family: Roboto, sans-serif; font-size: 15px; text-align: justify;\">KOMENTARZE<\/p>\n<p style=\"box-sizing: border-box; margin-top: 0px; margin-bottom: 15px; color: #555555; font-family: Roboto, sans-serif; font-size: 15px; text-align: justify;\">Wydawca portalu nie ponosi odpowiedzialno\u015bci za tre\u015b\u0107 komentarzy zamieszczanych przez u\u017cytkownik\u00f3w. Osoby zamieszczaj\u0105ce wypowiedzi naruszaj\u0105ce prawo lub prawem chronione dobra os\u00f3b trzecich mog\u0105 ponie\u015b\u0107 z tego tytu\u0142u odpowiedzialno\u015b\u0107 karn\u0105 lub cywiln\u0105.JEDNOCZE\u015aNIE UZYTKOWNICY ZAMIESZCZAJ\u0104C KOMENTARZ OSWIADCZAJ\u0104, \u017bE BIOR\u0104 PE\u0141N\u0104 ODPOWIEDZIALNO\u015a\u0106 ZA TRE\u015aCI UMIESZCZONE PRZEZ SIEBIE<\/p>\n<div style=\"padding-bottom:20px; padding-top:10px;\" class=\"hupso-share-buttons\"><!-- Hupso Share Buttons - https:\/\/www.hupso.com\/share\/ --><a class=\"hupso_pop\" href=\"https:\/\/www.hupso.com\/share\/\"><img decoding=\"async\" data-src=\"http:\/\/static.hupso.com\/share\/buttons\/button100x23.png\" style=\"border:0px; width:100; height: 23; \" alt=\"Share Button\" src=\"data:image\/svg+xml;base64,PHN2ZyB3aWR0aD0iMSIgaGVpZ2h0PSIxIiB4bWxucz0iaHR0cDovL3d3dy53My5vcmcvMjAwMC9zdmciPjwvc3ZnPg==\" class=\"lazyload\" \/><\/a><script type=\"text\/javascript\">var hupso_services=new Array(\"Twitter\",\"Facebook\",\"Pinterest\",\"Linkedin\",\"Tumblr\",\"StumbleUpon\",\"Digg\",\"Reddit\",\"Bebo\",\"Delicious\",\"QZone\",\"Renren\",\"Email\");var hupso_icon_type = \"labels\";var hupso_background=\"#3BF8FF\";var hupso_border=\"#FF2B0A\";var hupso_image_folder_url = \"\";var hupso_url=\"\";var hupso_title=\"Sztuka%2C%20kt%C3%B3ra%20my%C5%9Bli%20procesem.%20Wystawa%20Adama%20Nehringa%20w%20Muzeum%20Ziemi%20Zawkrze%C5%84skiej\";<\/script><script type=\"text\/javascript\" src=\"http:\/\/static.hupso.com\/share\/js\/share.js\"><\/script><!-- Hupso Share Buttons --><\/div>","protected":false},"excerpt":{"rendered":"<p>Nie jest to wystawa, kt\u00f3r\u0105 si\u0119 \u201eogl\u0105da\u201d. To wystawa, w kt\u00f3r\u0105 si\u0119 wchodzi my\u015bleniem. Ju\u017c w pi\u0105tek, 13 lutego o godz. 17.00, Muzeum Ziemi Zawkrze\u0144skiej w M\u0142awie zaprosi widz\u00f3w na&hellip; <\/p>\n<div style=\"padding-bottom:20px; padding-top:10px;\" class=\"hupso-share-buttons\"><!-- Hupso Share Buttons - https:\/\/www.hupso.com\/share\/ --><a class=\"hupso_pop\" href=\"https:\/\/www.hupso.com\/share\/\"><img data-src=\"http:\/\/static.hupso.com\/share\/buttons\/button100x23.png\" style=\"border:0px; width:100; height: 23; \" alt=\"Share Button\" src=\"data:image\/svg+xml;base64,PHN2ZyB3aWR0aD0iMSIgaGVpZ2h0PSIxIiB4bWxucz0iaHR0cDovL3d3dy53My5vcmcvMjAwMC9zdmciPjwvc3ZnPg==\" class=\"lazyload\" \/><\/a><script type=\"text\/javascript\">var hupso_services=new Array(\"Twitter\",\"Facebook\",\"Pinterest\",\"Linkedin\",\"Tumblr\",\"StumbleUpon\",\"Digg\",\"Reddit\",\"Bebo\",\"Delicious\",\"QZone\",\"Renren\",\"Email\");var hupso_icon_type = \"labels\";var hupso_background=\"#3BF8FF\";var hupso_border=\"#FF2B0A\";var hupso_image_folder_url = \"\";var hupso_url=\"\";var hupso_title=\"Sztuka%2C%20kt%C3%B3ra%20my%C5%9Bli%20procesem.%20Wystawa%20Adama%20Nehringa%20w%20Muzeum%20Ziemi%20Zawkrze%C5%84skiej\";<\/script><script type=\"text\/javascript\" src=\"http:\/\/static.hupso.com\/share\/js\/share.js\"><\/script><!-- Hupso Share Buttons --><\/div>","protected":false},"author":1,"featured_media":13175,"comment_status":"open","ping_status":"open","sticky":false,"template":"","format":"standard","meta":{"_acf_changed":false,"wprm-recipe-roundup-name":"","wprm-recipe-roundup-description":"","footnotes":""},"categories":[19,3,28,696,6],"tags":[],"class_list":["post-13174","post","type-post","status-publish","format-standard","has-post-thumbnail","hentry","category-aktualnosci","category-kultura","category-wyd","category-zaproszenia","category-zapro-szenia"],"acf":[],"amp_enabled":true,"_links":{"self":[{"href":"http:\/\/portalm\u0142awa.pl\/index.php?rest_route=\/wp\/v2\/posts\/13174","targetHints":{"allow":["GET"]}}],"collection":[{"href":"http:\/\/portalm\u0142awa.pl\/index.php?rest_route=\/wp\/v2\/posts"}],"about":[{"href":"http:\/\/portalm\u0142awa.pl\/index.php?rest_route=\/wp\/v2\/types\/post"}],"author":[{"embeddable":true,"href":"http:\/\/portalm\u0142awa.pl\/index.php?rest_route=\/wp\/v2\/users\/1"}],"replies":[{"embeddable":true,"href":"http:\/\/portalm\u0142awa.pl\/index.php?rest_route=%2Fwp%2Fv2%2Fcomments&post=13174"}],"version-history":[{"count":1,"href":"http:\/\/portalm\u0142awa.pl\/index.php?rest_route=\/wp\/v2\/posts\/13174\/revisions"}],"predecessor-version":[{"id":13176,"href":"http:\/\/portalm\u0142awa.pl\/index.php?rest_route=\/wp\/v2\/posts\/13174\/revisions\/13176"}],"wp:featuredmedia":[{"embeddable":true,"href":"http:\/\/portalm\u0142awa.pl\/index.php?rest_route=\/wp\/v2\/media\/13175"}],"wp:attachment":[{"href":"http:\/\/portalm\u0142awa.pl\/index.php?rest_route=%2Fwp%2Fv2%2Fmedia&parent=13174"}],"wp:term":[{"taxonomy":"category","embeddable":true,"href":"http:\/\/portalm\u0142awa.pl\/index.php?rest_route=%2Fwp%2Fv2%2Fcategories&post=13174"},{"taxonomy":"post_tag","embeddable":true,"href":"http:\/\/portalm\u0142awa.pl\/index.php?rest_route=%2Fwp%2Fv2%2Ftags&post=13174"}],"curies":[{"name":"wp","href":"https:\/\/api.w.org\/{rel}","templated":true}]}}