{"id":13177,"date":"2026-02-09T13:33:25","date_gmt":"2026-02-09T12:33:25","guid":{"rendered":"http:\/\/portalm\u0142awa.pl\/?p=13177"},"modified":"2026-02-09T13:33:25","modified_gmt":"2026-02-09T12:33:25","slug":"gminny-dzien-kobiet-w-lipowcu-koscielnym-wieczor-ktory-nalezy-do-pan","status":"publish","type":"post","link":"http:\/\/portalm\u0142awa.pl\/?p=13177","title":{"rendered":"Gminny Dzie\u0144 Kobiet w Lipowcu Ko\u015bcielnym. Wiecz\u00f3r, kt\u00f3ry nale\u017cy do Pa\u0144"},"content":{"rendered":"<p style=\"text-align: justify;\">8 marca w Lipowcu Ko\u015bcielnym zapowiada si\u0119 wyj\u0105tkowo. To nie b\u0119dzie kolejna data w kalendarzu ani rutynowe spotkanie. To b\u0119dzie wiecz\u00f3r stworzony z my\u015bl\u0105 o kobietach \u2013 ich sile, wra\u017cliwo\u015bci i codziennej obecno\u015bci w \u017cyciu gminy.<\/p>\n<p style=\"text-align: justify;\">W\u00f3jt Gminy Lipowiec Ko\u015bcielny wsp\u00f3lnie z Gminnym Centrum Kultury, Sportu i Rekreacji zapraszaj\u0105 wszystkie Panie na Gminny Dzie\u0144 Kobiet, kt\u00f3ry rozpocznie si\u0119 o godzinie 17:00 w sali widowiskowej GCKSiR. Miejsce nieprzypadkowe \u2013 przestrze\u0144, w kt\u00f3rej kultura spotyka si\u0119 z emocjami, a lokalna wsp\u00f3lnota zyskuje prawdziwy wymiar.<\/p>\n<p style=\"text-align: justify;\">Centralnym punktem programu b\u0119dzie koncert zespo\u0142u \u201eROMEN\u201d \u2013 formacji, kt\u00f3ra potrafi porwa\u0107 publiczno\u015b\u0107, budowa\u0107 nastr\u00f3j i sprawi\u0107, \u017ce muzyka staje si\u0119 czym\u015b wi\u0119cej ni\u017c d\u017awi\u0119kiem. To zapowied\u017a wieczoru pe\u0142nego ciep\u0142a, rytmu i wsp\u00f3lnego prze\u017cywania chwili.<\/p>\n<p style=\"text-align: justify;\">Organizatorzy zadbali r\u00f3wnie\u017c o symboliczny, ale wa\u017cny akcent \u2013 s\u0142odki pocz\u0119stunek, kt\u00f3ry dope\u0142ni atmosfer\u0119 \u015bwi\u0119ta. Bo Dzie\u0144 Kobiet to nie tylko kwiaty i \u017cyczenia. To moment zatrzymania, docenienia i wsp\u00f3lnego bycia razem.<\/p>\n<p style=\"text-align: justify;\">Plakat wydarzenia m\u00f3wi prostym j\u0119zykiem, ale niesie czytelne przes\u0142anie: to zaproszenie jest szczere. Bez nad\u0119cia, bez zb\u0119dnych fajerwerk\u00f3w \u2013 za to z klas\u0105, estetyk\u0105 i szacunkiem. Tak jak powinno si\u0119 zaprasza\u0107 na \u015bwi\u0119to, kt\u00f3re ma znaczenie.<\/p>\n<p style=\"text-align: justify;\">8 marca, godzina 17:00.<\/p>\n<p style=\"text-align: justify;\">Lipowiec Ko\u015bcielny.<\/p>\n<p style=\"text-align: justify;\">Wiecz\u00f3r dla kobiet. Wiecz\u00f3r z muzyk\u0105. Wiecz\u00f3r, kt\u00f3ry warto prze\u017cy\u0107.<\/p>\n<p style=\"text-align: justify;\">T.B<\/p>\n<p style=\"box-sizing: border-box; margin-top: 0px; margin-bottom: 15px; color: #555555; font-family: Roboto, sans-serif; font-size: 15px; text-align: justify;\">KOMENTARZE<\/p>\n<p style=\"box-sizing: border-box; margin-top: 0px; margin-bottom: 15px; color: #555555; font-family: Roboto, sans-serif; font-size: 15px; text-align: justify;\">Wydawca portalu nie ponosi odpowiedzialno\u015bci za tre\u015b\u0107 komentarzy zamieszczanych przez u\u017cytkownik\u00f3w. Osoby zamieszczaj\u0105ce wypowiedzi naruszaj\u0105ce prawo lub prawem chronione dobra os\u00f3b trzecich mog\u0105 ponie\u015b\u0107 z tego tytu\u0142u odpowiedzialno\u015b\u0107 karn\u0105 lub cywiln\u0105.JEDNOCZE\u015aNIE UZYTKOWNICY ZAMIESZCZAJ\u0104C KOMENTARZ OSWIADCZAJ\u0104, \u017bE BIOR\u0104 PE\u0141N\u0104 ODPOWIEDZIALNO\u015a\u0106 ZA TRE\u015aCI UMIESZCZONE PRZEZ SIEBIE<\/p>\n<div style=\"padding-bottom:20px; padding-top:10px;\" class=\"hupso-share-buttons\"><!-- Hupso Share Buttons - https:\/\/www.hupso.com\/share\/ --><a class=\"hupso_pop\" href=\"https:\/\/www.hupso.com\/share\/\"><img decoding=\"async\" data-src=\"http:\/\/static.hupso.com\/share\/buttons\/button100x23.png\" style=\"border:0px; width:100; height: 23; \" alt=\"Share Button\" src=\"data:image\/svg+xml;base64,PHN2ZyB3aWR0aD0iMSIgaGVpZ2h0PSIxIiB4bWxucz0iaHR0cDovL3d3dy53My5vcmcvMjAwMC9zdmciPjwvc3ZnPg==\" class=\"lazyload\" \/><\/a><script type=\"text\/javascript\">var hupso_services=new Array(\"Twitter\",\"Facebook\",\"Pinterest\",\"Linkedin\",\"Tumblr\",\"StumbleUpon\",\"Digg\",\"Reddit\",\"Bebo\",\"Delicious\",\"QZone\",\"Renren\",\"Email\");var hupso_icon_type = \"labels\";var hupso_background=\"#3BF8FF\";var hupso_border=\"#FF2B0A\";var hupso_image_folder_url = \"\";var hupso_url=\"\";var hupso_title=\"Gminny%20Dzie%C5%84%20Kobiet%20w%20Lipowcu%20Ko%C5%9Bcielnym.%20Wiecz%C3%B3r%2C%20kt%C3%B3ry%20nale%C5%BCy%20do%20Pa%C5%84\";<\/script><script type=\"text\/javascript\" src=\"http:\/\/static.hupso.com\/share\/js\/share.js\"><\/script><!-- Hupso Share Buttons --><\/div>","protected":false},"excerpt":{"rendered":"<p>8 marca w Lipowcu Ko\u015bcielnym zapowiada si\u0119 wyj\u0105tkowo. To nie b\u0119dzie kolejna data w kalendarzu ani rutynowe spotkanie. To b\u0119dzie wiecz\u00f3r stworzony z my\u015bl\u0105 o kobietach \u2013 ich sile, wra\u017cliwo\u015bci&hellip; <\/p>\n<div style=\"padding-bottom:20px; padding-top:10px;\" class=\"hupso-share-buttons\"><!-- Hupso Share Buttons - https:\/\/www.hupso.com\/share\/ --><a class=\"hupso_pop\" href=\"https:\/\/www.hupso.com\/share\/\"><img data-src=\"http:\/\/static.hupso.com\/share\/buttons\/button100x23.png\" style=\"border:0px; width:100; height: 23; \" alt=\"Share Button\" src=\"data:image\/svg+xml;base64,PHN2ZyB3aWR0aD0iMSIgaGVpZ2h0PSIxIiB4bWxucz0iaHR0cDovL3d3dy53My5vcmcvMjAwMC9zdmciPjwvc3ZnPg==\" class=\"lazyload\" \/><\/a><script type=\"text\/javascript\">var hupso_services=new Array(\"Twitter\",\"Facebook\",\"Pinterest\",\"Linkedin\",\"Tumblr\",\"StumbleUpon\",\"Digg\",\"Reddit\",\"Bebo\",\"Delicious\",\"QZone\",\"Renren\",\"Email\");var hupso_icon_type = \"labels\";var hupso_background=\"#3BF8FF\";var hupso_border=\"#FF2B0A\";var hupso_image_folder_url = \"\";var hupso_url=\"\";var hupso_title=\"Gminny%20Dzie%C5%84%20Kobiet%20w%20Lipowcu%20Ko%C5%9Bcielnym.%20Wiecz%C3%B3r%2C%20kt%C3%B3ry%20nale%C5%BCy%20do%20Pa%C5%84\";<\/script><script type=\"text\/javascript\" src=\"http:\/\/static.hupso.com\/share\/js\/share.js\"><\/script><!-- Hupso Share Buttons --><\/div>","protected":false},"author":1,"featured_media":13178,"comment_status":"open","ping_status":"open","sticky":false,"template":"","format":"standard","meta":{"_acf_changed":false,"wprm-recipe-roundup-name":"","wprm-recipe-roundup-description":"","footnotes":""},"categories":[19,3,506,28],"tags":[],"class_list":["post-13177","post","type-post","status-publish","format-standard","has-post-thumbnail","hentry","category-aktualnosci","category-kultura","category-pow","category-wyd"],"acf":[],"amp_enabled":true,"_links":{"self":[{"href":"http:\/\/portalm\u0142awa.pl\/index.php?rest_route=\/wp\/v2\/posts\/13177","targetHints":{"allow":["GET"]}}],"collection":[{"href":"http:\/\/portalm\u0142awa.pl\/index.php?rest_route=\/wp\/v2\/posts"}],"about":[{"href":"http:\/\/portalm\u0142awa.pl\/index.php?rest_route=\/wp\/v2\/types\/post"}],"author":[{"embeddable":true,"href":"http:\/\/portalm\u0142awa.pl\/index.php?rest_route=\/wp\/v2\/users\/1"}],"replies":[{"embeddable":true,"href":"http:\/\/portalm\u0142awa.pl\/index.php?rest_route=%2Fwp%2Fv2%2Fcomments&post=13177"}],"version-history":[{"count":1,"href":"http:\/\/portalm\u0142awa.pl\/index.php?rest_route=\/wp\/v2\/posts\/13177\/revisions"}],"predecessor-version":[{"id":13179,"href":"http:\/\/portalm\u0142awa.pl\/index.php?rest_route=\/wp\/v2\/posts\/13177\/revisions\/13179"}],"wp:featuredmedia":[{"embeddable":true,"href":"http:\/\/portalm\u0142awa.pl\/index.php?rest_route=\/wp\/v2\/media\/13178"}],"wp:attachment":[{"href":"http:\/\/portalm\u0142awa.pl\/index.php?rest_route=%2Fwp%2Fv2%2Fmedia&parent=13177"}],"wp:term":[{"taxonomy":"category","embeddable":true,"href":"http:\/\/portalm\u0142awa.pl\/index.php?rest_route=%2Fwp%2Fv2%2Fcategories&post=13177"},{"taxonomy":"post_tag","embeddable":true,"href":"http:\/\/portalm\u0142awa.pl\/index.php?rest_route=%2Fwp%2Fv2%2Ftags&post=13177"}],"curies":[{"name":"wp","href":"https:\/\/api.w.org\/{rel}","templated":true}]}}