{"id":13205,"date":"2026-02-10T18:07:38","date_gmt":"2026-02-10T17:07:38","guid":{"rendered":"http:\/\/portalm\u0142awa.pl\/?p=13205"},"modified":"2026-02-10T18:07:38","modified_gmt":"2026-02-10T17:07:38","slug":"nietrzezwy-kierowca-z-dozywotnimi-zakazami-zatrzymany-przez-policjantke-po-sluzbie","status":"publish","type":"post","link":"http:\/\/portalm\u0142awa.pl\/?p=13205","title":{"rendered":"Nietrze\u017awy kierowca z do\u017cywotnimi zakazami zatrzymany przez policjantk\u0119 po s\u0142u\u017cbie"},"content":{"rendered":"<p class=\"gwp667a4ef2_MsoNormal\" style=\"color: #2c2f45; font-family: Verdana, Arial, Helvetica, sans-serif; font-size: small; text-align: justify;\">Dzi\u0119ki czujno\u015bci funkcjonariuszki Policji, b\u0119d\u0105cej w czasie wolnym od s\u0142u\u017cby, wyeliminowa\u0142a z ruchu drogowego nietrze\u017awego kierowc\u0119, kt\u00f3ry pomimo trzech do\u017cywotnich zakaz\u00f3w prowadzenia pojazd\u00f3w zdecydowa\u0142 si\u0119 wsi\u0105\u015b\u0107 za kierownic\u0119.<\/p>\n<p class=\"gwp667a4ef2_MsoNormal\" style=\"color: #2c2f45; font-family: Verdana, Arial, Helvetica, sans-serif; font-size: small; text-align: justify;\">W niedziel\u0119, 8 lutego, oko\u0142o godziny 10:30 w Ciechanowie na ul. Orylskiej, policjantka pe\u0142ni\u0105ca s\u0142u\u017cb\u0119 w Komendzie Rejonowej Policji Warszawa IV, przebywaj\u0105c poza s\u0142u\u017cb\u0105, zwr\u00f3ci\u0142a uwag\u0119 na samoch\u00f3d marki Opel Corsa. Pojazd w pewnym momencie zatrzyma\u0142 si\u0119, a pasa\u017cer wysiad\u0142 i pr\u00f3bowa\u0142 zepchn\u0105\u0107 go na pobliski parking. Zachowanie m\u0119\u017cczyzn wzbudzi\u0142o podejrzenia funkcjonariuszki.<\/p>\n<p class=\"gwp667a4ef2_MsoNormal\" style=\"color: #2c2f45; font-family: Verdana, Arial, Helvetica, sans-serif; font-size: small; text-align: justify;\">Kobieta podesz\u0142a do pojazdu, aby zapyta\u0107, czy potrzebuj\u0105 pomocy. W trakcie rozmowy z kierowc\u0105 wyczu\u0142a od niego alkohol. W zwi\u0105zku z podejrzeniem kierowania pojazdem w stanie nietrze\u017awo\u015bci natychmiast zadzwoni\u0142a na numer alarmowy 112.<\/p>\n<p class=\"gwp667a4ef2_MsoNormal\" style=\"color: #2c2f45; font-family: Verdana, Arial, Helvetica, sans-serif; font-size: small; text-align: justify;\">Na miejsce skierowany zosta\u0142 patrol Policji. Badanie alkomatem wykaza\u0142o, \u017ce 43-letni mieszkaniec Ciechanowa mia\u0142 blisko 2 promile alkoholu w organizmie. Po sprawdzeniu w policyjnych bazach danych okaza\u0142o si\u0119, \u017ce m\u0119\u017cczyzna posiada a\u017c trzy do\u017cywotnie zakazy prowadzenia pojazd\u00f3w mechanicznych.<\/p>\n<p class=\"gwp667a4ef2_MsoNormal\" style=\"color: #2c2f45; font-family: Verdana, Arial, Helvetica, sans-serif; font-size: small; text-align: justify;\">M\u0119\u017cczyzna zosta\u0142 zatrzymany i noc sp\u0119dzi\u0142 w policyjnym areszcie. Nast\u0119pnego dnia us\u0142ysza\u0142 zarzuty dotycz\u0105ce kierowania pojazdem w stanie nietrze\u017awo\u015bci oraz niestosowania si\u0119 do orzeczonych przez s\u0105d zakaz\u00f3w prowadzenia pojazd\u00f3w. O jego dalszym losie zdecyduje s\u0105d.<\/p>\n<p class=\"gwp667a4ef2_MsoNormal\" style=\"color: #2c2f45; font-family: Verdana, Arial, Helvetica, sans-serif; font-size: small; text-align: justify;\">Nietrze\u017awi kierowcy stanowi\u0105 powa\u017cne zagro\u017cenie dla bezpiecze\u0144stwa wszystkich uczestnik\u00f3w ruchu drogowego. Ka\u017cda reakcja na niepokoj\u0105ce zachowanie na drodze ma znaczenie.<\/p>\n<p class=\"gwp667a4ef2_MsoNormal\" style=\"color: #2c2f45; font-family: Verdana, Arial, Helvetica, sans-serif; font-size: small; text-align: justify;\">Dzi\u0119ki zdecydowanej reakcji funkcjonariuszki kolejny nieodpowiedzialny kierowca zosta\u0142 wyeliminowany z ruchu drogowego.<\/p>\n<p class=\"gwp667a4ef2_MsoNormal\" style=\"color: #2c2f45; font-family: Verdana, Arial, Helvetica, sans-serif; font-size: small; text-align: justify;\">nadkom. Jolanta Bym<\/p>\n<p style=\"box-sizing: border-box; margin-top: 0px; margin-bottom: 15px; color: #555555; font-family: Roboto, sans-serif; font-size: 15px; text-align: justify;\">KOMENTARZE<\/p>\n<p style=\"box-sizing: border-box; margin-top: 0px; margin-bottom: 15px; color: #555555; font-family: Roboto, sans-serif; font-size: 15px; text-align: justify;\">Wydawca portalu nie ponosi odpowiedzialno\u015bci za tre\u015b\u0107 komentarzy zamieszczanych przez u\u017cytkownik\u00f3w. Osoby zamieszczaj\u0105ce wypowiedzi naruszaj\u0105ce prawo lub prawem chronione dobra os\u00f3b trzecich mog\u0105 ponie\u015b\u0107 z tego tytu\u0142u odpowiedzialno\u015b\u0107 karn\u0105 lub cywiln\u0105.JEDNOCZE\u015aNIE UZYTKOWNICY ZAMIESZCZAJ\u0104C KOMENTARZ OSWIADCZAJ\u0104, \u017bE BIOR\u0104 PE\u0141N\u0104 ODPOWIEDZIALNO\u015a\u0106 ZA TRE\u015aCI UMIESZCZONE PRZEZ SIEBIE<\/p>\n<div style=\"padding-bottom:20px; padding-top:10px;\" class=\"hupso-share-buttons\"><!-- Hupso Share Buttons - https:\/\/www.hupso.com\/share\/ --><a class=\"hupso_pop\" href=\"https:\/\/www.hupso.com\/share\/\"><img decoding=\"async\" data-src=\"http:\/\/static.hupso.com\/share\/buttons\/button100x23.png\" style=\"border:0px; width:100; height: 23; \" alt=\"Share Button\" src=\"data:image\/svg+xml;base64,PHN2ZyB3aWR0aD0iMSIgaGVpZ2h0PSIxIiB4bWxucz0iaHR0cDovL3d3dy53My5vcmcvMjAwMC9zdmciPjwvc3ZnPg==\" class=\"lazyload\" \/><\/a><script type=\"text\/javascript\">var hupso_services=new Array(\"Twitter\",\"Facebook\",\"Pinterest\",\"Linkedin\",\"Tumblr\",\"StumbleUpon\",\"Digg\",\"Reddit\",\"Bebo\",\"Delicious\",\"QZone\",\"Renren\",\"Email\");var hupso_icon_type = \"labels\";var hupso_background=\"#3BF8FF\";var hupso_border=\"#FF2B0A\";var hupso_image_folder_url = \"\";var hupso_url=\"\";var hupso_title=\"Nietrze%C5%BAwy%20kierowca%20z%20do%C5%BCywotnimi%20zakazami%20zatrzymany%20przez%20policjantk%C4%99%20po%20s%C5%82u%C5%BCbie\";<\/script><script type=\"text\/javascript\" src=\"http:\/\/static.hupso.com\/share\/js\/share.js\"><\/script><!-- Hupso Share Buttons --><\/div>","protected":false},"excerpt":{"rendered":"<p>Dzi\u0119ki czujno\u015bci funkcjonariuszki Policji, b\u0119d\u0105cej w czasie wolnym od s\u0142u\u017cby, wyeliminowa\u0142a z ruchu drogowego nietrze\u017awego kierowc\u0119, kt\u00f3ry pomimo trzech do\u017cywotnich zakaz\u00f3w prowadzenia pojazd\u00f3w zdecydowa\u0142 si\u0119 wsi\u0105\u015b\u0107 za kierownic\u0119. W niedziel\u0119,&hellip; <\/p>\n<div style=\"padding-bottom:20px; padding-top:10px;\" class=\"hupso-share-buttons\"><!-- Hupso Share Buttons - https:\/\/www.hupso.com\/share\/ --><a class=\"hupso_pop\" href=\"https:\/\/www.hupso.com\/share\/\"><img data-src=\"http:\/\/static.hupso.com\/share\/buttons\/button100x23.png\" style=\"border:0px; width:100; height: 23; \" alt=\"Share Button\" src=\"data:image\/svg+xml;base64,PHN2ZyB3aWR0aD0iMSIgaGVpZ2h0PSIxIiB4bWxucz0iaHR0cDovL3d3dy53My5vcmcvMjAwMC9zdmciPjwvc3ZnPg==\" class=\"lazyload\" \/><\/a><script type=\"text\/javascript\">var hupso_services=new Array(\"Twitter\",\"Facebook\",\"Pinterest\",\"Linkedin\",\"Tumblr\",\"StumbleUpon\",\"Digg\",\"Reddit\",\"Bebo\",\"Delicious\",\"QZone\",\"Renren\",\"Email\");var hupso_icon_type = \"labels\";var hupso_background=\"#3BF8FF\";var hupso_border=\"#FF2B0A\";var hupso_image_folder_url = \"\";var hupso_url=\"\";var hupso_title=\"Nietrze%C5%BAwy%20kierowca%20z%20do%C5%BCywotnimi%20zakazami%20zatrzymany%20przez%20policjantk%C4%99%20po%20s%C5%82u%C5%BCbie\";<\/script><script type=\"text\/javascript\" src=\"http:\/\/static.hupso.com\/share\/js\/share.js\"><\/script><!-- Hupso Share Buttons --><\/div>","protected":false},"author":1,"featured_media":5280,"comment_status":"open","ping_status":"open","sticky":false,"template":"","format":"standard","meta":{"_acf_changed":false,"wprm-recipe-roundup-name":"","wprm-recipe-roundup-description":"","footnotes":""},"categories":[19,5,28],"tags":[],"class_list":["post-13205","post","type-post","status-publish","format-standard","has-post-thumbnail","hentry","category-aktualnosci","category-na-sygnale","category-wyd"],"acf":[],"amp_enabled":true,"_links":{"self":[{"href":"http:\/\/portalm\u0142awa.pl\/index.php?rest_route=\/wp\/v2\/posts\/13205","targetHints":{"allow":["GET"]}}],"collection":[{"href":"http:\/\/portalm\u0142awa.pl\/index.php?rest_route=\/wp\/v2\/posts"}],"about":[{"href":"http:\/\/portalm\u0142awa.pl\/index.php?rest_route=\/wp\/v2\/types\/post"}],"author":[{"embeddable":true,"href":"http:\/\/portalm\u0142awa.pl\/index.php?rest_route=\/wp\/v2\/users\/1"}],"replies":[{"embeddable":true,"href":"http:\/\/portalm\u0142awa.pl\/index.php?rest_route=%2Fwp%2Fv2%2Fcomments&post=13205"}],"version-history":[{"count":1,"href":"http:\/\/portalm\u0142awa.pl\/index.php?rest_route=\/wp\/v2\/posts\/13205\/revisions"}],"predecessor-version":[{"id":13206,"href":"http:\/\/portalm\u0142awa.pl\/index.php?rest_route=\/wp\/v2\/posts\/13205\/revisions\/13206"}],"wp:featuredmedia":[{"embeddable":true,"href":"http:\/\/portalm\u0142awa.pl\/index.php?rest_route=\/wp\/v2\/media\/5280"}],"wp:attachment":[{"href":"http:\/\/portalm\u0142awa.pl\/index.php?rest_route=%2Fwp%2Fv2%2Fmedia&parent=13205"}],"wp:term":[{"taxonomy":"category","embeddable":true,"href":"http:\/\/portalm\u0142awa.pl\/index.php?rest_route=%2Fwp%2Fv2%2Fcategories&post=13205"},{"taxonomy":"post_tag","embeddable":true,"href":"http:\/\/portalm\u0142awa.pl\/index.php?rest_route=%2Fwp%2Fv2%2Ftags&post=13205"}],"curies":[{"name":"wp","href":"https:\/\/api.w.org\/{rel}","templated":true}]}}