{"id":13207,"date":"2026-02-11T09:43:51","date_gmt":"2026-02-11T08:43:51","guid":{"rendered":"http:\/\/portalm\u0142awa.pl\/?p=13207"},"modified":"2026-02-11T09:43:51","modified_gmt":"2026-02-11T08:43:51","slug":"poranek-grozy-na-trasie-mlawa-szrensk-czolowe-zderzenie-na-luku-drogi","status":"publish","type":"post","link":"http:\/\/portalm\u0142awa.pl\/?p=13207","title":{"rendered":"Poranek grozy na trasie M\u0142awa\u2013Szre\u0144sk. Czo\u0142owe zderzenie na \u0142uku drogi"},"content":{"rendered":"<div style=\"color: #2c2f45; font-family: Verdana, Arial, Helvetica, sans-serif; font-size: inherit; box-sizing: inherit;\">\n<div style=\"box-sizing: inherit; font-size: inherit;\">\n<p dir=\"auto\" style=\"box-sizing: inherit; text-align: justify;\"><strong style=\"font-family: Arial, Helvetica, sans-serif; font-size: 13.2px; word-spacing: 1.92px;\">Dzi\u015b rano, oko\u0142o godziny 7:30, na drodze powiatowej M\u0142awa\u2013Szre\u0144sk dosz\u0142o do gro\u017anie wygl\u0105daj\u0105cego wypadku na odcinku mi\u0119dzy Wojn\u00f3wk\u0105, a Podkrajewem.<\/strong><\/p>\n<p dir=\"auto\" style=\"box-sizing: inherit; text-align: justify;\">Jak wynika ze wst\u0119pnych ustale\u0144, 38-letni kierowca Skody Rapid, jad\u0105c w kierunku Szre\u0144ska, na \u0142uku drogi prawdopodobnie straci\u0142 panowanie nad pojazdem. Samoch\u00f3d wpad\u0142 w po\u015blizg i zderzy\u0142 si\u0119 czo\u0142owo z nadje\u017cd\u017caj\u0105c\u0105 z naprzeciwka Ki\u0105, kt\u00f3r\u0105 kierowa\u0142a 38-letnia kobieta.<\/p>\n<p dir=\"auto\" style=\"box-sizing: inherit; text-align: justify;\">Uczestnicy zdarzenia zostali przewiezieni do szpitala. Na miejscu interweniowa\u0142y s\u0142u\u017cby ratunkowe oraz policja, kt\u00f3ra wyja\u015bnia dok\u0142adne okoliczno\u015bci zdarzenia.<\/p>\n<p dir=\"auto\" style=\"box-sizing: inherit; text-align: justify;\">Ruch na tym odcinku drogi odbywa\u0142 si\u0119 wahad\u0142owo, jednak nie dosz\u0142o do ca\u0142kowitego zablokowania trasy.<\/p>\n<p dir=\"auto\" style=\"box-sizing: inherit; text-align: justify;\">Apelujemy do kierowc\u00f3w o zachowanie szczeg\u00f3lnej ostro\u017cno\u015bci i zdj\u0119cie nogi z gazu \u2014 nawierzchnia jest \u015bliska, a warunki drogowe mog\u0105 by\u0107 zdradliwe, zw\u0142aszcza na \u0142ukach drogi.<\/p>\n<\/div>\n<\/div>\n<div style=\"color: #2c2f45; font-family: Verdana, Arial, Helvetica, sans-serif; font-size: small; box-sizing: inherit;\">\n<div class=\"gwp8c8bcc11_gmail_signature\" dir=\"ltr\" style=\"box-sizing: inherit; text-align: justify;\">m\u0142. asp. Aleksandra Bardo\u0144ska\/KPP M\u0142awa<\/div>\n<div dir=\"ltr\" style=\"text-align: justify;\"><\/div>\n<div dir=\"ltr\">\n<p style=\"box-sizing: border-box; margin-top: 0px; margin-bottom: 15px; color: #555555; font-family: Roboto, sans-serif; font-size: 15px; text-align: justify;\">KOMENTARZE<\/p>\n<p style=\"box-sizing: border-box; margin-top: 0px; margin-bottom: 15px; color: #555555; font-family: Roboto, sans-serif; font-size: 15px; text-align: justify;\">Wydawca portalu nie ponosi odpowiedzialno\u015bci za tre\u015b\u0107 komentarzy zamieszczanych przez u\u017cytkownik\u00f3w. Osoby zamieszczaj\u0105ce wypowiedzi naruszaj\u0105ce prawo lub prawem chronione dobra os\u00f3b trzecich mog\u0105 ponie\u015b\u0107 z tego tytu\u0142u odpowiedzialno\u015b\u0107 karn\u0105 lub cywiln\u0105.JEDNOCZE\u015aNIE UZYTKOWNICY ZAMIESZCZAJ\u0104C KOMENTARZ OSWIADCZAJ\u0104, \u017bE BIOR\u0104 PE\u0141N\u0104 ODPOWIEDZIALNO\u015a\u0106 ZA TRE\u015aCI UMIESZCZONE PRZEZ SIEBIE<\/p>\n<\/div>\n<\/div>\n<div style=\"padding-bottom:20px; padding-top:10px;\" class=\"hupso-share-buttons\"><!-- Hupso Share Buttons - https:\/\/www.hupso.com\/share\/ --><a class=\"hupso_pop\" href=\"https:\/\/www.hupso.com\/share\/\"><img decoding=\"async\" data-src=\"http:\/\/static.hupso.com\/share\/buttons\/button100x23.png\" style=\"border:0px; width:100; height: 23; \" alt=\"Share Button\" src=\"data:image\/svg+xml;base64,PHN2ZyB3aWR0aD0iMSIgaGVpZ2h0PSIxIiB4bWxucz0iaHR0cDovL3d3dy53My5vcmcvMjAwMC9zdmciPjwvc3ZnPg==\" class=\"lazyload\" \/><\/a><script type=\"text\/javascript\">var hupso_services=new Array(\"Twitter\",\"Facebook\",\"Pinterest\",\"Linkedin\",\"Tumblr\",\"StumbleUpon\",\"Digg\",\"Reddit\",\"Bebo\",\"Delicious\",\"QZone\",\"Renren\",\"Email\");var hupso_icon_type = \"labels\";var hupso_background=\"#3BF8FF\";var hupso_border=\"#FF2B0A\";var hupso_image_folder_url = \"\";var hupso_url=\"\";var hupso_title=\"Poranek%20grozy%20na%20trasie%20M%C5%82awa%E2%80%93Szre%C5%84sk.%20Czo%C5%82owe%20zderzenie%20na%20%C5%82uku%20drogi\";<\/script><script type=\"text\/javascript\" src=\"http:\/\/static.hupso.com\/share\/js\/share.js\"><\/script><!-- Hupso Share Buttons --><\/div>","protected":false},"excerpt":{"rendered":"<p>Dzi\u015b rano, oko\u0142o godziny 7:30, na drodze powiatowej M\u0142awa\u2013Szre\u0144sk dosz\u0142o do gro\u017anie wygl\u0105daj\u0105cego wypadku na odcinku mi\u0119dzy Wojn\u00f3wk\u0105, a Podkrajewem. Jak wynika ze wst\u0119pnych ustale\u0144, 38-letni kierowca Skody Rapid, jad\u0105c&hellip; <\/p>\n<div style=\"padding-bottom:20px; padding-top:10px;\" class=\"hupso-share-buttons\"><!-- Hupso Share Buttons - https:\/\/www.hupso.com\/share\/ --><a class=\"hupso_pop\" href=\"https:\/\/www.hupso.com\/share\/\"><img data-src=\"http:\/\/static.hupso.com\/share\/buttons\/button100x23.png\" style=\"border:0px; width:100; height: 23; \" alt=\"Share Button\" src=\"data:image\/svg+xml;base64,PHN2ZyB3aWR0aD0iMSIgaGVpZ2h0PSIxIiB4bWxucz0iaHR0cDovL3d3dy53My5vcmcvMjAwMC9zdmciPjwvc3ZnPg==\" class=\"lazyload\" \/><\/a><script type=\"text\/javascript\">var hupso_services=new Array(\"Twitter\",\"Facebook\",\"Pinterest\",\"Linkedin\",\"Tumblr\",\"StumbleUpon\",\"Digg\",\"Reddit\",\"Bebo\",\"Delicious\",\"QZone\",\"Renren\",\"Email\");var hupso_icon_type = \"labels\";var hupso_background=\"#3BF8FF\";var hupso_border=\"#FF2B0A\";var hupso_image_folder_url = \"\";var hupso_url=\"\";var hupso_title=\"Poranek%20grozy%20na%20trasie%20M%C5%82awa%E2%80%93Szre%C5%84sk.%20Czo%C5%82owe%20zderzenie%20na%20%C5%82uku%20drogi\";<\/script><script type=\"text\/javascript\" src=\"http:\/\/static.hupso.com\/share\/js\/share.js\"><\/script><!-- Hupso Share Buttons --><\/div>","protected":false},"author":1,"featured_media":13208,"comment_status":"open","ping_status":"open","sticky":false,"template":"","format":"standard","meta":{"_acf_changed":false,"wprm-recipe-roundup-name":"","wprm-recipe-roundup-description":"","footnotes":""},"categories":[19,5,28],"tags":[],"class_list":["post-13207","post","type-post","status-publish","format-standard","has-post-thumbnail","hentry","category-aktualnosci","category-na-sygnale","category-wyd"],"acf":[],"amp_enabled":true,"_links":{"self":[{"href":"http:\/\/portalm\u0142awa.pl\/index.php?rest_route=\/wp\/v2\/posts\/13207","targetHints":{"allow":["GET"]}}],"collection":[{"href":"http:\/\/portalm\u0142awa.pl\/index.php?rest_route=\/wp\/v2\/posts"}],"about":[{"href":"http:\/\/portalm\u0142awa.pl\/index.php?rest_route=\/wp\/v2\/types\/post"}],"author":[{"embeddable":true,"href":"http:\/\/portalm\u0142awa.pl\/index.php?rest_route=\/wp\/v2\/users\/1"}],"replies":[{"embeddable":true,"href":"http:\/\/portalm\u0142awa.pl\/index.php?rest_route=%2Fwp%2Fv2%2Fcomments&post=13207"}],"version-history":[{"count":1,"href":"http:\/\/portalm\u0142awa.pl\/index.php?rest_route=\/wp\/v2\/posts\/13207\/revisions"}],"predecessor-version":[{"id":13209,"href":"http:\/\/portalm\u0142awa.pl\/index.php?rest_route=\/wp\/v2\/posts\/13207\/revisions\/13209"}],"wp:featuredmedia":[{"embeddable":true,"href":"http:\/\/portalm\u0142awa.pl\/index.php?rest_route=\/wp\/v2\/media\/13208"}],"wp:attachment":[{"href":"http:\/\/portalm\u0142awa.pl\/index.php?rest_route=%2Fwp%2Fv2%2Fmedia&parent=13207"}],"wp:term":[{"taxonomy":"category","embeddable":true,"href":"http:\/\/portalm\u0142awa.pl\/index.php?rest_route=%2Fwp%2Fv2%2Fcategories&post=13207"},{"taxonomy":"post_tag","embeddable":true,"href":"http:\/\/portalm\u0142awa.pl\/index.php?rest_route=%2Fwp%2Fv2%2Ftags&post=13207"}],"curies":[{"name":"wp","href":"https:\/\/api.w.org\/{rel}","templated":true}]}}