{"id":13215,"date":"2026-02-11T10:54:03","date_gmt":"2026-02-11T09:54:03","guid":{"rendered":"http:\/\/portalm\u0142awa.pl\/?p=13215"},"modified":"2026-02-28T08:59:30","modified_gmt":"2026-02-28T07:59:30","slug":"edukacja-pod-jednym-dachem-mlawa-odlicza-do-xiv-powiatowego-forum-edukacji-mlodziezy","status":"publish","type":"post","link":"http:\/\/portalm\u0142awa.pl\/?p=13215","title":{"rendered":"Edukacja pod jednym dachem. M\u0142awa odlicza do XIV Powiatowego Forum Edukacji M\u0142odzie\u017cy"},"content":{"rendered":"<p style=\"text-align: justify;\">3\u2026 2\u2026 1\u2026 zaczynamy odliczanie.<\/p>\n<p style=\"text-align: justify;\">Ju\u017c 22 kwietnia 2026 roku M\u0142awska Hala Sportowa zamieni si\u0119 w przestrze\u0144 decyzji, ambicji i pierwszych powa\u017cnych wybor\u00f3w \u017cyciowych. Przed nami XIV Powiatowe Forum Edukacji M\u0142odzie\u017cy \u2013 wydarzenie, kt\u00f3re od lat wyznacza edukacyjny kierunek dla m\u0142odych mieszka\u0144c\u00f3w powiatu m\u0142awskiego.<\/p>\n<p style=\"text-align: justify;\"><strong>Jedno miejsce. Dziesi\u0105tki mo\u017cliwo\u015bci.<\/strong><\/p>\n<p style=\"text-align: justify;\">Forum skierowane jest do uczni\u00f3w klas VII i VIII szk\u00f3\u0142 podstawowych oraz m\u0142odzie\u017cy z ostatnich klas szk\u00f3\u0142 ponadpodstawowych. To w\u0142a\u015bnie oni stoj\u0105 dzi\u015b przed pytaniem: co dalej?<\/p>\n<p style=\"text-align: justify;\">I w\u0142a\u015bnie tu \u2013 w godzinach 10:00\u201312:00 przy al. J\u00f3zefa Pi\u0142sudskiego 33A \u2013 odpowiedzi b\u0119d\u0105 w zasi\u0119gu r\u0119ki.<\/p>\n<p style=\"text-align: justify;\">Na miejscu zaprezentuj\u0105 si\u0119:<\/p>\n<p style=\"text-align: justify;\">\u2714\ufe0f szko\u0142y ponadpodstawowe<\/p>\n<p style=\"text-align: justify;\">\u2714\ufe0f szko\u0142y policealne<\/p>\n<p style=\"text-align: justify;\">\u2714\ufe0f uczelnie wy\u017csze<\/p>\n<p style=\"text-align: justify;\">\u2714\ufe0f jednostki szkoleniowe<\/p>\n<p style=\"text-align: justify;\">\u2714\ufe0f s\u0142u\u017cby mundurowe<\/p>\n<p style=\"text-align: justify;\">\u2714\ufe0f doradcy zawodowi<\/p>\n<p style=\"text-align: justify;\">\u2714\ufe0f Zak\u0142ad Ubezpiecze\u0144 Spo\u0142ecznych<\/p>\n<p style=\"text-align: justify;\">\u2714\ufe0f Urz\u0105d Skarbowy<\/p>\n<p style=\"text-align: justify;\">\u2714\ufe0f Ochotniczy Hufiec Pracy<\/p>\n<p style=\"text-align: justify;\">\u2714\ufe0f Powiatowy Cech Rzemios\u0142 R\u00f3\u017cnych i Przedsi\u0119biorczo\u015bci<\/p>\n<p style=\"text-align: justify;\">To nie b\u0119dzie zwyk\u0142a prezentacja ulotek. To przestrze\u0144 rozm\u00f3w, konsultacji i realnego poznania \u015bcie\u017cek kariery \u2013 od edukacji technicznej i bran\u017cowej, przez studia wy\u017csze, a\u017c po s\u0142u\u017cby i administracj\u0119 publiczn\u0105.<\/p>\n<p style=\"text-align: justify;\"><strong>Edukacja to decyzja, nie przypadek<\/strong><\/p>\n<p style=\"text-align: justify;\">Organizowane przy wsparciu Powiatowego Urz\u0119du Pracy w M\u0142awie forum to co\u015b wi\u0119cej ni\u017c targi szk\u00f3\u0142. To odpowied\u017a na realne potrzeby rynku pracy i m\u0142odych ludzi, kt\u00f3rzy chc\u0105 \u015bwiadomie zaplanowa\u0107 swoj\u0105 przysz\u0142o\u015b\u0107.<\/p>\n<p style=\"text-align: justify;\">W \u015bwiecie dynamicznych zmian kompetencje i \u015bwiadomy wyb\u00f3r \u015bcie\u017cki zawodowej maj\u0105 dzi\u015b kluczowe znaczenie. Forum daje mo\u017cliwo\u015b\u0107 por\u00f3wnania ofert w jednym miejscu, zadania trudnych pyta\u0144 i skonfrontowania marze\u0144 z realiami.<\/p>\n<p style=\"text-align: justify;\"><strong>Ostatni dzwonek dla wystawc\u00f3w<\/strong><\/p>\n<p style=\"text-align: justify;\">Organizatorzy przypominaj\u0105, \u017ce zg\u0142oszenia wystawc\u00f3w przyjmowane s\u0105 do 26 lutego. Szko\u0142y, uczelnie, instytucje szkoleniowe oraz podmioty prowadz\u0105ce punkty konsultacyjne mog\u0105 zg\u0142asza\u0107 sw\u00f3j udzia\u0142:<\/p>\n<p style=\"text-align: justify;\">\ud83d\udce7 waml@praca.gov.pl<\/p>\n<p style=\"text-align: justify;\">\ud83d\udcde 23 655 19 96<\/p>\n<p style=\"text-align: justify;\"><strong>M\u0142odzi u progu kariery<\/strong><\/p>\n<p style=\"text-align: justify;\">Has\u0142o tegorocznej edycji \u2013 \u201eM\u0142odzi u progu kariery\u201d \u2013 nie jest przypadkowe. To moment, w kt\u00f3rym decyzje zaczynaj\u0105 mie\u0107 realne konsekwencje. A dobrze podj\u0119ta decyzja mo\u017ce by\u0107 pocz\u0105tkiem sukcesu.<\/p>\n<p style=\"text-align: justify;\">5 marca M\u0142awa zn\u00f3w stanie si\u0119 edukacyjnym centrum regionu. Dla jednych b\u0119dzie to pierwszy krok w stron\u0119 wymarzonego zawodu. Dla innych \u2013 potwierdzenie obranej drogi.<\/p>\n<p style=\"text-align: justify;\">Jedno jest pewne: tu zaczynaj\u0105 si\u0119 przysz\u0142e kariery.<\/p>\n<p style=\"text-align: justify;\">T.B<\/p>\n<p style=\"box-sizing: border-box; margin-top: 0px; margin-bottom: 15px; color: #555555; font-family: Roboto, sans-serif; font-size: 15px; text-align: justify;\">KOMENTARZE<\/p>\n<p style=\"box-sizing: border-box; margin-top: 0px; margin-bottom: 15px; color: #555555; font-family: Roboto, sans-serif; font-size: 15px; text-align: justify;\">Wydawca portalu nie ponosi odpowiedzialno\u015bci za tre\u015b\u0107 komentarzy zamieszczanych przez u\u017cytkownik\u00f3w. Osoby zamieszczaj\u0105ce wypowiedzi naruszaj\u0105ce prawo lub prawem chronione dobra os\u00f3b trzecich mog\u0105 ponie\u015b\u0107 z tego tytu\u0142u odpowiedzialno\u015b\u0107 karn\u0105 lub cywiln\u0105.JEDNOCZE\u015aNIE UZYTKOWNICY ZAMIESZCZAJ\u0104C KOMENTARZ OSWIADCZAJ\u0104, \u017bE BIOR\u0104 PE\u0141N\u0104 ODPOWIEDZIALNO\u015a\u0106 ZA TRE\u015aCI UMIESZCZONE PRZEZ SIEBIE<\/p>\n<div style=\"padding-bottom:20px; padding-top:10px;\" class=\"hupso-share-buttons\"><!-- Hupso Share Buttons - https:\/\/www.hupso.com\/share\/ --><a class=\"hupso_pop\" href=\"https:\/\/www.hupso.com\/share\/\"><img decoding=\"async\" data-src=\"http:\/\/static.hupso.com\/share\/buttons\/button100x23.png\" style=\"border:0px; width:100; height: 23; \" alt=\"Share Button\" src=\"data:image\/svg+xml;base64,PHN2ZyB3aWR0aD0iMSIgaGVpZ2h0PSIxIiB4bWxucz0iaHR0cDovL3d3dy53My5vcmcvMjAwMC9zdmciPjwvc3ZnPg==\" class=\"lazyload\" \/><\/a><script type=\"text\/javascript\">var hupso_services=new Array(\"Twitter\",\"Facebook\",\"Pinterest\",\"Linkedin\",\"Tumblr\",\"StumbleUpon\",\"Digg\",\"Reddit\",\"Bebo\",\"Delicious\",\"QZone\",\"Renren\",\"Email\");var hupso_icon_type = \"labels\";var hupso_background=\"#3BF8FF\";var hupso_border=\"#FF2B0A\";var hupso_image_folder_url = \"\";var hupso_url=\"\";var hupso_title=\"Edukacja%20pod%20jednym%20dachem.%20M%C5%82awa%20odlicza%20do%20XIV%20Powiatowego%20Forum%20Edukacji%20M%C5%82odzie%C5%BCy\";<\/script><script type=\"text\/javascript\" src=\"http:\/\/static.hupso.com\/share\/js\/share.js\"><\/script><!-- Hupso Share Buttons --><\/div>","protected":false},"excerpt":{"rendered":"<p>3\u2026 2\u2026 1\u2026 zaczynamy odliczanie. Ju\u017c 22 kwietnia 2026 roku M\u0142awska Hala Sportowa zamieni si\u0119 w przestrze\u0144 decyzji, ambicji i pierwszych powa\u017cnych wybor\u00f3w \u017cyciowych. Przed nami XIV Powiatowe Forum Edukacji&hellip; <\/p>\n<div style=\"padding-bottom:20px; padding-top:10px;\" class=\"hupso-share-buttons\"><!-- Hupso Share Buttons - https:\/\/www.hupso.com\/share\/ --><a class=\"hupso_pop\" href=\"https:\/\/www.hupso.com\/share\/\"><img data-src=\"http:\/\/static.hupso.com\/share\/buttons\/button100x23.png\" style=\"border:0px; width:100; height: 23; \" alt=\"Share Button\" src=\"data:image\/svg+xml;base64,PHN2ZyB3aWR0aD0iMSIgaGVpZ2h0PSIxIiB4bWxucz0iaHR0cDovL3d3dy53My5vcmcvMjAwMC9zdmciPjwvc3ZnPg==\" class=\"lazyload\" \/><\/a><script type=\"text\/javascript\">var hupso_services=new Array(\"Twitter\",\"Facebook\",\"Pinterest\",\"Linkedin\",\"Tumblr\",\"StumbleUpon\",\"Digg\",\"Reddit\",\"Bebo\",\"Delicious\",\"QZone\",\"Renren\",\"Email\");var hupso_icon_type = \"labels\";var hupso_background=\"#3BF8FF\";var hupso_border=\"#FF2B0A\";var hupso_image_folder_url = \"\";var hupso_url=\"\";var hupso_title=\"Edukacja%20pod%20jednym%20dachem.%20M%C5%82awa%20odlicza%20do%20XIV%20Powiatowego%20Forum%20Edukacji%20M%C5%82odzie%C5%BCy\";<\/script><script type=\"text\/javascript\" src=\"http:\/\/static.hupso.com\/share\/js\/share.js\"><\/script><!-- Hupso Share Buttons --><\/div>","protected":false},"author":1,"featured_media":13216,"comment_status":"open","ping_status":"open","sticky":false,"template":"","format":"standard","meta":{"_acf_changed":false,"wprm-recipe-roundup-name":"","wprm-recipe-roundup-description":"","footnotes":""},"categories":[19,3,28],"tags":[],"class_list":["post-13215","post","type-post","status-publish","format-standard","has-post-thumbnail","hentry","category-aktualnosci","category-kultura","category-wyd"],"acf":[],"amp_enabled":true,"_links":{"self":[{"href":"http:\/\/portalm\u0142awa.pl\/index.php?rest_route=\/wp\/v2\/posts\/13215","targetHints":{"allow":["GET"]}}],"collection":[{"href":"http:\/\/portalm\u0142awa.pl\/index.php?rest_route=\/wp\/v2\/posts"}],"about":[{"href":"http:\/\/portalm\u0142awa.pl\/index.php?rest_route=\/wp\/v2\/types\/post"}],"author":[{"embeddable":true,"href":"http:\/\/portalm\u0142awa.pl\/index.php?rest_route=\/wp\/v2\/users\/1"}],"replies":[{"embeddable":true,"href":"http:\/\/portalm\u0142awa.pl\/index.php?rest_route=%2Fwp%2Fv2%2Fcomments&post=13215"}],"version-history":[{"count":2,"href":"http:\/\/portalm\u0142awa.pl\/index.php?rest_route=\/wp\/v2\/posts\/13215\/revisions"}],"predecessor-version":[{"id":13535,"href":"http:\/\/portalm\u0142awa.pl\/index.php?rest_route=\/wp\/v2\/posts\/13215\/revisions\/13535"}],"wp:featuredmedia":[{"embeddable":true,"href":"http:\/\/portalm\u0142awa.pl\/index.php?rest_route=\/wp\/v2\/media\/13216"}],"wp:attachment":[{"href":"http:\/\/portalm\u0142awa.pl\/index.php?rest_route=%2Fwp%2Fv2%2Fmedia&parent=13215"}],"wp:term":[{"taxonomy":"category","embeddable":true,"href":"http:\/\/portalm\u0142awa.pl\/index.php?rest_route=%2Fwp%2Fv2%2Fcategories&post=13215"},{"taxonomy":"post_tag","embeddable":true,"href":"http:\/\/portalm\u0142awa.pl\/index.php?rest_route=%2Fwp%2Fv2%2Ftags&post=13215"}],"curies":[{"name":"wp","href":"https:\/\/api.w.org\/{rel}","templated":true}]}}