{"id":1345,"date":"2014-11-06T10:38:18","date_gmt":"2014-11-06T09:38:18","guid":{"rendered":"http:\/\/proba.xn--portalmawa-g0b.pl\/?p=1345"},"modified":"2020-05-11T10:44:03","modified_gmt":"2020-05-11T08:44:03","slug":"mlawa-mieszkaniec-mozna-bylo-bez-tej-zlosliwosci-panie-burmistrzu-czyli-jak-burmistrz-odpowiada-na-pytania","status":"publish","type":"post","link":"http:\/\/portalm\u0142awa.pl\/?p=1345","title":{"rendered":"M\u0141AWA..Mieszkaniec: &#8211; Mo\u017cna by\u0142o bez tej z\u0142o\u015bliwo\u015bci Panie burmistrzu. Czyli jak burmistrz odpowiada na pytania"},"content":{"rendered":"<p style=\"text-align: justify;\"><strong><img decoding=\"async\" class=\"wp-image-1346 alignleft lazyload\" data-src=\"http:\/\/proba.xn--portalmawa-g0b.pl\/wp-content\/uploads\/2020\/05\/jankowski1-300x233.jpg\" alt=\"\" width=\"184\" height=\"143\" data-srcset=\"http:\/\/portalm\u0142awa.pl\/wp-content\/uploads\/2020\/05\/jankowski1-300x233.jpg 300w, http:\/\/portalm\u0142awa.pl\/wp-content\/uploads\/2020\/05\/jankowski1.jpg 640w\" data-sizes=\"(max-width: 184px) 100vw, 184px\" src=\"data:image\/svg+xml;base64,PHN2ZyB3aWR0aD0iMSIgaGVpZ2h0PSIxIiB4bWxucz0iaHR0cDovL3d3dy53My5vcmcvMjAwMC9zdmciPjwvc3ZnPg==\" style=\"--smush-placeholder-width: 184px; --smush-placeholder-aspect-ratio: 184\/143;\" \/>&#8211; Mo\u017cna by\u0142o bez tej z\u0142o\u015bliwo\u015bci panie burmistrzu. Nie mam zawodu radny Miasta M\u0142awa tylko jestem ksi\u0119garzem i nie jest moim obowi\u0105zkiem co miesi\u0105c wys\u0142uchiwa\u0107 ca\u0142ej rady &#8211; m\u00f3wi\u0142 Robert Jankowski mieszkaniec M\u0142awy<\/strong><\/p>\n<p style=\"text-align: justify;\">A sytuacja mia\u0142a miejsce podczas ostatniej sesji kiedy m\u0142awianin upomnia\u0142 si\u0119 o odpowied\u017a na pytania, kt\u00f3re zada\u0142 na sesji 4 marca. A przypomnijmy zosta\u0142y one pomini\u0119te milczeniem w\u00f3wczas przez Rad\u0119 Miasta i burmistrza ( Pisali\u015bmy o tym<a href=\"http:\/\/www.portalm%C5%82awa.pl\/wiadomosci\/aktualnosci\/1154-chcial-zainteresowac-rade-miasta-powstajacymi-kurnikami-pytania-mieszkanca-pozostaly-bez-odpowiedzi.html\"> tutaj<\/a>).<\/p>\n<p style=\"text-align: justify;\">&#8211; Kilka miesi\u0119cy temu zada\u0142em pytania, na kt\u00f3re nie dosta\u0142em odpowiedzi &#8211; m\u00f3wi\u0142 natomiast na ostatnie sesji Jankowski. Dotyczy\u0142y one m.in. monitorowania powietrza w mie\u015bcie ze wzgl\u0119du na planowane inwestycje w Kr\u0119pie i Kuklinie. Proponowa\u0142em zbadanie wody w rzece M\u0142awce poniewa\u017c planowana inwestycja w Kuklinie bezpo\u015brednio zagra\u017ca wodom, kt\u00f3re p\u0142yn\u0105 przez nasz teren miasta, a kt\u00f3re mog\u0105 by\u0107 zapleczem wody. Poniewa\u017c m\u00f3wi si\u0119, \u017ce woda b\u0119dzie cenniejsza ni\u017c ropa naftowa dlatego to do\u015b\u0107 wa\u017cny problem. Min\u0119\u0142y chyba 3 miesi\u0105ce i do tej pory nie otrzyma\u0142em odpowiedzi.<\/p>\n<p style=\"text-align: justify;\">M\u00f3wca doda\u0142 jeszcze, \u017ce w M\u0142awce s\u0105 4 chronione gatunki i je\u015bli M\u0142awy nie sta\u0107 na wydatek 300 z\u0142 na badania wody to Stowarzyszenie Czyste \u0179r\u00f3d\u0142a z Wieczfni Ko\u015bcielnej.<\/p>\n<p style=\"text-align: justify;\">W odpowiedzi burmistrz stwierdzi\u0142, \u017ce pytania nale\u017ca\u0142o z\u0142o\u017cy\u0107 na pi\u015bmie do Urz\u0119du Miasta i wtedy by\u0142aby odpowied\u017a. Nie poprzesta\u0142 jednak na tym pozwoli\u0142 sobie na uwagi osobiste pod adresem mieszka\u0144ca<\/p>\n<p style=\"text-align: justify;\">&#8211; Pan bywa na sesji. Pojawi\u0142 si\u0119 pan po trzymiesi\u0119cznej przerwie i ja rozumiem, \u017ce przychodzi pan z tematem, kt\u00f3ry pana interesuje. A bardziej na powa\u017cnie prosz\u0119, aby do urz\u0119du miasta by\u0142y kierowane pytania pisemnie. W takiej formie jest KPA i otrzyma pan odpowied\u017a. Natomiast poruszy\u0142 pan temat tak przygodnie. Przychodzi pan porusza, \u017ceby zamiesza\u0107 , zam\u0105ci\u0107, za\u017cartowa\u0107 sobie, \u017ce miasta M\u0142awa nie sta\u0107 na 300 z\u0142. Ot\u00f3\u017c sta\u0107 nas na 300 z\u0142.<\/p>\n<p style=\"text-align: justify;\">Oczywi\u015bcie nie zosta\u0142o to bez odzewu ze strony mieszka\u0144ca co m\u00f3wi cytat podany na wst\u0119pie.<\/p>\n<p style=\"text-align: justify;\">&#8211; Mo\u017cna by\u0142o bez tej z\u0142o\u015bliwo\u015bci panie burmistrzu. Nie mam zawodu radny Miasta M\u0142awa tylko jestem ksi\u0119garzem i nie jest moim obowi\u0105zkiem co miesi\u0105c wys\u0142uchiwa\u0107 ca\u0142ej rady &#8211; m\u00f3wi\u0142 Robert Jankowski mieszkaniec M\u0142awy.<\/p>\n<p style=\"text-align: justify;\">Zastanawia, czy tak powinien zachowywa\u0107 si\u0119 burmistrz miasta? Zreszt\u0105 taka sytuacja ma miejsce nie po raz pierwszy. W\u0142odarz miasta zar\u00f3wno do radnych, jak i do mieszka\u0144c\u00f3w M\u0142awy, kt\u00f3rzy o co\u015b zapytali na sesji zwraca\u0142 si\u0119 ju\u017c nie raz w podobnym stylu. Nale\u017cy podkre\u015bli\u0107, \u017ce dzieje si\u0119 to nie tylko w tej kadencji, ale i by\u0142o w poprzedniej kiedy to np. radnego Piotra Olszewskiego nazwa\u0142 donosicielem, co dla Polaka jest szczeg\u00f3lnie obra\u017aliwe. Pisali\u015bmy o tym tutej: <a href=\"http:\/\/www.portalm%C5%82awa.pl\/wiadomosci\/polecane\/226-bylem-osmieszany-a-szyderstwa-byly-codziennoscia-czyli-wywiad-z-bylym-radnym-piotrem-olszewskim.html\">By\u0142em o\u015bmieszany, a szyderstwa by\u0142y codzienno\u015bci\u0105, czyli wywiad z by\u0142ym radnym Piotrem Olszewskim<\/a><\/p>\n<p style=\"text-align: justify;\">czy inne przyk\u0142ady<\/p>\n<div class=\"avPlayerWrapper avVideo\" style=\"text-align: justify;\">\n<div class=\"avPlayerWrapper avVideo\">\n<div class=\"avPlayerContainer\">\n<div id=\"AVPlayerID_6fb362e7_1739581766\" class=\"avPlayerBlock\"><iframe title=\"JoomlaWorks AllVideos Player\" data-src=\"http:\/\/www.youtube.com\/embed\/rB9lborbzXI?rel=0&amp;fs=1&amp;wmode=transparent\" width=\"400\" height=\"300\" frameborder=\"0\" allowfullscreen=\"allowfullscreen\" data-mce-fragment=\"1\" src=\"data:image\/svg+xml;base64,PHN2ZyB3aWR0aD0iMSIgaGVpZ2h0PSIxIiB4bWxucz0iaHR0cDovL3d3dy53My5vcmcvMjAwMC9zdmciPjwvc3ZnPg==\" class=\"lazyload\" data-load-mode=\"1\"><\/iframe><\/div>\n<\/div>\n<\/div>\n<\/div>\n<p style=\"text-align: justify;\">A przecie\u017c przypomnijmy to M\u0142awianie pracuj\u0105 na pensj\u0119 burmistrza, ma\u0142o tego to oni go zatrudniaj\u0105. Czy pracodawca jakiejkolwiek firmy pozwoli\u0142by na co\u015b takiego?, Na takie odezwanie si\u0119 pod jego adresem? Chyba nie. Natomiast je\u015bli takie sytuacje powtarzaj\u0105 si\u0119 nie tylko w tej, ale by\u0142y w poprzedniej kadencji, to czy szef miasta zmieni swe post\u0119powanie? Chyba nie. Pytanie wi\u0119c, czy powinni\u015bmy mie\u0107 takiego burmistrza?<\/p>\n<p style=\"text-align: justify;\"><span style=\"color: #ff0000;\"><strong>KOMENTARZE<\/strong><\/span><\/p>\n<p style=\"text-align: justify;\"><em>Wydawca portalu nie ponosi odpowiedzialno\u015bci za tre\u015b\u0107 komentarzy zamieszczanych przez u\u017cytkownik\u00f3w. Osoby zamieszczaj\u0105ce wypowiedzi naruszaj\u0105ce prawo lub prawem chronione dobra os\u00f3b trzecich mog\u0105 ponie\u015b\u0107 z tego tytu\u0142u odpowiedzialno\u015b\u0107 karn\u0105 lub cywiln\u0105.<\/em><span style=\"color: #ff0000;\"><strong><em>JEDNOCZE\u015aNIE UZYTKOWNICY ZAMIESZCZAJ\u0104C KOMENTARZ OSWIADCZAJ\u0104, \u017bE BIOR\u0104 PE\u0141N\u0104 ODPOWIEDZIALNO\u015a\u0106 ZA TRE\u015aCI UMIESZCZONE PRZEZ SIEBIE<\/em><\/strong><\/span><\/p>\n<div style=\"padding-bottom:20px; padding-top:10px;\" class=\"hupso-share-buttons\"><!-- Hupso Share Buttons - https:\/\/www.hupso.com\/share\/ --><a class=\"hupso_pop\" href=\"https:\/\/www.hupso.com\/share\/\"><img decoding=\"async\" data-src=\"http:\/\/static.hupso.com\/share\/buttons\/button100x23.png\" style=\"border:0px; width:100; height: 23; \" alt=\"Share Button\" src=\"data:image\/svg+xml;base64,PHN2ZyB3aWR0aD0iMSIgaGVpZ2h0PSIxIiB4bWxucz0iaHR0cDovL3d3dy53My5vcmcvMjAwMC9zdmciPjwvc3ZnPg==\" class=\"lazyload\" \/><\/a><script type=\"text\/javascript\">var hupso_services=new Array(\"Twitter\",\"Facebook\",\"Pinterest\",\"Linkedin\",\"Tumblr\",\"StumbleUpon\",\"Digg\",\"Reddit\",\"Bebo\",\"Delicious\",\"QZone\",\"Renren\",\"Email\");var hupso_icon_type = \"labels\";var hupso_background=\"#3BF8FF\";var hupso_border=\"#FF2B0A\";var hupso_image_folder_url = \"\";var hupso_url=\"\";var hupso_title=\"M%C5%81AWA..Mieszkaniec%3A%20-%20Mo%C5%BCna%20by%C5%82o%20bez%20tej%20z%C5%82o%C5%9Bliwo%C5%9Bci%20Panie%20burmistrzu.%20Czyli%20jak%20burmistrz%20odpowiada%20na%20pytania\";<\/script><script type=\"text\/javascript\" src=\"http:\/\/static.hupso.com\/share\/js\/share.js\"><\/script><!-- Hupso Share Buttons --><\/div>","protected":false},"excerpt":{"rendered":"<p>&#8211; Mo\u017cna by\u0142o bez tej z\u0142o\u015bliwo\u015bci panie burmistrzu. Nie mam zawodu radny Miasta M\u0142awa tylko jestem ksi\u0119garzem i nie jest moim obowi\u0105zkiem co miesi\u0105c wys\u0142uchiwa\u0107 ca\u0142ej rady &#8211; m\u00f3wi\u0142 Robert&hellip; <\/p>\n<div style=\"padding-bottom:20px; padding-top:10px;\" class=\"hupso-share-buttons\"><!-- Hupso Share Buttons - https:\/\/www.hupso.com\/share\/ --><a class=\"hupso_pop\" href=\"https:\/\/www.hupso.com\/share\/\"><img data-src=\"http:\/\/static.hupso.com\/share\/buttons\/button100x23.png\" style=\"border:0px; width:100; height: 23; \" alt=\"Share Button\" src=\"data:image\/svg+xml;base64,PHN2ZyB3aWR0aD0iMSIgaGVpZ2h0PSIxIiB4bWxucz0iaHR0cDovL3d3dy53My5vcmcvMjAwMC9zdmciPjwvc3ZnPg==\" class=\"lazyload\" \/><\/a><script type=\"text\/javascript\">var hupso_services=new Array(\"Twitter\",\"Facebook\",\"Pinterest\",\"Linkedin\",\"Tumblr\",\"StumbleUpon\",\"Digg\",\"Reddit\",\"Bebo\",\"Delicious\",\"QZone\",\"Renren\",\"Email\");var hupso_icon_type = \"labels\";var hupso_background=\"#3BF8FF\";var hupso_border=\"#FF2B0A\";var hupso_image_folder_url = \"\";var hupso_url=\"\";var hupso_title=\"M%C5%81AWA..Mieszkaniec%3A%20-%20Mo%C5%BCna%20by%C5%82o%20bez%20tej%20z%C5%82o%C5%9Bliwo%C5%9Bci%20Panie%20burmistrzu.%20Czyli%20jak%20burmistrz%20odpowiada%20na%20pytania\";<\/script><script type=\"text\/javascript\" src=\"http:\/\/static.hupso.com\/share\/js\/share.js\"><\/script><!-- Hupso Share Buttons --><\/div>","protected":false},"author":1,"featured_media":1346,"comment_status":"open","ping_status":"open","sticky":false,"template":"","format":"standard","meta":{"_acf_changed":false,"wprm-recipe-roundup-name":"","wprm-recipe-roundup-description":"","footnotes":""},"categories":[19,28],"tags":[376,23,377,338,374,375],"class_list":["post-1345","post","type-post","status-publish","format-standard","has-post-thumbnail","hentry","category-aktualnosci","category-wyd","tag-inwestycja-w-kuklinie","tag-mlawa","tag-mlawce","tag-pieniadze","tag-pytania","tag-rada"],"acf":[],"amp_enabled":true,"_links":{"self":[{"href":"http:\/\/portalm\u0142awa.pl\/index.php?rest_route=\/wp\/v2\/posts\/1345","targetHints":{"allow":["GET"]}}],"collection":[{"href":"http:\/\/portalm\u0142awa.pl\/index.php?rest_route=\/wp\/v2\/posts"}],"about":[{"href":"http:\/\/portalm\u0142awa.pl\/index.php?rest_route=\/wp\/v2\/types\/post"}],"author":[{"embeddable":true,"href":"http:\/\/portalm\u0142awa.pl\/index.php?rest_route=\/wp\/v2\/users\/1"}],"replies":[{"embeddable":true,"href":"http:\/\/portalm\u0142awa.pl\/index.php?rest_route=%2Fwp%2Fv2%2Fcomments&post=1345"}],"version-history":[{"count":2,"href":"http:\/\/portalm\u0142awa.pl\/index.php?rest_route=\/wp\/v2\/posts\/1345\/revisions"}],"predecessor-version":[{"id":1348,"href":"http:\/\/portalm\u0142awa.pl\/index.php?rest_route=\/wp\/v2\/posts\/1345\/revisions\/1348"}],"wp:featuredmedia":[{"embeddable":true,"href":"http:\/\/portalm\u0142awa.pl\/index.php?rest_route=\/wp\/v2\/media\/1346"}],"wp:attachment":[{"href":"http:\/\/portalm\u0142awa.pl\/index.php?rest_route=%2Fwp%2Fv2%2Fmedia&parent=1345"}],"wp:term":[{"taxonomy":"category","embeddable":true,"href":"http:\/\/portalm\u0142awa.pl\/index.php?rest_route=%2Fwp%2Fv2%2Fcategories&post=1345"},{"taxonomy":"post_tag","embeddable":true,"href":"http:\/\/portalm\u0142awa.pl\/index.php?rest_route=%2Fwp%2Fv2%2Ftags&post=1345"}],"curies":[{"name":"wp","href":"https:\/\/api.w.org\/{rel}","templated":true}]}}