{"id":1349,"date":"2014-01-29T10:47:54","date_gmt":"2014-01-29T09:47:54","guid":{"rendered":"http:\/\/proba.xn--portalmawa-g0b.pl\/?p=1349"},"modified":"2020-05-11T10:52:44","modified_gmt":"2020-05-11T08:52:44","slug":"mlawa-skarge-tomasza-chodubskiego-na-burmistrza-radni-jednoglosnie-skierowali-do-komisji-rewizyjnej","status":"publish","type":"post","link":"http:\/\/portalm\u0142awa.pl\/?p=1349","title":{"rendered":"M\u0141AWA.Skarg\u0119 Tomasza Chodubskiego na burmistrza radni jednog\u0142o\u015bnie skierowali do komisji rewizyjnej"},"content":{"rendered":"<p style=\"text-align: justify;\"><strong><img decoding=\"async\" class=\"wp-image-1350 alignleft lazyload\" data-src=\"http:\/\/proba.xn--portalmawa-g0b.pl\/wp-content\/uploads\/2020\/05\/sesja21sierpnia62012-300x225.jpg\" alt=\"\" width=\"227\" height=\"170\" data-srcset=\"http:\/\/portalm\u0142awa.pl\/wp-content\/uploads\/2020\/05\/sesja21sierpnia62012-300x225.jpg 300w, http:\/\/portalm\u0142awa.pl\/wp-content\/uploads\/2020\/05\/sesja21sierpnia62012-768x576.jpg 768w, http:\/\/portalm\u0142awa.pl\/wp-content\/uploads\/2020\/05\/sesja21sierpnia62012.jpg 800w\" data-sizes=\"(max-width: 227px) 100vw, 227px\" src=\"data:image\/svg+xml;base64,PHN2ZyB3aWR0aD0iMSIgaGVpZ2h0PSIxIiB4bWxucz0iaHR0cDovL3d3dy53My5vcmcvMjAwMC9zdmciPjwvc3ZnPg==\" style=\"--smush-placeholder-width: 227px; --smush-placeholder-aspect-ratio: 227\/170;\" \/>Na wczorajszej sesji radni jednog\u0142o\u015bnie poparli wniosek przewodnicz\u0105cego Rady Miasta o skierowanie skargi przewodnicz\u0105cego osiedla Ko\u015bciuszki Tomasza Chodubskiego na burmistrza do komisji rewizyjnej. Dotyczy\u0142a ona jak wyja\u015bnia\u0142 skar\u017c\u0105cy o planowanej budowie spalarni. Pytanie jednak, czy zostanie w\u0142a\u015bciwie rozpatrzona?<\/strong><\/p>\n<p style=\"text-align: justify;\">Pytanie postawione na wst\u0119pie nie jest bezzasadne. Przyjrzyjmy si\u0119 na pocz\u0105tek kto zasiada w komisji rewizyjnej, gdzie sprawy s\u0105 przyjmowane w znacznej cz\u0119\u015bci wi\u0119kszo\u015bci g\u0142os\u00f3w.<\/p>\n<p style=\"text-align: justify;\">A oto sk\u0142ad komisji rewizyjnej:<\/p>\n<p style=\"text-align: justify;\"><strong>Przewodnicz\u0105cy komisji<\/strong> Ryszard Prusinowski (koalicja rz\u0105dz\u0105ca).<\/p>\n<p style=\"text-align: justify;\">To on m.in. mo\u017cna powiedzie\u0107 przyczyni\u0142 si\u0119 do tego, aby radny Nowakowski nie zadawa\u0142 szczeg\u00f3\u0142owych pyta\u0144 w sprawie spalarni podczas komisji bud\u017cetu 17 stycznia. Pisali\u015bmy o tym <a href=\"http:\/\/www.portalm\u0142awa.pl\/wiadomosci\/aktualnosci\/895-kolejny-skandal-w-radzie-miasta-mamy-demokracje-czy-moze-poczatki-dyktatury.html\">tutaj<\/a><\/p>\n<p style=\"text-align: justify;\">Dalej<\/p>\n<p style=\"text-align: justify;\"><strong>Waldemar Henryk Borowski<\/strong> &#8211; wiceprzewodnicz\u0105cy <span style=\"color: #ff0000;\">(koalicja rz\u0105dz\u0105ca)<\/span><\/p>\n<p style=\"text-align: justify;\"><strong>Dariusz Grzegorz Du\u017cma\u0144ski<\/strong> &#8211; cz\u0142onek, wspiera swoimi g\u0142osami<span style=\"color: #ff0000;\"> koalicj\u0119 rz\u0105dz\u0105c\u0105<\/span><\/p>\n<p style=\"text-align: justify;\"><strong>Teresa Szulc<\/strong> &#8211; c<i>z\u0142onek<\/i> <span style=\"color: #ff0000;\">(koalicja rz\u0105dz\u0105ca)<\/span><\/p>\n<p style=\"text-align: justify;\"><strong>Jerzy Ryszard Rakowski<\/strong> &#8211; c<i>z\u0142onek<\/i> (opozycja)<\/p>\n<p style=\"text-align: justify;\"><strong>Marek Kie\u0142bi\u0144ski<\/strong> &#8211; cz\u0142onek (opozycja)<\/p>\n<p style=\"text-align: justify;\">Inny znamienny fakt, kt\u00f3ry jakby uzasadnia postawienie takiego pytania mia\u0142 miejsce chocia\u017cby na wczorajszej sesji przy rozpatrywaniu innego punktu porz\u0105dku obrad. Chodzi\u0142a o uchwa\u0142\u0119 blokuj\u0105c\u0105 sprzeda\u017c dzia\u0142ki pod spalarni\u0119. Tym razem wesz\u0142a pod obrady, ale sytuacja podczas dyskusji mo\u017cna powiedzie\u0107 pojawi\u0142a si\u0119 paradoksalna. Zar\u00f3wno bowiem wprowadzaj\u0105cy uchwa\u0142\u0119 radny Micha\u0142 Nowakowski, jak i radny Wojciech Krajewski zwr\u00f3cili uwag\u0119, \u017ce radni zostali wprowadzeni w b\u0142\u0105d ju\u017c w lipcu przy uchwalaniu sprzeda\u017cy dzia\u0142ki obecnie znajduj\u0105cej si\u0119 pod nr 4746. Dlaczego?<\/p>\n<p style=\"text-align: justify;\">&#8211; Ju\u017c w czerwcu trwaj\u0105 rozmowy mi\u0119dzy USKOM-em, a PEC-em w sprawie spalarni. W czerwcu. Uchwa\u0142\u0119 (red. o sprzeda\u017cy dzia\u0142ki) rozpatrujemy w lipcu. I nam si\u0119 m\u00f3wi o placu manewrowym (red. o sprzeda\u017cy dzia\u0142ki), o postoju o parkingu nie o spalarni. &#8211; m\u00f3wi\u0142 radny Wojciech Krajewski na ostatniej sesji.<\/p>\n<p style=\"text-align: justify;\">Jednak mimo, to radny koalicji rz\u0105dz\u0105cej Janusz Uniewicz stwierdzi\u0142, \u017ce nie czuje si\u0119 wprowadzony w b\u0142\u0105d. Je\u015bli w obliczu takiej sytuacji, co prawda nie cz\u0142onek komisji rewizyjnej, ale radny koalicji rz\u0105dz\u0105cej twierdzi\u0142, \u017ce nie zosta\u0142 wprowadzony w b\u0142\u0105d co do przeznaczenia sprzedawanej dzia\u0142ki, to jak zareaguj\u0105 radni koalicji rz\u0105dz\u0105cej b\u0119d\u0105cy w komisji rewizyjnej w sprawie skargi po zapoznaniu si\u0119 z dokumentacj\u0105? Dlatego wi\u0119c postawili\u015bmy to pytanie, czy mimo m.in. przedstawionych dokument\u00f3w, kt\u00f3re mo\u017cna powiedzie\u0107 wskazuj\u0105 na to, \u017ce burmistrz wiedzia\u0142 o spalarni w sierpniu, a nie w pa\u017adzierniku jak twierdzi\u0142 sam w\u0142odarz miasta to skarga zostanie w\u0142a\u015bciwie rozpatrzona? Przecie\u017c mo\u017cna powiedzie\u0107, \u017ce w komisji rewizyjnej wi\u0119kszo\u015b\u0107 ma koalicja rz\u0105dz\u0105ca.<\/p>\n<p style=\"text-align: justify;\">Oto fragment sesji przedstawiaj\u0105cy ca\u0142\u0105 sytuacj\u0119 dotycz\u0105c\u0105 sprzeda\u017cy dzia\u0142ki i stwierdzenia radnego Janusza Uniewicza, \u017ce nie zosta\u0142 wprowadzony w b\u0142\u0105d<\/p>\n<div class=\"avPlayerWrapper avVideo\" style=\"text-align: justify;\">\n<div class=\"avPlayerContainer\">\n<div id=\"AVPlayerID_3bbf1324_1043392894\" class=\"avPlayerBlock\"><iframe title=\"JoomlaWorks AllVideos Player\" data-src=\"http:\/\/www.youtube.com\/embed\/e09yQMh8boU?rel=0&amp;fs=1&amp;wmode=transparent\" width=\"400\" height=\"300\" frameborder=\"0\" allowfullscreen=\"allowfullscreen\" data-mce-fragment=\"1\" src=\"data:image\/svg+xml;base64,PHN2ZyB3aWR0aD0iMSIgaGVpZ2h0PSIxIiB4bWxucz0iaHR0cDovL3d3dy53My5vcmcvMjAwMC9zdmciPjwvc3ZnPg==\" class=\"lazyload\" data-load-mode=\"1\"><\/iframe><\/div>\n<\/div>\n<\/div>\n<p style=\"text-align: justify;\"><span style=\"color: #ff0000;\"><strong>KOMENTARZE<\/strong><\/span><\/p>\n<p style=\"text-align: justify;\"><i>Wydawca portalu nie ponosi odpowiedzialno\u015bci za tre\u015b\u0107 komentarzy zamieszczanych przez u\u017cytkownik\u00f3w. Osoby zamieszczaj\u0105ce wypowiedzi naruszaj\u0105ce prawo lub prawem chronione dobra os\u00f3b trzecich mog\u0105 ponie\u015b\u0107 z tego tytu\u0142u odpowiedzialno\u015b\u0107 karn\u0105 lub cywiln\u0105.<\/i><span style=\"color: #ff0000;\"><strong><i>JEDNOCZE\u015aNIE UZYTKOWNICY ZAMIESZCZAJ\u0104C KOMENTARZ OSWIADCZAJ\u0104, \u017bE BIOR\u0104 PE\u0141N\u0104 ODPOWIEDZIALNO\u015a\u0106 ZA TRE\u015aCI UMIESZCZONE PRZEZ SIEBIE<\/i><\/strong><\/span><\/p>\n<div style=\"padding-bottom:20px; padding-top:10px;\" class=\"hupso-share-buttons\"><!-- Hupso Share Buttons - https:\/\/www.hupso.com\/share\/ --><a class=\"hupso_pop\" href=\"https:\/\/www.hupso.com\/share\/\"><img decoding=\"async\" data-src=\"http:\/\/static.hupso.com\/share\/buttons\/button100x23.png\" style=\"border:0px; width:100; height: 23; \" alt=\"Share Button\" src=\"data:image\/svg+xml;base64,PHN2ZyB3aWR0aD0iMSIgaGVpZ2h0PSIxIiB4bWxucz0iaHR0cDovL3d3dy53My5vcmcvMjAwMC9zdmciPjwvc3ZnPg==\" class=\"lazyload\" \/><\/a><script type=\"text\/javascript\">var hupso_services=new Array(\"Twitter\",\"Facebook\",\"Pinterest\",\"Linkedin\",\"Tumblr\",\"StumbleUpon\",\"Digg\",\"Reddit\",\"Bebo\",\"Delicious\",\"QZone\",\"Renren\",\"Email\");var hupso_icon_type = \"labels\";var hupso_background=\"#3BF8FF\";var hupso_border=\"#FF2B0A\";var hupso_image_folder_url = \"\";var hupso_url=\"\";var hupso_title=\"M%C5%81AWA.Skarg%C4%99%20Tomasza%20Chodubskiego%20na%20burmistrza%20radni%20jednog%C5%82o%C5%9Bnie%20skierowali%20do%20komisji%20rewizyjnej\";<\/script><script type=\"text\/javascript\" src=\"http:\/\/static.hupso.com\/share\/js\/share.js\"><\/script><!-- Hupso Share Buttons --><\/div>","protected":false},"excerpt":{"rendered":"<p>Na wczorajszej sesji radni jednog\u0142o\u015bnie poparli wniosek przewodnicz\u0105cego Rady Miasta o skierowanie skargi przewodnicz\u0105cego osiedla Ko\u015bciuszki Tomasza Chodubskiego na burmistrza do komisji rewizyjnej. Dotyczy\u0142a ona jak wyja\u015bnia\u0142 skar\u017c\u0105cy o planowanej&hellip; <\/p>\n<div style=\"padding-bottom:20px; padding-top:10px;\" class=\"hupso-share-buttons\"><!-- Hupso Share Buttons - https:\/\/www.hupso.com\/share\/ --><a class=\"hupso_pop\" href=\"https:\/\/www.hupso.com\/share\/\"><img data-src=\"http:\/\/static.hupso.com\/share\/buttons\/button100x23.png\" style=\"border:0px; width:100; height: 23; \" alt=\"Share Button\" src=\"data:image\/svg+xml;base64,PHN2ZyB3aWR0aD0iMSIgaGVpZ2h0PSIxIiB4bWxucz0iaHR0cDovL3d3dy53My5vcmcvMjAwMC9zdmciPjwvc3ZnPg==\" class=\"lazyload\" \/><\/a><script type=\"text\/javascript\">var hupso_services=new Array(\"Twitter\",\"Facebook\",\"Pinterest\",\"Linkedin\",\"Tumblr\",\"StumbleUpon\",\"Digg\",\"Reddit\",\"Bebo\",\"Delicious\",\"QZone\",\"Renren\",\"Email\");var hupso_icon_type = \"labels\";var hupso_background=\"#3BF8FF\";var hupso_border=\"#FF2B0A\";var hupso_image_folder_url = \"\";var hupso_url=\"\";var hupso_title=\"M%C5%81AWA.Skarg%C4%99%20Tomasza%20Chodubskiego%20na%20burmistrza%20radni%20jednog%C5%82o%C5%9Bnie%20skierowali%20do%20komisji%20rewizyjnej\";<\/script><script type=\"text\/javascript\" src=\"http:\/\/static.hupso.com\/share\/js\/share.js\"><\/script><!-- Hupso Share Buttons --><\/div>","protected":false},"author":1,"featured_media":1350,"comment_status":"open","ping_status":"open","sticky":false,"template":"","format":"standard","meta":{"_acf_changed":false,"wprm-recipe-roundup-name":"","wprm-recipe-roundup-description":"","footnotes":""},"categories":[19,28],"tags":[],"class_list":["post-1349","post","type-post","status-publish","format-standard","has-post-thumbnail","hentry","category-aktualnosci","category-wyd"],"acf":[],"amp_enabled":true,"_links":{"self":[{"href":"http:\/\/portalm\u0142awa.pl\/index.php?rest_route=\/wp\/v2\/posts\/1349","targetHints":{"allow":["GET"]}}],"collection":[{"href":"http:\/\/portalm\u0142awa.pl\/index.php?rest_route=\/wp\/v2\/posts"}],"about":[{"href":"http:\/\/portalm\u0142awa.pl\/index.php?rest_route=\/wp\/v2\/types\/post"}],"author":[{"embeddable":true,"href":"http:\/\/portalm\u0142awa.pl\/index.php?rest_route=\/wp\/v2\/users\/1"}],"replies":[{"embeddable":true,"href":"http:\/\/portalm\u0142awa.pl\/index.php?rest_route=%2Fwp%2Fv2%2Fcomments&post=1349"}],"version-history":[{"count":1,"href":"http:\/\/portalm\u0142awa.pl\/index.php?rest_route=\/wp\/v2\/posts\/1349\/revisions"}],"predecessor-version":[{"id":1351,"href":"http:\/\/portalm\u0142awa.pl\/index.php?rest_route=\/wp\/v2\/posts\/1349\/revisions\/1351"}],"wp:featuredmedia":[{"embeddable":true,"href":"http:\/\/portalm\u0142awa.pl\/index.php?rest_route=\/wp\/v2\/media\/1350"}],"wp:attachment":[{"href":"http:\/\/portalm\u0142awa.pl\/index.php?rest_route=%2Fwp%2Fv2%2Fmedia&parent=1349"}],"wp:term":[{"taxonomy":"category","embeddable":true,"href":"http:\/\/portalm\u0142awa.pl\/index.php?rest_route=%2Fwp%2Fv2%2Fcategories&post=1349"},{"taxonomy":"post_tag","embeddable":true,"href":"http:\/\/portalm\u0142awa.pl\/index.php?rest_route=%2Fwp%2Fv2%2Ftags&post=1349"}],"curies":[{"name":"wp","href":"https:\/\/api.w.org\/{rel}","templated":true}]}}