{"id":13628,"date":"2026-03-05T13:49:26","date_gmt":"2026-03-05T12:49:26","guid":{"rendered":"http:\/\/portalm\u0142awa.pl\/?p=13628"},"modified":"2026-03-05T13:49:26","modified_gmt":"2026-03-05T12:49:26","slug":"wracaja-roboty-drogowe-w-mlawie-sadowa-i-laczna-w-nowej-odslonie","status":"publish","type":"post","link":"http:\/\/portalm\u0142awa.pl\/?p=13628","title":{"rendered":"Wracaj\u0105 roboty drogowe w M\u0142awie! Sadowa i \u0141\u0105czna w nowej ods\u0142onie"},"content":{"rendered":"<p style=\"text-align: justify;\">Po zimowej przerwie mieszka\u0144cy M\u0142awy mog\u0105 spodziewa\u0107 si\u0119 zmian na ulicach. Ju\u017c 9 marca 2026 r. na plac budowy powr\u00f3c\u0105 ekipy MPDM M\u0142awa, wznawiaj\u0105c prace na ul. Sadowej oraz ul. \u0141\u0105cznej.<\/p>\n<p style=\"text-align: justify;\">W ubieg\u0142ym roku inwestycje musia\u0142y zosta\u0107 wstrzymane z powodu trudnych warunk\u00f3w atmosferycznych, kt\u00f3re uniemo\u017cliwia\u0142y kontynuacj\u0119 rob\u00f3t. Teraz, gdy pogoda sprzyja pracom budowlanym, drogowcy wracaj\u0105 do dzia\u0142ania, aby poprawi\u0107 komfort i bezpiecze\u0144stwo mieszka\u0144c\u00f3w.<\/p>\n<p style=\"text-align: justify;\"><strong>Co si\u0119 zmieni na Sadowej?<\/strong><\/p>\n<p style=\"text-align: justify;\">Ulica Sadowa, dotychczasowa droga gruntowa z licznymi nier\u00f3wno\u015bciami i ubytkami, zyska now\u0105 nawierzchni\u0119 z kostki brukowej. Dzi\u0119ki inwestycji spacerowicze i kierowcy b\u0119d\u0105 mogli korzysta\u0107 z r\u00f3wnej i bezpiecznej drogi, a codzienne przejazdy stan\u0105 si\u0119 wygodniejsze.<\/p>\n<p style=\"text-align: justify;\"><strong>\u0141\u0105czna te\u017c w grze<\/strong><\/p>\n<p style=\"text-align: justify;\">Nie tylko Sadowa doczeka si\u0119 remontu. R\u00f3wnolegle prace zostan\u0105 wznowione na ul. \u0141\u0105cznej, aby mieszka\u0144cy mogli cieszy\u0107 si\u0119 sprawn\u0105 i bezpieczn\u0105 infrastruktur\u0105 drogow\u0105 w tej cz\u0119\u015bci miasta.<\/p>\n<p style=\"text-align: justify;\"><strong>Bezpiecze\u0144stwo przede wszystkim<\/strong><\/p>\n<p style=\"text-align: justify;\">MPDM apeluje do kierowc\u00f3w i pieszych o zachowanie ostro\u017cno\u015bci w rejonie prowadzonych rob\u00f3t. Na czas prac mog\u0105 wyst\u0119powa\u0107 utrudnienia w ruchu, dlatego warto planowa\u0107 przejazdy z wyprzedzeniem.<\/p>\n<p style=\"text-align: justify;\">\ud83d\udca1 Inwestycje drogowe w M\u0142awie to nie tylko poprawa estetyki miasta, ale przede wszystkim bezpiecze\u0144stwa i komfortu \u017cycia mieszka\u0144c\u00f3w. Z now\u0105 nawierzchni\u0105 ulice Sadowa i \u0141\u0105czna zyskaj\u0105 nowy wymiar codziennej wygody.<\/p>\n<p style=\"text-align: justify;\">#MPDM #M\u0142awa #InwestycjeDrogowe #PraceDrogowe #Bezpiecze\u0144stwo<\/p>\n<p style=\"text-align: justify;\">T.B fot MPDM<\/p>\n<p style=\"box-sizing: border-box; margin-top: 0px; margin-bottom: 15px; color: #555555; font-family: Roboto, sans-serif; font-size: 15px; text-align: justify;\">KOMENTARZE<\/p>\n<p style=\"box-sizing: border-box; margin-top: 0px; margin-bottom: 15px; color: #555555; font-family: Roboto, sans-serif; font-size: 15px; text-align: justify;\">Wydawca portalu nie ponosi odpowiedzialno\u015bci za tre\u015b\u0107 komentarzy zamieszczanych przez u\u017cytkownik\u00f3w. Osoby zamieszczaj\u0105ce wypowiedzi naruszaj\u0105ce prawo lub prawem chronione dobra os\u00f3b trzecich mog\u0105 ponie\u015b\u0107 z tego tytu\u0142u odpowiedzialno\u015b\u0107 karn\u0105 lub cywiln\u0105.JEDNOCZE\u015aNIE UZYTKOWNICY ZAMIESZCZAJ\u0104C KOMENTARZ OSWIADCZAJ\u0104, \u017bE BIOR\u0104 PE\u0141N\u0104 ODPOWIEDZIALNO\u015a\u0106 ZA TRE\u015aCI UMIESZCZONE PRZEZ SIEBIE<\/p>\n<div style=\"padding-bottom:20px; padding-top:10px;\" class=\"hupso-share-buttons\"><!-- Hupso Share Buttons - https:\/\/www.hupso.com\/share\/ --><a class=\"hupso_pop\" href=\"https:\/\/www.hupso.com\/share\/\"><img decoding=\"async\" data-src=\"http:\/\/static.hupso.com\/share\/buttons\/button100x23.png\" style=\"border:0px; width:100; height: 23; \" alt=\"Share Button\" src=\"data:image\/svg+xml;base64,PHN2ZyB3aWR0aD0iMSIgaGVpZ2h0PSIxIiB4bWxucz0iaHR0cDovL3d3dy53My5vcmcvMjAwMC9zdmciPjwvc3ZnPg==\" class=\"lazyload\" \/><\/a><script type=\"text\/javascript\">var hupso_services=new Array(\"Twitter\",\"Facebook\",\"Pinterest\",\"Linkedin\",\"Tumblr\",\"StumbleUpon\",\"Digg\",\"Reddit\",\"Bebo\",\"Delicious\",\"QZone\",\"Renren\",\"Email\");var hupso_icon_type = \"labels\";var hupso_background=\"#3BF8FF\";var hupso_border=\"#FF2B0A\";var hupso_image_folder_url = \"\";var hupso_url=\"\";var hupso_title=\"Wracaj%C4%85%20roboty%20drogowe%20w%20M%C5%82awie%21%20Sadowa%20i%20%C5%81%C4%85czna%20w%20nowej%20ods%C5%82onie\";<\/script><script type=\"text\/javascript\" src=\"http:\/\/static.hupso.com\/share\/js\/share.js\"><\/script><!-- Hupso Share Buttons --><\/div>","protected":false},"excerpt":{"rendered":"<p>Po zimowej przerwie mieszka\u0144cy M\u0142awy mog\u0105 spodziewa\u0107 si\u0119 zmian na ulicach. Ju\u017c 9 marca 2026 r. na plac budowy powr\u00f3c\u0105 ekipy MPDM M\u0142awa, wznawiaj\u0105c prace na ul. Sadowej oraz ul.&hellip; <\/p>\n<div style=\"padding-bottom:20px; padding-top:10px;\" class=\"hupso-share-buttons\"><!-- Hupso Share Buttons - https:\/\/www.hupso.com\/share\/ --><a class=\"hupso_pop\" href=\"https:\/\/www.hupso.com\/share\/\"><img data-src=\"http:\/\/static.hupso.com\/share\/buttons\/button100x23.png\" style=\"border:0px; width:100; height: 23; \" alt=\"Share Button\" src=\"data:image\/svg+xml;base64,PHN2ZyB3aWR0aD0iMSIgaGVpZ2h0PSIxIiB4bWxucz0iaHR0cDovL3d3dy53My5vcmcvMjAwMC9zdmciPjwvc3ZnPg==\" class=\"lazyload\" \/><\/a><script type=\"text\/javascript\">var hupso_services=new Array(\"Twitter\",\"Facebook\",\"Pinterest\",\"Linkedin\",\"Tumblr\",\"StumbleUpon\",\"Digg\",\"Reddit\",\"Bebo\",\"Delicious\",\"QZone\",\"Renren\",\"Email\");var hupso_icon_type = \"labels\";var hupso_background=\"#3BF8FF\";var hupso_border=\"#FF2B0A\";var hupso_image_folder_url = \"\";var hupso_url=\"\";var hupso_title=\"Wracaj%C4%85%20roboty%20drogowe%20w%20M%C5%82awie%21%20Sadowa%20i%20%C5%81%C4%85czna%20w%20nowej%20ods%C5%82onie\";<\/script><script type=\"text\/javascript\" src=\"http:\/\/static.hupso.com\/share\/js\/share.js\"><\/script><!-- Hupso Share Buttons --><\/div>","protected":false},"author":1,"featured_media":13629,"comment_status":"open","ping_status":"open","sticky":false,"template":"","format":"standard","meta":{"_acf_changed":false,"wprm-recipe-roundup-name":"","wprm-recipe-roundup-description":"","footnotes":""},"categories":[19,28],"tags":[],"class_list":["post-13628","post","type-post","status-publish","format-standard","has-post-thumbnail","hentry","category-aktualnosci","category-wyd"],"acf":[],"amp_enabled":true,"_links":{"self":[{"href":"http:\/\/portalm\u0142awa.pl\/index.php?rest_route=\/wp\/v2\/posts\/13628","targetHints":{"allow":["GET"]}}],"collection":[{"href":"http:\/\/portalm\u0142awa.pl\/index.php?rest_route=\/wp\/v2\/posts"}],"about":[{"href":"http:\/\/portalm\u0142awa.pl\/index.php?rest_route=\/wp\/v2\/types\/post"}],"author":[{"embeddable":true,"href":"http:\/\/portalm\u0142awa.pl\/index.php?rest_route=\/wp\/v2\/users\/1"}],"replies":[{"embeddable":true,"href":"http:\/\/portalm\u0142awa.pl\/index.php?rest_route=%2Fwp%2Fv2%2Fcomments&post=13628"}],"version-history":[{"count":1,"href":"http:\/\/portalm\u0142awa.pl\/index.php?rest_route=\/wp\/v2\/posts\/13628\/revisions"}],"predecessor-version":[{"id":13630,"href":"http:\/\/portalm\u0142awa.pl\/index.php?rest_route=\/wp\/v2\/posts\/13628\/revisions\/13630"}],"wp:featuredmedia":[{"embeddable":true,"href":"http:\/\/portalm\u0142awa.pl\/index.php?rest_route=\/wp\/v2\/media\/13629"}],"wp:attachment":[{"href":"http:\/\/portalm\u0142awa.pl\/index.php?rest_route=%2Fwp%2Fv2%2Fmedia&parent=13628"}],"wp:term":[{"taxonomy":"category","embeddable":true,"href":"http:\/\/portalm\u0142awa.pl\/index.php?rest_route=%2Fwp%2Fv2%2Fcategories&post=13628"},{"taxonomy":"post_tag","embeddable":true,"href":"http:\/\/portalm\u0142awa.pl\/index.php?rest_route=%2Fwp%2Fv2%2Ftags&post=13628"}],"curies":[{"name":"wp","href":"https:\/\/api.w.org\/{rel}","templated":true}]}}