{"id":13687,"date":"2026-03-10T10:01:56","date_gmt":"2026-03-10T09:01:56","guid":{"rendered":"http:\/\/portalm\u0142awa.pl\/?p=13687"},"modified":"2026-03-10T10:01:56","modified_gmt":"2026-03-10T09:01:56","slug":"wspolne-swieto-mieszkancow-w-gluzku-szykuje-sie-wyjatkowy-wieczor","status":"publish","type":"post","link":"http:\/\/portalm\u0142awa.pl\/?p=13687","title":{"rendered":"Wsp\u00f3lne \u015bwi\u0119to mieszka\u0144c\u00f3w. W G\u0142u\u017cku szykuje si\u0119 wyj\u0105tkowy wiecz\u00f3r"},"content":{"rendered":"<p style=\"text-align: justify;\">W niewielkich miejscowo\u015bciach najwa\u017cniejsze s\u0105 chwile, kt\u00f3re \u0142\u0105cz\u0105 ludzi. Ju\u017c 14 marca o godzinie 17:00 mieszka\u0144cy spotkaj\u0105 si\u0119 w \u015bwietlicy wiejskiej w G\u0142u\u017cku, aby wsp\u00f3lnie \u015bwi\u0119towa\u0107 Dzie\u0144 Kobiet i Dzie\u0144 M\u0119\u017cczyzn \u2013 wydarzenie, kt\u00f3re ma by\u0107 przede wszystkim okazj\u0105 do rozm\u00f3w, integracji i dobrej atmosfery.<\/p>\n<p style=\"text-align: justify;\">Ta inicjatywa pokazuje, \u017ce lokalna spo\u0142eczno\u015b\u0107 wci\u0105\u017c potrafi tworzy\u0107 wydarzenia o wyj\u0105tkowym klimacie. Wsp\u00f3lne spotkanie organizuj\u0105 So\u0142tys wraz z Rad\u0105 So\u0142eck\u0105 oraz Ko\u0142o Gospody\u0144 Wiejskich \u201eKolorowe Wiatraki\u201d w G\u0142u\u017cku, kt\u00f3re od lat anga\u017cuje si\u0119 w \u017cycie wsi i integracj\u0119 mieszka\u0144c\u00f3w.<\/p>\n<p style=\"text-align: justify;\"><strong>\u015awi\u0119to, kt\u00f3re \u0142\u0105czy pokolenia<\/strong><\/p>\n<p style=\"text-align: justify;\">Organizatorzy podkre\u015blaj\u0105, \u017ce najwa\u017cniejsza b\u0119dzie mi\u0142a atmosfera i wsp\u00f3lne rozmowy. To w\u0142a\u015bnie takie spotkania buduj\u0105 wi\u0119zi mi\u0119dzy mieszka\u0144cami i sprawiaj\u0105, \u017ce ma\u0142e miejscowo\u015bci maj\u0105 sw\u00f3j wyj\u0105tkowy charakter.<\/p>\n<p style=\"text-align: justify;\"><strong>Wsp\u00f3lnota w najlepszym wydaniu<\/strong><\/p>\n<p style=\"text-align: justify;\">Wydarzenie w G\u0142u\u017cku to tak\u017ce przyk\u0142ad tego, jak ogromn\u0105 rol\u0119 w lokalnych spo\u0142eczno\u015bciach odgrywaj\u0105 ko\u0142a gospody\u0144 wiejskich i so\u0142ectwa. Dzi\u0119ki ich inicjatywie powstaj\u0105 wydarzenia, kt\u00f3re przyci\u0105gaj\u0105 mieszka\u0144c\u00f3w i pozwalaj\u0105 cho\u0107 na chwil\u0119 oderwa\u0107 si\u0119 od codziennych obowi\u0105zk\u00f3w.<\/p>\n<p style=\"text-align: justify;\">14 marca \u015bwietlica wiejska w G\u0142u\u017cku stanie si\u0119 wi\u0119c miejscem spotkania ludzi, rozm\u00f3w, u\u015bmiech\u00f3w i wsp\u00f3lnego \u015bwi\u0119towania.<\/p>\n<p style=\"text-align: justify;\">Bo czasem w\u0142a\u015bnie w takich prostych chwilach rodzi si\u0119 prawdziwa si\u0142a lokalnej spo\u0142eczno\u015bci.<\/p>\n<p style=\"text-align: justify;\"><strong>Szczeg\u00f3\u0142y wydarzenia<\/strong><\/p>\n<p style=\"text-align: justify;\">\ud83d\udcc5 14 marca<\/p>\n<p style=\"text-align: justify;\">\ud83d\udd54 Godzina 17:00<\/p>\n<p style=\"text-align: justify;\">\ud83d\udccd \u015awietlica wiejska w G\u0142u\u017cku<\/p>\n<p style=\"text-align: justify;\">Organizatorzy serdecznie zapraszaj\u0105 wszystkich mieszka\u0144c\u00f3w do wsp\u00f3lnego \u015bwi\u0119towania.<\/p>\n<p style=\"text-align: justify;\">T.B<\/p>\n<p style=\"box-sizing: border-box; margin-top: 0px; margin-bottom: 15px; color: #555555; font-family: Roboto, sans-serif; font-size: 15px; text-align: justify;\">KOMENTARZE<\/p>\n<p style=\"box-sizing: border-box; margin-top: 0px; margin-bottom: 15px; color: #555555; font-family: Roboto, sans-serif; font-size: 15px; text-align: justify;\">Wydawca portalu nie ponosi odpowiedzialno\u015bci za tre\u015b\u0107 komentarzy zamieszczanych przez u\u017cytkownik\u00f3w. Osoby zamieszczaj\u0105ce wypowiedzi naruszaj\u0105ce prawo lub prawem chronione dobra os\u00f3b trzecich mog\u0105 ponie\u015b\u0107 z tego tytu\u0142u odpowiedzialno\u015b\u0107 karn\u0105 lub cywiln\u0105.JEDNOCZE\u015aNIE UZYTKOWNICY ZAMIESZCZAJ\u0104C KOMENTARZ OSWIADCZAJ\u0104, \u017bE BIOR\u0104 PE\u0141N\u0104 ODPOWIEDZIALNO\u015a\u0106 ZA TRE\u015aCI UMIESZCZONE PRZEZ SIEBIE<\/p>\n<div style=\"padding-bottom:20px; padding-top:10px;\" class=\"hupso-share-buttons\"><!-- Hupso Share Buttons - https:\/\/www.hupso.com\/share\/ --><a class=\"hupso_pop\" href=\"https:\/\/www.hupso.com\/share\/\"><img decoding=\"async\" data-src=\"http:\/\/static.hupso.com\/share\/buttons\/button100x23.png\" style=\"border:0px; width:100; height: 23; \" alt=\"Share Button\" src=\"data:image\/svg+xml;base64,PHN2ZyB3aWR0aD0iMSIgaGVpZ2h0PSIxIiB4bWxucz0iaHR0cDovL3d3dy53My5vcmcvMjAwMC9zdmciPjwvc3ZnPg==\" class=\"lazyload\" \/><\/a><script type=\"text\/javascript\">var hupso_services=new Array(\"Twitter\",\"Facebook\",\"Pinterest\",\"Linkedin\",\"Tumblr\",\"StumbleUpon\",\"Digg\",\"Reddit\",\"Bebo\",\"Delicious\",\"QZone\",\"Renren\",\"Email\");var hupso_icon_type = \"labels\";var hupso_background=\"#3BF8FF\";var hupso_border=\"#FF2B0A\";var hupso_image_folder_url = \"\";var hupso_url=\"\";var hupso_title=\"Wsp%C3%B3lne%20%C5%9Bwi%C4%99to%20mieszka%C5%84c%C3%B3w.%20W%20G%C5%82u%C5%BCku%20szykuje%20si%C4%99%20wyj%C4%85tkowy%20wiecz%C3%B3r\";<\/script><script type=\"text\/javascript\" src=\"http:\/\/static.hupso.com\/share\/js\/share.js\"><\/script><!-- Hupso Share Buttons --><\/div>","protected":false},"excerpt":{"rendered":"<p>W niewielkich miejscowo\u015bciach najwa\u017cniejsze s\u0105 chwile, kt\u00f3re \u0142\u0105cz\u0105 ludzi. Ju\u017c 14 marca o godzinie 17:00 mieszka\u0144cy spotkaj\u0105 si\u0119 w \u015bwietlicy wiejskiej w G\u0142u\u017cku, aby wsp\u00f3lnie \u015bwi\u0119towa\u0107 Dzie\u0144 Kobiet i Dzie\u0144&hellip; <\/p>\n<div style=\"padding-bottom:20px; padding-top:10px;\" class=\"hupso-share-buttons\"><!-- Hupso Share Buttons - https:\/\/www.hupso.com\/share\/ --><a class=\"hupso_pop\" href=\"https:\/\/www.hupso.com\/share\/\"><img data-src=\"http:\/\/static.hupso.com\/share\/buttons\/button100x23.png\" style=\"border:0px; width:100; height: 23; \" alt=\"Share Button\" src=\"data:image\/svg+xml;base64,PHN2ZyB3aWR0aD0iMSIgaGVpZ2h0PSIxIiB4bWxucz0iaHR0cDovL3d3dy53My5vcmcvMjAwMC9zdmciPjwvc3ZnPg==\" class=\"lazyload\" \/><\/a><script type=\"text\/javascript\">var hupso_services=new Array(\"Twitter\",\"Facebook\",\"Pinterest\",\"Linkedin\",\"Tumblr\",\"StumbleUpon\",\"Digg\",\"Reddit\",\"Bebo\",\"Delicious\",\"QZone\",\"Renren\",\"Email\");var hupso_icon_type = \"labels\";var hupso_background=\"#3BF8FF\";var hupso_border=\"#FF2B0A\";var hupso_image_folder_url = \"\";var hupso_url=\"\";var hupso_title=\"Wsp%C3%B3lne%20%C5%9Bwi%C4%99to%20mieszka%C5%84c%C3%B3w.%20W%20G%C5%82u%C5%BCku%20szykuje%20si%C4%99%20wyj%C4%85tkowy%20wiecz%C3%B3r\";<\/script><script type=\"text\/javascript\" src=\"http:\/\/static.hupso.com\/share\/js\/share.js\"><\/script><!-- Hupso Share Buttons --><\/div>","protected":false},"author":1,"featured_media":13688,"comment_status":"open","ping_status":"open","sticky":false,"template":"","format":"standard","meta":{"_acf_changed":false,"wprm-recipe-roundup-name":"","wprm-recipe-roundup-description":"","footnotes":""},"categories":[19,3,506,28],"tags":[],"class_list":["post-13687","post","type-post","status-publish","format-standard","has-post-thumbnail","hentry","category-aktualnosci","category-kultura","category-pow","category-wyd"],"acf":[],"amp_enabled":true,"_links":{"self":[{"href":"http:\/\/portalm\u0142awa.pl\/index.php?rest_route=\/wp\/v2\/posts\/13687","targetHints":{"allow":["GET"]}}],"collection":[{"href":"http:\/\/portalm\u0142awa.pl\/index.php?rest_route=\/wp\/v2\/posts"}],"about":[{"href":"http:\/\/portalm\u0142awa.pl\/index.php?rest_route=\/wp\/v2\/types\/post"}],"author":[{"embeddable":true,"href":"http:\/\/portalm\u0142awa.pl\/index.php?rest_route=\/wp\/v2\/users\/1"}],"replies":[{"embeddable":true,"href":"http:\/\/portalm\u0142awa.pl\/index.php?rest_route=%2Fwp%2Fv2%2Fcomments&post=13687"}],"version-history":[{"count":1,"href":"http:\/\/portalm\u0142awa.pl\/index.php?rest_route=\/wp\/v2\/posts\/13687\/revisions"}],"predecessor-version":[{"id":13689,"href":"http:\/\/portalm\u0142awa.pl\/index.php?rest_route=\/wp\/v2\/posts\/13687\/revisions\/13689"}],"wp:featuredmedia":[{"embeddable":true,"href":"http:\/\/portalm\u0142awa.pl\/index.php?rest_route=\/wp\/v2\/media\/13688"}],"wp:attachment":[{"href":"http:\/\/portalm\u0142awa.pl\/index.php?rest_route=%2Fwp%2Fv2%2Fmedia&parent=13687"}],"wp:term":[{"taxonomy":"category","embeddable":true,"href":"http:\/\/portalm\u0142awa.pl\/index.php?rest_route=%2Fwp%2Fv2%2Fcategories&post=13687"},{"taxonomy":"post_tag","embeddable":true,"href":"http:\/\/portalm\u0142awa.pl\/index.php?rest_route=%2Fwp%2Fv2%2Ftags&post=13687"}],"curies":[{"name":"wp","href":"https:\/\/api.w.org\/{rel}","templated":true}]}}