{"id":13904,"date":"2026-03-17T11:46:25","date_gmt":"2026-03-17T10:46:25","guid":{"rendered":"http:\/\/portalm\u0142awa.pl\/?p=13904"},"modified":"2026-03-17T11:46:52","modified_gmt":"2026-03-17T10:46:52","slug":"rozbita-miedzynarodowa-siec-handlu-ludzmi","status":"publish","type":"post","link":"http:\/\/portalm\u0142awa.pl\/?p=13904","title":{"rendered":"Rozbita mi\u0119dzynarodowa sie\u0107 handlu lud\u017ami!"},"content":{"rendered":"<div class=\"head\" style=\"color: #000000; font-family: Arial, Helvetica, sans-serif; font-size: 15.996px; word-spacing: 2.55936px;\">\n<p class=\"intro\" style=\"font-size: 17.5956px; text-align: justify;\"><strong>Bytomscy kryminalni, wsp\u00f3lnie z funkcjonariuszami Stra\u017cy Granicznej, policjantami z Wydzia\u0142u Kryminalnego KWP w Katowicach i Zarz\u0105du Centralnego Biura Zwalczania Cyberprzest\u0119pczo\u015bci w Katowicach oraz \u015al\u0105skim Wydzia\u0142em Zamiejscowym Departamentu do Spraw Przest\u0119pczo\u015bci Zorganizowanej i Korupcji Prokuratury Krajowej w Katowicach, rozbili zorganizowan\u0105 grup\u0119 przest\u0119pcz\u0105 zajmuj\u0105c\u0105 si\u0119 handlem lud\u017ami.<\/strong><\/p>\n<\/div>\n<p style=\"color: #000000; font-family: Arial, Helvetica, sans-serif; font-size: 15.996px; word-spacing: 2.55936px; text-align: justify;\">W wyniku blisko dwuletniej wsp\u00f3\u0142pracy bytomskich policjant\u00f3w z wydzia\u0142u kryminalnego oraz funkcjonariuszy stra\u017cy granicznej z Rudy \u015al\u0105skiej, przeprowadzono skoordynowane dzia\u0142ania na terenie wojew\u00f3dztwa \u015bl\u0105skiego. Zatrzymano \u0142\u0105cznie 9 os\u00f3b &#8211; w tym 3 obywateli Gruzji oraz 6 obywateli Polski.<\/p>\n<p style=\"color: #000000; font-family: Arial, Helvetica, sans-serif; font-size: 15.996px; word-spacing: 2.55936px; text-align: justify;\">Osoby te bra\u0142y udzia\u0142 w zorganizowanej grupie przest\u0119pczej, maj\u0105cej na celu czerpanie znacznych korzy\u015bci maj\u0105tkowych z pope\u0142niania przest\u0119pstw, polegaj\u0105cych na handlu lud\u017ami oraz u\u0142atwianiu i umo\u017cliwianiu im pobytu na terenie Polski. Zar\u00f3wno w kraju, jak i za granic\u0105 werbowano cudzoziemc\u00f3w pod pozorem zatrudnienia w r\u00f3\u017cnych, wzajemnie ze sob\u0105 powi\u0105zanych podmiotach gospodarczych w bran\u017cy transportowej. Dodatkowo wprowadzano ich w b\u0142\u0105d co do czasu i warunk\u00f3w pracy oraz nale\u017cnej opieki zdrowotnej. Ponadto wykorzystywano krytyczne po\u0142o\u017cenie tych os\u00f3b, zmuszaj\u0105c ich do pracy przymusowej. Przymus ten wynika\u0142 z braku \u015brodk\u00f3w finansowych oraz nieznajomo\u015bci j\u0119zyka polskiego. Cudzoziemcom zabierano paszporty i inne dokumenty, a tak\u017ce pozbawiano ich nale\u017cnego wynagrodzenia. Te praktyki pozostawa\u0142y w ra\u017c\u0105cej sprzeczno\u015bci z obowi\u0105zuj\u0105cymi przepisami Kodeksu Pracy. Z powodu braku \u015brodk\u00f3w finansowych oraz braku dokument\u00f3w, osoby te nie mog\u0142y zmieni\u0107 miejsca pracy czy te\u017c powr\u00f3ci\u0107 do swojego kraju. W takiej sytuacji znale\u017ali si\u0119 obywatele\u00a0<abbr style=\"text-decoration-line: none; text-decoration-style: initial;\" title=\"mi\u0119dzy innymi\">m.in.<\/abbr>\u00a0takich pa\u0144stw, jak Azerbejd\u017can, Gruzja, Indie, Ukraina czy Bia\u0142oru\u015b. Na dzie\u0144 prowadzonych czynno\u015bci, podmiot zatrudnia\u0142 oko\u0142o 150 os\u00f3b.<\/p>\n<p style=\"color: #000000; font-family: Arial, Helvetica, sans-serif; font-size: 15.996px; word-spacing: 2.55936px; text-align: justify;\">Podczas wsp\u00f3lnych dzia\u0142a\u0144 funkcjonariusze przeszukali pomieszczenia znajduj\u0105ce si\u0119 na terenie firmy, jak r\u00f3wnie\u017c mieszkania i pojazdy nale\u017c\u0105ce do os\u00f3b zatrzymanych. W ich wyniku znale\u017ali i zabezpieczyli dokumentacj\u0119 z dzia\u0142alno\u015bci prowadzonej firmy, komputery, dyski, pami\u0119ci przeno\u015bne, telefony kom\u00f3rkowe, blankiety praw jazdy, zezwolenia na prac\u0119, paszporty oraz\u00a0pieni\u0105dze.<\/p>\n<p style=\"color: #000000; font-family: Arial, Helvetica, sans-serif; font-size: 15.996px; word-spacing: 2.55936px; text-align: justify;\">Prokurator \u015al\u0105skiego Wydzia\u0142u Zamiejscowego Departamentu Zwalczania Przest\u0119pczo\u015bci Zorganizowanej i Korupcji Prokuratury Krajowej w Katowicach\u00a0zastosowa\u0142 wobec 7 os\u00f3b \u015brodki zapobiegawcze w postaci por\u0119cze\u0144 maj\u0105tkowych oraz dozoru Policji. W stosunku do dw\u00f3ch obywateli Polski, S\u0105d Rejonowy Katowice-Wsch\u00f3d zastosowa\u0142 \u015brodek zapobiegawczy w postaci tymczasowego aresztowania na 3 miesi\u0105ce.<\/p>\n<p style=\"color: #000000; font-family: Arial, Helvetica, sans-serif; font-size: 15.996px; word-spacing: 2.55936px; text-align: justify;\">Sprawa ma charakter rozwojowy i s\u0142u\u017cby nie wykluczaj\u0105 dalszych zatrzyma\u0144 oraz rozszerzenia listy zarzut\u00f3w.<\/p>\n<p style=\"text-align: justify;\">KPP BYTOM<\/p>\n<p style=\"box-sizing: border-box; margin-top: 0px; margin-bottom: 15px; color: #555555; font-family: Roboto, sans-serif; font-size: 15px; text-align: justify;\">KOMENTARZE<\/p>\n<p style=\"box-sizing: border-box; margin-top: 0px; margin-bottom: 15px; color: #555555; font-family: Roboto, sans-serif; font-size: 15px; text-align: justify;\">Wydawca portalu nie ponosi odpowiedzialno\u015bci za tre\u015b\u0107 komentarzy zamieszczanych przez u\u017cytkownik\u00f3w. Osoby zamieszczaj\u0105ce wypowiedzi naruszaj\u0105ce prawo lub prawem chronione dobra os\u00f3b trzecich mog\u0105 ponie\u015b\u0107 z tego tytu\u0142u odpowiedzialno\u015b\u0107 karn\u0105 lub cywiln\u0105.JEDNOCZE\u015aNIE UZYTKM\u0142awa szykuje si\u0119 na siatkarskie emocje najm\u0142odszych. Rusza M\u0142awska Liga Jedynek!OWNICY ZAMIESZCZAJ\u0104C KOMENTARZ OSWIADCZAJ\u0104, \u017bE BIOR\u0104 PE\u0141N\u0104 ODPOWIEDZIALNO\u015a\u0106 ZA TRE\u015aCI UMIESZCZONE PRZEZ SIEBIE<\/p>\n<div style=\"padding-bottom:20px; padding-top:10px;\" class=\"hupso-share-buttons\"><!-- Hupso Share Buttons - https:\/\/www.hupso.com\/share\/ --><a class=\"hupso_pop\" href=\"https:\/\/www.hupso.com\/share\/\"><img decoding=\"async\" data-src=\"http:\/\/static.hupso.com\/share\/buttons\/button100x23.png\" style=\"border:0px; width:100; height: 23; \" alt=\"Share Button\" src=\"data:image\/svg+xml;base64,PHN2ZyB3aWR0aD0iMSIgaGVpZ2h0PSIxIiB4bWxucz0iaHR0cDovL3d3dy53My5vcmcvMjAwMC9zdmciPjwvc3ZnPg==\" class=\"lazyload\" \/><\/a><script type=\"text\/javascript\">var hupso_services=new Array(\"Twitter\",\"Facebook\",\"Pinterest\",\"Linkedin\",\"Tumblr\",\"StumbleUpon\",\"Digg\",\"Reddit\",\"Bebo\",\"Delicious\",\"QZone\",\"Renren\",\"Email\");var hupso_icon_type = \"labels\";var hupso_background=\"#3BF8FF\";var hupso_border=\"#FF2B0A\";var hupso_image_folder_url = \"\";var hupso_url=\"\";var hupso_title=\"Rozbita%20mi%C4%99dzynarodowa%20sie%C4%87%20handlu%20lud%C5%BAmi%21\";<\/script><script type=\"text\/javascript\" src=\"http:\/\/static.hupso.com\/share\/js\/share.js\"><\/script><!-- Hupso Share Buttons --><\/div>","protected":false},"excerpt":{"rendered":"<p>Bytomscy kryminalni, wsp\u00f3lnie z funkcjonariuszami Stra\u017cy Granicznej, policjantami z Wydzia\u0142u Kryminalnego KWP w Katowicach i Zarz\u0105du Centralnego Biura Zwalczania Cyberprzest\u0119pczo\u015bci w Katowicach oraz \u015al\u0105skim Wydzia\u0142em Zamiejscowym Departamentu do Spraw Przest\u0119pczo\u015bci&hellip; <\/p>\n<div style=\"padding-bottom:20px; padding-top:10px;\" class=\"hupso-share-buttons\"><!-- Hupso Share Buttons - https:\/\/www.hupso.com\/share\/ --><a class=\"hupso_pop\" href=\"https:\/\/www.hupso.com\/share\/\"><img data-src=\"http:\/\/static.hupso.com\/share\/buttons\/button100x23.png\" style=\"border:0px; width:100; height: 23; \" alt=\"Share Button\" src=\"data:image\/svg+xml;base64,PHN2ZyB3aWR0aD0iMSIgaGVpZ2h0PSIxIiB4bWxucz0iaHR0cDovL3d3dy53My5vcmcvMjAwMC9zdmciPjwvc3ZnPg==\" class=\"lazyload\" \/><\/a><script type=\"text\/javascript\">var hupso_services=new Array(\"Twitter\",\"Facebook\",\"Pinterest\",\"Linkedin\",\"Tumblr\",\"StumbleUpon\",\"Digg\",\"Reddit\",\"Bebo\",\"Delicious\",\"QZone\",\"Renren\",\"Email\");var hupso_icon_type = \"labels\";var hupso_background=\"#3BF8FF\";var hupso_border=\"#FF2B0A\";var hupso_image_folder_url = \"\";var hupso_url=\"\";var hupso_title=\"Rozbita%20mi%C4%99dzynarodowa%20sie%C4%87%20handlu%20lud%C5%BAmi%21\";<\/script><script type=\"text\/javascript\" src=\"http:\/\/static.hupso.com\/share\/js\/share.js\"><\/script><!-- Hupso Share Buttons --><\/div>","protected":false},"author":1,"featured_media":13905,"comment_status":"open","ping_status":"open","sticky":false,"template":"","format":"standard","meta":{"_acf_changed":false,"wprm-recipe-roundup-name":"","wprm-recipe-roundup-description":"","footnotes":""},"categories":[19,5,28],"tags":[],"class_list":["post-13904","post","type-post","status-publish","format-standard","has-post-thumbnail","hentry","category-aktualnosci","category-na-sygnale","category-wyd"],"acf":[],"amp_enabled":true,"_links":{"self":[{"href":"http:\/\/portalm\u0142awa.pl\/index.php?rest_route=\/wp\/v2\/posts\/13904","targetHints":{"allow":["GET"]}}],"collection":[{"href":"http:\/\/portalm\u0142awa.pl\/index.php?rest_route=\/wp\/v2\/posts"}],"about":[{"href":"http:\/\/portalm\u0142awa.pl\/index.php?rest_route=\/wp\/v2\/types\/post"}],"author":[{"embeddable":true,"href":"http:\/\/portalm\u0142awa.pl\/index.php?rest_route=\/wp\/v2\/users\/1"}],"replies":[{"embeddable":true,"href":"http:\/\/portalm\u0142awa.pl\/index.php?rest_route=%2Fwp%2Fv2%2Fcomments&post=13904"}],"version-history":[{"count":2,"href":"http:\/\/portalm\u0142awa.pl\/index.php?rest_route=\/wp\/v2\/posts\/13904\/revisions"}],"predecessor-version":[{"id":13907,"href":"http:\/\/portalm\u0142awa.pl\/index.php?rest_route=\/wp\/v2\/posts\/13904\/revisions\/13907"}],"wp:featuredmedia":[{"embeddable":true,"href":"http:\/\/portalm\u0142awa.pl\/index.php?rest_route=\/wp\/v2\/media\/13905"}],"wp:attachment":[{"href":"http:\/\/portalm\u0142awa.pl\/index.php?rest_route=%2Fwp%2Fv2%2Fmedia&parent=13904"}],"wp:term":[{"taxonomy":"category","embeddable":true,"href":"http:\/\/portalm\u0142awa.pl\/index.php?rest_route=%2Fwp%2Fv2%2Fcategories&post=13904"},{"taxonomy":"post_tag","embeddable":true,"href":"http:\/\/portalm\u0142awa.pl\/index.php?rest_route=%2Fwp%2Fv2%2Ftags&post=13904"}],"curies":[{"name":"wp","href":"https:\/\/api.w.org\/{rel}","templated":true}]}}