{"id":13965,"date":"2026-03-20T08:27:26","date_gmt":"2026-03-20T07:27:26","guid":{"rendered":"http:\/\/portalm\u0142awa.pl\/?p=13965"},"modified":"2026-03-20T08:27:26","modified_gmt":"2026-03-20T07:27:26","slug":"lato-w-srodku-marca-szkola-w-mlawie-zamienila-sie-w-prawdziwa-plaze","status":"publish","type":"post","link":"http:\/\/portalm\u0142awa.pl\/?p=13965","title":{"rendered":"Lato w \u015brodku marca! Szko\u0142a w M\u0142awie zamieni\u0142a si\u0119 w prawdziw\u0105 pla\u017c\u0119"},"content":{"rendered":"<p style=\"text-align: justify;\">S\u0105 takie dni w szkolnym kalendarzu, kt\u00f3re uczniowie zapami\u0119tuj\u0105 na d\u0142ugo. Nie przez sprawdziany, nie przez oceny \u2013 ale przez emocje, \u015bmiech i atmosfer\u0119, kt\u00f3rej nie da si\u0119 podrobi\u0107. 19 marca w\u0142a\u015bnie taki dzie\u0144 prze\u017cy\u0142a Szko\u0142a Podstawowa nr 3 w M\u0142awie.<\/p>\n<p style=\"text-align: justify;\">Zamiast d\u017awi\u0119ku dzwonka \u2013 klimat wakacji. Zamiast szkolnej rutyny \u2013 eksplozja kolor\u00f3w, kreatywno\u015bci i dobrej energii. Korytarze szko\u0142y zamieni\u0142y si\u0119 w t\u0119tni\u0105c\u0105 \u017cyciem, s\u0142oneczn\u0105 pla\u017c\u0119.<\/p>\n<p style=\"text-align: justify;\">\ud83c\udfd6\ufe0f <strong>R\u0119czniki zamiast plecak\u00f3w, okulary zamiast zeszyt\u00f3w<\/strong><\/p>\n<p style=\"text-align: justify;\">Uczniowie nie zawiedli. W ruch posz\u0142y dmuchane materace, parasole, kapelusze i okulary przeciws\u0142oneczne. Klapki, koce, a nawet maski do p\u0142ywania \u2013 ka\u017cdy detal budowa\u0142 klimat, kt\u00f3ry pozwala\u0142 zapomnie\u0107, \u017ce za oknem wci\u0105\u017c marzec.<\/p>\n<p style=\"text-align: justify;\">To nie by\u0142a zwyk\u0142a zabawa. To by\u0142a pe\u0142noprawna, szkolna transformacja rzeczywisto\u015bci.<\/p>\n<p style=\"text-align: justify;\"><strong>Energia, kt\u00f3rej nie da si\u0119 nauczy\u0107 z podr\u0119cznika<\/strong><\/p>\n<p style=\"text-align: justify;\">U\u015bmiechy uczni\u00f3w i nauczycieli m\u00f3wi\u0142y wszystko. Dzie\u0144 Pla\u017cowicza sta\u0142 si\u0119 czym\u015b wi\u0119cej ni\u017c tylko tematyczn\u0105 inicjatyw\u0105 \u2013 by\u0142 dowodem na to, \u017ce szko\u0142a mo\u017ce by\u0107 miejscem rado\u015bci, integracji i wsp\u00f3lnego prze\u017cywania chwil, kt\u00f3re buduj\u0105 prawdziw\u0105 spo\u0142eczno\u015b\u0107.<\/p>\n<p style=\"text-align: justify;\">To w\u0142a\u015bnie takie momenty zostaj\u0105 w pami\u0119ci na lata.<\/p>\n<p style=\"text-align: justify;\">\u00a0<strong>Wiosna przysz\u0142a wcze\u015bniej\u2026 a mo\u017ce to ju\u017c zapowied\u017a lata?<\/strong><\/p>\n<p style=\"text-align: justify;\">Cho\u0107 kalendarz dopiero otwiera drzwi do cieplejszych dni, w murach szko\u0142y lato pojawi\u0142o si\u0119 na dobre. I je\u015bli kto\u015b jeszcze mia\u0142 w\u0105tpliwo\u015bci, \u017ce kreatywno\u015b\u0107 uczni\u00f3w nie zna granic \u2013 tego dnia zosta\u0142y one rozwiane raz na zawsze.<\/p>\n<p style=\"text-align: justify;\">Bo czasem wystarczy jeden pomys\u0142, by zwyk\u0142y dzie\u0144 zamieni\u0107 w co\u015b wyj\u0105tkowego. W M\u0142awie \u2013 to ju\u017c tradycja.<\/p>\n<p>Nades\u0142ane oprac.T B fot SP3<\/p>\n<p style=\"box-sizing: border-box; margin-top: 0px; margin-bottom: 15px; color: #555555; font-family: Roboto, sans-serif; font-size: 15px; text-align: justify;\">KOMENTARZE<\/p>\n<p style=\"box-sizing: border-box; margin-top: 0px; margin-bottom: 15px; color: #555555; font-family: Roboto, sans-serif; font-size: 15px; text-align: justify;\">Wydawca portalu nie ponosi odpowiedzialno\u015bci za tre\u015b\u0107 komentarzy zamieszczanych przez u\u017cytkownik\u00f3w. Osoby zamieszczaj\u0105ce wypowiedzi naruszaj\u0105ce prawo lub prawem chronione dobra os\u00f3b trzecich mog\u0105 ponie\u015b\u0107 z tego tytu\u0142u odpowiedzialno\u015b\u0107 karn\u0105 lub cywiln\u0105.JEDNOCZE\u015aNIE UZYTKM\u0142awa szykuje si\u0119 na siatkarskie emocje najm\u0142odszych. Rusza M\u0142awska Liga Jedynek!OWNICY ZAMIESZCZAJ\u0104C KOMENTARZ OSWIADCZAJ\u0104, \u017bE BIOR\u0104 PE\u0141N\u0104 ODPOWIEDZIALNO\u015a\u0106 ZA TRE\u015aCI UMIESZCZONE PRZEZ SIEBIE<\/p>\n<div style=\"padding-bottom:20px; padding-top:10px;\" class=\"hupso-share-buttons\"><!-- Hupso Share Buttons - https:\/\/www.hupso.com\/share\/ --><a class=\"hupso_pop\" href=\"https:\/\/www.hupso.com\/share\/\"><img decoding=\"async\" data-src=\"http:\/\/static.hupso.com\/share\/buttons\/button100x23.png\" style=\"border:0px; width:100; height: 23; \" alt=\"Share Button\" src=\"data:image\/svg+xml;base64,PHN2ZyB3aWR0aD0iMSIgaGVpZ2h0PSIxIiB4bWxucz0iaHR0cDovL3d3dy53My5vcmcvMjAwMC9zdmciPjwvc3ZnPg==\" class=\"lazyload\" \/><\/a><script type=\"text\/javascript\">var hupso_services=new Array(\"Twitter\",\"Facebook\",\"Pinterest\",\"Linkedin\",\"Tumblr\",\"StumbleUpon\",\"Digg\",\"Reddit\",\"Bebo\",\"Delicious\",\"QZone\",\"Renren\",\"Email\");var hupso_icon_type = \"labels\";var hupso_background=\"#3BF8FF\";var hupso_border=\"#FF2B0A\";var hupso_image_folder_url = \"\";var hupso_url=\"\";var hupso_title=\"Lato%20w%20%C5%9Brodku%20marca%21%20Szko%C5%82a%20w%20M%C5%82awie%20zamieni%C5%82a%20si%C4%99%20w%20prawdziw%C4%85%20pla%C5%BC%C4%99\";<\/script><script type=\"text\/javascript\" src=\"http:\/\/static.hupso.com\/share\/js\/share.js\"><\/script><!-- Hupso Share Buttons --><\/div>","protected":false},"excerpt":{"rendered":"<p>S\u0105 takie dni w szkolnym kalendarzu, kt\u00f3re uczniowie zapami\u0119tuj\u0105 na d\u0142ugo. Nie przez sprawdziany, nie przez oceny \u2013 ale przez emocje, \u015bmiech i atmosfer\u0119, kt\u00f3rej nie da si\u0119 podrobi\u0107. 19&hellip; <\/p>\n<div style=\"padding-bottom:20px; padding-top:10px;\" class=\"hupso-share-buttons\"><!-- Hupso Share Buttons - https:\/\/www.hupso.com\/share\/ --><a class=\"hupso_pop\" href=\"https:\/\/www.hupso.com\/share\/\"><img data-src=\"http:\/\/static.hupso.com\/share\/buttons\/button100x23.png\" style=\"border:0px; width:100; height: 23; \" alt=\"Share Button\" src=\"data:image\/svg+xml;base64,PHN2ZyB3aWR0aD0iMSIgaGVpZ2h0PSIxIiB4bWxucz0iaHR0cDovL3d3dy53My5vcmcvMjAwMC9zdmciPjwvc3ZnPg==\" class=\"lazyload\" \/><\/a><script type=\"text\/javascript\">var hupso_services=new Array(\"Twitter\",\"Facebook\",\"Pinterest\",\"Linkedin\",\"Tumblr\",\"StumbleUpon\",\"Digg\",\"Reddit\",\"Bebo\",\"Delicious\",\"QZone\",\"Renren\",\"Email\");var hupso_icon_type = \"labels\";var hupso_background=\"#3BF8FF\";var hupso_border=\"#FF2B0A\";var hupso_image_folder_url = \"\";var hupso_url=\"\";var hupso_title=\"Lato%20w%20%C5%9Brodku%20marca%21%20Szko%C5%82a%20w%20M%C5%82awie%20zamieni%C5%82a%20si%C4%99%20w%20prawdziw%C4%85%20pla%C5%BC%C4%99\";<\/script><script type=\"text\/javascript\" src=\"http:\/\/static.hupso.com\/share\/js\/share.js\"><\/script><!-- Hupso Share Buttons --><\/div>","protected":false},"author":1,"featured_media":13966,"comment_status":"open","ping_status":"open","sticky":false,"template":"","format":"standard","meta":{"_acf_changed":false,"wprm-recipe-roundup-name":"","wprm-recipe-roundup-description":"","footnotes":""},"categories":[19,3,28],"tags":[],"class_list":["post-13965","post","type-post","status-publish","format-standard","has-post-thumbnail","hentry","category-aktualnosci","category-kultura","category-wyd"],"acf":[],"amp_enabled":true,"_links":{"self":[{"href":"http:\/\/portalm\u0142awa.pl\/index.php?rest_route=\/wp\/v2\/posts\/13965","targetHints":{"allow":["GET"]}}],"collection":[{"href":"http:\/\/portalm\u0142awa.pl\/index.php?rest_route=\/wp\/v2\/posts"}],"about":[{"href":"http:\/\/portalm\u0142awa.pl\/index.php?rest_route=\/wp\/v2\/types\/post"}],"author":[{"embeddable":true,"href":"http:\/\/portalm\u0142awa.pl\/index.php?rest_route=\/wp\/v2\/users\/1"}],"replies":[{"embeddable":true,"href":"http:\/\/portalm\u0142awa.pl\/index.php?rest_route=%2Fwp%2Fv2%2Fcomments&post=13965"}],"version-history":[{"count":1,"href":"http:\/\/portalm\u0142awa.pl\/index.php?rest_route=\/wp\/v2\/posts\/13965\/revisions"}],"predecessor-version":[{"id":13967,"href":"http:\/\/portalm\u0142awa.pl\/index.php?rest_route=\/wp\/v2\/posts\/13965\/revisions\/13967"}],"wp:featuredmedia":[{"embeddable":true,"href":"http:\/\/portalm\u0142awa.pl\/index.php?rest_route=\/wp\/v2\/media\/13966"}],"wp:attachment":[{"href":"http:\/\/portalm\u0142awa.pl\/index.php?rest_route=%2Fwp%2Fv2%2Fmedia&parent=13965"}],"wp:term":[{"taxonomy":"category","embeddable":true,"href":"http:\/\/portalm\u0142awa.pl\/index.php?rest_route=%2Fwp%2Fv2%2Fcategories&post=13965"},{"taxonomy":"post_tag","embeddable":true,"href":"http:\/\/portalm\u0142awa.pl\/index.php?rest_route=%2Fwp%2Fv2%2Ftags&post=13965"}],"curies":[{"name":"wp","href":"https:\/\/api.w.org\/{rel}","templated":true}]}}