{"id":13990,"date":"2026-03-21T09:48:11","date_gmt":"2026-03-21T08:48:11","guid":{"rendered":"http:\/\/portalm\u0142awa.pl\/?p=13990"},"modified":"2026-03-21T21:17:58","modified_gmt":"2026-03-21T20:17:58","slug":"tak-to-sie-robi-w-ciechanowie-ciechanow-odpala-scene-muzyczna-ofensywa-jakiej-nie-powstydziloby-sie-zadne-duze-miasto","status":"publish","type":"post","link":"http:\/\/portalm\u0142awa.pl\/?p=13990","title":{"rendered":"Tak to si\u0119 robi w Ciechanowie &#8211; Ciechan\u00f3w odpala scen\u0119. Muzyczna ofensywa, jakiej nie powstydzi\u0142oby si\u0119 \u017cadne du\u017ce miasto"},"content":{"rendered":"<p style=\"text-align: justify;\">Wiosna i lato 2026 w Ciechan\u00f3w zapowiadaj\u0105 si\u0119 jak starannie wyre\u017cyserowany spektakl \u2013 z emocjami, r\u00f3\u017cnorodno\u015bci\u0105 i rozmachem, kt\u00f3ry wykracza daleko poza lokalne ramy. To nie jest zwyk\u0142y cykl koncert\u00f3w. To manifest ambicji miasta, kt\u00f3re coraz \u015bmielej zaznacza swoj\u0105 obecno\u015b\u0107 na kulturalnej mapie Polski.<\/p>\n<p style=\"text-align: justify;\"><strong>Zaczyna si\u0119 od symboli i emocji<\/strong><\/p>\n<p style=\"text-align: justify;\">2 maja, w wyj\u0105tkowej scenerii Zamek Ksi\u0105\u017c\u0105t Mazowieckich, wszystko nabiera znaczenia. Dzie\u0144 Flagi Rzeczypospolitej Polskiej i koncert Kortez to po\u0142\u0105czenie symboliki i emocji najwy\u017cszej pr\u00f3by. Jego hipnotyzuj\u0105cy styl idealnie wpisuje si\u0119 w klimat zamkowych mur\u00f3w \u2013 b\u0119dzie intymnie, b\u0119dzie mocno.<\/p>\n<p style=\"text-align: justify;\"><strong>Studencka energia i miejski puls<\/strong><\/p>\n<p style=\"text-align: justify;\">15 maja Ciechan\u00f3w oddaje scen\u0119 m\u0142odym. Juwenalia to zawsze eksplozja energii \u2013 a lineup m\u00f3wi sam za siebie: Mi\u0142y Pan, Wideo i Paluch gwarantuj\u0105 mieszank\u0119 styl\u00f3w, kt\u00f3ra przyci\u0105gnie t\u0142umy. To moment, gdy miasto oddycha rytmem m\u0142odo\u015bci.<\/p>\n<p style=\"text-align: justify;\"><strong>Dni Ciechanowa \u2013 koncertowy pokaz si\u0142y<\/strong><\/p>\n<p style=\"text-align: justify;\">20 czerwca to kulminacja \u2013 Dni Ciechanowa. Na scenie pojawi si\u0119 prawdziwa plejada: Karla Fernandez, Micha\u0142 Szczygie\u0142, Bledka, Zalia i legenda \u2013 Kult. To nie jest przypadkowy zestaw \u2013 to \u015bwiadoma mieszanka \u015bwie\u017co\u015bci i do\u015bwiadczenia, m\u0142odo\u015bci i kultowego brzmienia.<\/p>\n<p style=\"text-align: justify;\"><strong>Kameralnie, ale z klas\u0105<\/strong><\/p>\n<p style=\"text-align: justify;\">26 lipca scena przenosi si\u0119 pod Wie\u017ca Ci\u015bnie\u0144, gdzie miasto \u015bwi\u0119tuje 50-lecie tego miejsca. I robi to w stylu premium \u2013 koncert Aga Zaryan to propozycja dla tych, kt\u00f3rzy ceni\u0105 jako\u015b\u0107, klimat i muzyczn\u0105 subtelno\u015b\u0107.<\/p>\n<p style=\"text-align: justify;\"><strong>Wielkie widowisko \u2013 klasyka w monumentalnym wydaniu<\/strong><\/p>\n<p style=\"text-align: justify;\">16 sierpnia powr\u00f3t na zamek i co\u015b absolutnie wyj\u0105tkowego \u2013 opera Halka autorstwa Stanis\u0142aw Moniuszko. Blisko 200 artyst\u00f3w na scenie \u2013 to ju\u017c nie koncert, to pe\u0142noprawne widowisko. Monumentalne, ambitne i odwa\u017cne.<\/p>\n<p style=\"text-align: justify;\"><strong>Fina\u0142 z hukiem<\/strong><\/p>\n<p style=\"text-align: justify;\">29 sierpnia \u2013 Rap Festiwal. To ten moment, na kt\u00f3ry czeka m\u0142odsza publika. Na scenie: Filipek, Dwa S\u0142awy, Bonus RPK, Kabe, Kaz Ba\u0142agane i Bia\u0142as. B\u0119dzie g\u0142o\u015bno, b\u0119dzie intensywnie \u2013 b\u0119dzie fina\u0142, kt\u00f3ry zostaje w pami\u0119ci.<\/p>\n<p style=\"text-align: justify;\"><strong>Dost\u0119pno\u015b\u0107 i przemy\u015blana strategia<\/strong><\/p>\n<p style=\"text-align: justify;\">Wszystkie wydarzenia s\u0105 bezp\u0142atne \u2013 co dzi\u015b jest rzadko\u015bci\u0105 na tak\u0105 skal\u0119. Dwa koncerty \u2013 2 maja i lipcowy pod Wie\u017c\u0105 Ci\u015bnie\u0144 \u2013 pozostaj\u0105 jednak ekskluzywne, dost\u0119pne tylko dla mieszka\u0144c\u00f3w. Reszta? Otwarta dla ca\u0142ej Polski. To jasny sygna\u0142: Ciechan\u00f3w zaprasza, ale te\u017c docenia swoich.<\/p>\n<p style=\"text-align: justify;\">Ciechan\u00f3w nie pr\u00f3buje \u2013 Ciechan\u00f3w robi. Z rozmachem, z wizj\u0105 i z odwag\u0105. To program, kt\u00f3ry buduje mark\u0119 miasta, przyci\u0105ga ludzi i zostawia konkurencj\u0119 w tyle.<\/p>\n<p style=\"text-align: justify;\"><strong>Tak to si\u0119 robi w Ciechanowie.<\/strong><\/p>\n<p style=\"text-align: justify;\">T.B<\/p>\n<p style=\"box-sizing: border-box; margin-top: 0px; margin-bottom: 15px; color: #555555; font-family: Roboto, sans-serif; font-size: 15px; text-align: justify;\">KOMENTARZE<\/p>\n<p style=\"box-sizing: border-box; margin-top: 0px; margin-bottom: 15px; color: #555555; font-family: Roboto, sans-serif; font-size: 15px; text-align: justify;\">Wydawca portalu nie ponosi odpowiedzialno\u015bci za tre\u015b\u0107 komentarzy zamieszczanych przez u\u017cytkownik\u00f3w. Osoby zamieszczaj\u0105ce wypowiedzi naruszaj\u0105ce prawo lub prawem chronione dobra os\u00f3b trzecich mog\u0105 ponie\u015b\u0107 z tego tytu\u0142u odpowiedzialno\u015b\u0107 karn\u0105 lub cywiln\u0105.JEDNOCZE\u015aNIE UZYTKM\u0142awa szykuje si\u0119 na siatkarskie emocje najm\u0142odszych. Rusza M\u0142awska Liga Jedynek!OWNICY ZAMIESZCZAJ\u0104C KOMENTARZ OSWIADCZAJ\u0104, \u017bE BIOR\u0104 PE\u0141N\u0104 ODPOWIEDZIALNO\u015a\u0106 ZA TRE\u015aCI UMIESZCZONE PRZEZ SIEBIE<\/p>\n<div style=\"padding-bottom:20px; padding-top:10px;\" class=\"hupso-share-buttons\"><!-- Hupso Share Buttons - https:\/\/www.hupso.com\/share\/ --><a class=\"hupso_pop\" href=\"https:\/\/www.hupso.com\/share\/\"><img decoding=\"async\" data-src=\"http:\/\/static.hupso.com\/share\/buttons\/button100x23.png\" style=\"border:0px; width:100; height: 23; \" alt=\"Share Button\" src=\"data:image\/svg+xml;base64,PHN2ZyB3aWR0aD0iMSIgaGVpZ2h0PSIxIiB4bWxucz0iaHR0cDovL3d3dy53My5vcmcvMjAwMC9zdmciPjwvc3ZnPg==\" class=\"lazyload\" \/><\/a><script type=\"text\/javascript\">var hupso_services=new Array(\"Twitter\",\"Facebook\",\"Pinterest\",\"Linkedin\",\"Tumblr\",\"StumbleUpon\",\"Digg\",\"Reddit\",\"Bebo\",\"Delicious\",\"QZone\",\"Renren\",\"Email\");var hupso_icon_type = \"labels\";var hupso_background=\"#3BF8FF\";var hupso_border=\"#FF2B0A\";var hupso_image_folder_url = \"\";var hupso_url=\"\";var hupso_title=\"Tak%20to%20si%C4%99%20robi%20w%20Ciechanowie%20-%20Ciechan%C3%B3w%20odpala%20scen%C4%99.%20Muzyczna%20ofensywa%2C%20jakiej%20nie%20powstydzi%C5%82oby%20si%C4%99%20%C5%BCadne%20du%C5%BCe%20miasto\";<\/script><script type=\"text\/javascript\" src=\"http:\/\/static.hupso.com\/share\/js\/share.js\"><\/script><!-- Hupso Share Buttons --><\/div>","protected":false},"excerpt":{"rendered":"<p>Wiosna i lato 2026 w Ciechan\u00f3w zapowiadaj\u0105 si\u0119 jak starannie wyre\u017cyserowany spektakl \u2013 z emocjami, r\u00f3\u017cnorodno\u015bci\u0105 i rozmachem, kt\u00f3ry wykracza daleko poza lokalne ramy. To nie jest zwyk\u0142y cykl koncert\u00f3w.&hellip; <\/p>\n<div style=\"padding-bottom:20px; padding-top:10px;\" class=\"hupso-share-buttons\"><!-- Hupso Share Buttons - https:\/\/www.hupso.com\/share\/ --><a class=\"hupso_pop\" href=\"https:\/\/www.hupso.com\/share\/\"><img data-src=\"http:\/\/static.hupso.com\/share\/buttons\/button100x23.png\" style=\"border:0px; width:100; height: 23; \" alt=\"Share Button\" src=\"data:image\/svg+xml;base64,PHN2ZyB3aWR0aD0iMSIgaGVpZ2h0PSIxIiB4bWxucz0iaHR0cDovL3d3dy53My5vcmcvMjAwMC9zdmciPjwvc3ZnPg==\" class=\"lazyload\" \/><\/a><script type=\"text\/javascript\">var hupso_services=new Array(\"Twitter\",\"Facebook\",\"Pinterest\",\"Linkedin\",\"Tumblr\",\"StumbleUpon\",\"Digg\",\"Reddit\",\"Bebo\",\"Delicious\",\"QZone\",\"Renren\",\"Email\");var hupso_icon_type = \"labels\";var hupso_background=\"#3BF8FF\";var hupso_border=\"#FF2B0A\";var hupso_image_folder_url = \"\";var hupso_url=\"\";var hupso_title=\"Tak%20to%20si%C4%99%20robi%20w%20Ciechanowie%20-%20Ciechan%C3%B3w%20odpala%20scen%C4%99.%20Muzyczna%20ofensywa%2C%20jakiej%20nie%20powstydzi%C5%82oby%20si%C4%99%20%C5%BCadne%20du%C5%BCe%20miasto\";<\/script><script type=\"text\/javascript\" src=\"http:\/\/static.hupso.com\/share\/js\/share.js\"><\/script><!-- Hupso Share Buttons --><\/div>","protected":false},"author":1,"featured_media":13991,"comment_status":"open","ping_status":"open","sticky":false,"template":"","format":"standard","meta":{"_acf_changed":false,"wprm-recipe-roundup-name":"","wprm-recipe-roundup-description":"","footnotes":""},"categories":[19,3,28],"tags":[],"class_list":["post-13990","post","type-post","status-publish","format-standard","has-post-thumbnail","hentry","category-aktualnosci","category-kultura","category-wyd"],"acf":[],"amp_enabled":true,"_links":{"self":[{"href":"http:\/\/portalm\u0142awa.pl\/index.php?rest_route=\/wp\/v2\/posts\/13990","targetHints":{"allow":["GET"]}}],"collection":[{"href":"http:\/\/portalm\u0142awa.pl\/index.php?rest_route=\/wp\/v2\/posts"}],"about":[{"href":"http:\/\/portalm\u0142awa.pl\/index.php?rest_route=\/wp\/v2\/types\/post"}],"author":[{"embeddable":true,"href":"http:\/\/portalm\u0142awa.pl\/index.php?rest_route=\/wp\/v2\/users\/1"}],"replies":[{"embeddable":true,"href":"http:\/\/portalm\u0142awa.pl\/index.php?rest_route=%2Fwp%2Fv2%2Fcomments&post=13990"}],"version-history":[{"count":3,"href":"http:\/\/portalm\u0142awa.pl\/index.php?rest_route=\/wp\/v2\/posts\/13990\/revisions"}],"predecessor-version":[{"id":13997,"href":"http:\/\/portalm\u0142awa.pl\/index.php?rest_route=\/wp\/v2\/posts\/13990\/revisions\/13997"}],"wp:featuredmedia":[{"embeddable":true,"href":"http:\/\/portalm\u0142awa.pl\/index.php?rest_route=\/wp\/v2\/media\/13991"}],"wp:attachment":[{"href":"http:\/\/portalm\u0142awa.pl\/index.php?rest_route=%2Fwp%2Fv2%2Fmedia&parent=13990"}],"wp:term":[{"taxonomy":"category","embeddable":true,"href":"http:\/\/portalm\u0142awa.pl\/index.php?rest_route=%2Fwp%2Fv2%2Fcategories&post=13990"},{"taxonomy":"post_tag","embeddable":true,"href":"http:\/\/portalm\u0142awa.pl\/index.php?rest_route=%2Fwp%2Fv2%2Ftags&post=13990"}],"curies":[{"name":"wp","href":"https:\/\/api.w.org\/{rel}","templated":true}]}}