{"id":14001,"date":"2026-03-22T08:43:34","date_gmt":"2026-03-22T07:43:34","guid":{"rendered":"http:\/\/portalm\u0142awa.pl\/?p=14001"},"modified":"2026-03-22T08:43:34","modified_gmt":"2026-03-22T07:43:34","slug":"kolorowe-skarpetki-wielkie-serca-wyjatkowa-lekcja-empatii-w-sp3","status":"publish","type":"post","link":"http:\/\/portalm\u0142awa.pl\/?p=14001","title":{"rendered":"Kolorowe skarpetki, wielkie serca. Wyj\u0105tkowa lekcja empatii w SP3"},"content":{"rendered":"<div class=\"gwp75061a0b_xdj266r gwp75061a0b_x14z9mp gwp75061a0b_xat24cr gwp75061a0b_x1lziwak gwp75061a0b_x1vvkbs gwp75061a0b_x126k92a\" style=\"white-space-collapse: preserve; overflow-wrap: break-word; margin-inline: 0px; margin-bottom: 0px; margin-top: 0px; font-family: 'Segoe UI Historic', 'Segoe UI', Helvetica, Arial, sans-serif; color: #080809; font-size: 15px;\">\n<div dir=\"auto\" style=\"font-family: inherit; text-align: justify;\">W czasach, gdy \u015bwiat cz\u0119sto p\u0119dzi bez chwili refleksji, s\u0105 takie dni, kt\u00f3re zatrzymuj\u0105 nas na moment i przypominaj\u0105 o tym, co naprawd\u0119 wa\u017cne. W grupie 0A Szko\u0142y Podstawowej nr 3 ten moment nadszed\u0142 wraz z obchodami Dnia Kolorowych Skarpetek \u2013 symbolicznego \u015bwi\u0119ta solidarno\u015bci z osobami z zespo\u0142em Downa.<\/div>\n<div dir=\"auto\" style=\"font-family: inherit; text-align: justify;\">Ju\u017c od pierwszych minut zaj\u0119\u0107 by\u0142o jasne, \u017ce nie b\u0119dzie to zwyk\u0142y dzie\u0144. Sala wype\u0142ni\u0142a si\u0119 kolorami, u\u015bmiechami i\u2026 skarpetkami, kt\u00f3re \u2013 cho\u0107 nie do pary \u2013 idealnie oddawa\u0142y sens tego wyj\u0105tkowego \u015bwi\u0119ta. Bo w\u0142a\u015bnie w r\u00f3\u017cnorodno\u015bci kryje si\u0119 si\u0142a.<\/div>\n<div dir=\"auto\" style=\"font-family: inherit; text-align: justify;\">Nauczyciele w przyst\u0119pny i poruszaj\u0105cy spos\u00f3b wprowadzili dzieci w temat, t\u0142umacz\u0105c, dlaczego kolorowe, niepasuj\u0105ce skarpetki sta\u0142y si\u0119 mi\u0119dzynarodowym symbolem wsparcia dla os\u00f3b z zespo\u0142em Downa. Rozmowy o akceptacji i szacunku nie by\u0142y tu pustymi s\u0142owami \u2013 przedszkolaki s\u0142ucha\u0142y z uwag\u0105, zadawa\u0142y pytania i dzieli\u0142y si\u0119 swoimi spostrze\u017ceniami, pokazuj\u0105c, \u017ce empatii mo\u017cna uczy\u0107 ju\u017c od najm\u0142odszych lat.<\/div>\n<div dir=\"auto\" style=\"font-family: inherit; text-align: justify;\">Kulminacyjnym momentem zaj\u0119\u0107 by\u0142a cz\u0119\u015b\u0107 kreatywna. Dzieci z ogromnym zaanga\u017cowaniem tworzy\u0142y w\u0142asne, barwne skarpetki \u2013 ka\u017cda inna, ka\u017cda wyj\u0105tkowa, tak jak ich tw\u00f3rcy. Papierowe prace sta\u0142y si\u0119 nie tylko wyrazem dzieci\u0119cej wyobra\u017ani, ale te\u017c symbolem otwarto\u015bci na drugiego cz\u0142owieka.<\/div>\n<div dir=\"auto\" style=\"font-family: inherit; text-align: justify;\">To by\u0142 dzie\u0144 pe\u0142en rado\u015bci, ale te\u017c g\u0142\u0119bokiej lekcji \u2013 o tym, \u017ce ka\u017cdy z nas jest wa\u017cny, niezale\u017cnie od r\u00f3\u017cnic. W \u015bwiecie doros\u0142ych cz\u0119sto o tym zapominamy. Dzieci z grupy 0A przypomnia\u0142y, \u017ce empatia, \u017cyczliwo\u015b\u0107 i akceptacja zaczynaj\u0105 si\u0119 od prostych gest\u00f3w\u2026 nawet tak ma\u0142ych jak za\u0142o\u017cenie dw\u00f3ch r\u00f3\u017cnych skarpetek.<\/div>\n<div dir=\"auto\" style=\"font-family: inherit; text-align: justify;\">I cho\u0107 zaj\u0119cia dobieg\u0142y ko\u0144ca, jedno jest pewne \u2013 ta lekcja zostanie z nimi na d\u0142ugo. A mo\u017ce i z nami wszystkimi.<\/div>\n<\/div>\n<div class=\"gwp75061a0b_x14z9mp gwp75061a0b_xat24cr gwp75061a0b_x1lziwak gwp75061a0b_x1vvkbs gwp75061a0b_xtlvy1s gwp75061a0b_x126k92a\" style=\"white-space-collapse: preserve; overflow-wrap: break-word; margin-top: 0.5em; margin-inline: 0px; margin-bottom: 0px; font-family: 'Segoe UI Historic', 'Segoe UI', Helvetica, Arial, sans-serif; color: #080809; font-size: 15px;\">\n<div dir=\"auto\" style=\"text-align: justify;\"><\/div>\n<div dir=\"auto\" style=\"text-align: justify;\">Nades\u0142ane oprac.T B fot SP3<\/div>\n<div dir=\"auto\" style=\"text-align: justify;\"><\/div>\n<div dir=\"auto\">\n<p style=\"box-sizing: border-box; margin-top: 0px; margin-bottom: 15px; color: #555555; font-family: Roboto, sans-serif; white-space-collapse: collapse; text-align: justify;\">KOMENTARZE<\/p>\n<p style=\"box-sizing: border-box; margin-top: 0px; margin-bottom: 15px; color: #555555; font-family: Roboto, sans-serif; white-space-collapse: collapse; text-align: justify;\">Wydawca portalu nie ponosi odpowiedzialno\u015bci za tre\u015b\u0107 komentarzy zamieszczanych przez u\u017cytkownik\u00f3w. Osoby zamieszczaj\u0105ce wypowiedzi naruszaj\u0105ce prawo lub prawem chronione dobra os\u00f3b trzecich mog\u0105 ponie\u015b\u0107 z tego tytu\u0142u odpowiedzialno\u015b\u0107 karn\u0105 lub cywiln\u0105.JEDNOCZE\u015aNIE UZYTKM\u0142awa szykuje si\u0119 na siatkarskie emocje najm\u0142odszych. Rusza M\u0142awska Liga Jedynek!OWNICY ZAMIESZCZAJ\u0104C KOMENTARZ OSWIADCZAJ\u0104, \u017bE BIOR\u0104 PE\u0141N\u0104 ODPOWIEDZIALNO\u015a\u0106 ZA TRE\u015aCI UMIESZCZONE PRZEZ SIEBIE<\/p>\n<\/div>\n<\/div>\n<div style=\"padding-bottom:20px; padding-top:10px;\" class=\"hupso-share-buttons\"><!-- Hupso Share Buttons - https:\/\/www.hupso.com\/share\/ --><a class=\"hupso_pop\" href=\"https:\/\/www.hupso.com\/share\/\"><img decoding=\"async\" data-src=\"http:\/\/static.hupso.com\/share\/buttons\/button100x23.png\" style=\"border:0px; width:100; height: 23; \" alt=\"Share Button\" src=\"data:image\/svg+xml;base64,PHN2ZyB3aWR0aD0iMSIgaGVpZ2h0PSIxIiB4bWxucz0iaHR0cDovL3d3dy53My5vcmcvMjAwMC9zdmciPjwvc3ZnPg==\" class=\"lazyload\" \/><\/a><script type=\"text\/javascript\">var hupso_services=new Array(\"Twitter\",\"Facebook\",\"Pinterest\",\"Linkedin\",\"Tumblr\",\"StumbleUpon\",\"Digg\",\"Reddit\",\"Bebo\",\"Delicious\",\"QZone\",\"Renren\",\"Email\");var hupso_icon_type = \"labels\";var hupso_background=\"#3BF8FF\";var hupso_border=\"#FF2B0A\";var hupso_image_folder_url = \"\";var hupso_url=\"\";var hupso_title=\"Kolorowe%20skarpetki%2C%20wielkie%20serca.%20Wyj%C4%85tkowa%20lekcja%20empatii%20w%20SP3\";<\/script><script type=\"text\/javascript\" src=\"http:\/\/static.hupso.com\/share\/js\/share.js\"><\/script><!-- Hupso Share Buttons --><\/div>","protected":false},"excerpt":{"rendered":"<p>W czasach, gdy \u015bwiat cz\u0119sto p\u0119dzi bez chwili refleksji, s\u0105 takie dni, kt\u00f3re zatrzymuj\u0105 nas na moment i przypominaj\u0105 o tym, co naprawd\u0119 wa\u017cne. W grupie 0A Szko\u0142y Podstawowej nr&hellip; <\/p>\n<div style=\"padding-bottom:20px; padding-top:10px;\" class=\"hupso-share-buttons\"><!-- Hupso Share Buttons - https:\/\/www.hupso.com\/share\/ --><a class=\"hupso_pop\" href=\"https:\/\/www.hupso.com\/share\/\"><img data-src=\"http:\/\/static.hupso.com\/share\/buttons\/button100x23.png\" style=\"border:0px; width:100; height: 23; \" alt=\"Share Button\" src=\"data:image\/svg+xml;base64,PHN2ZyB3aWR0aD0iMSIgaGVpZ2h0PSIxIiB4bWxucz0iaHR0cDovL3d3dy53My5vcmcvMjAwMC9zdmciPjwvc3ZnPg==\" class=\"lazyload\" \/><\/a><script type=\"text\/javascript\">var hupso_services=new Array(\"Twitter\",\"Facebook\",\"Pinterest\",\"Linkedin\",\"Tumblr\",\"StumbleUpon\",\"Digg\",\"Reddit\",\"Bebo\",\"Delicious\",\"QZone\",\"Renren\",\"Email\");var hupso_icon_type = \"labels\";var hupso_background=\"#3BF8FF\";var hupso_border=\"#FF2B0A\";var hupso_image_folder_url = \"\";var hupso_url=\"\";var hupso_title=\"Kolorowe%20skarpetki%2C%20wielkie%20serca.%20Wyj%C4%85tkowa%20lekcja%20empatii%20w%20SP3\";<\/script><script type=\"text\/javascript\" src=\"http:\/\/static.hupso.com\/share\/js\/share.js\"><\/script><!-- Hupso Share Buttons --><\/div>","protected":false},"author":1,"featured_media":14002,"comment_status":"open","ping_status":"open","sticky":false,"template":"","format":"standard","meta":{"_acf_changed":false,"wprm-recipe-roundup-name":"","wprm-recipe-roundup-description":"","footnotes":""},"categories":[19,3,28],"tags":[],"class_list":["post-14001","post","type-post","status-publish","format-standard","has-post-thumbnail","hentry","category-aktualnosci","category-kultura","category-wyd"],"acf":[],"amp_enabled":true,"_links":{"self":[{"href":"http:\/\/portalm\u0142awa.pl\/index.php?rest_route=\/wp\/v2\/posts\/14001","targetHints":{"allow":["GET"]}}],"collection":[{"href":"http:\/\/portalm\u0142awa.pl\/index.php?rest_route=\/wp\/v2\/posts"}],"about":[{"href":"http:\/\/portalm\u0142awa.pl\/index.php?rest_route=\/wp\/v2\/types\/post"}],"author":[{"embeddable":true,"href":"http:\/\/portalm\u0142awa.pl\/index.php?rest_route=\/wp\/v2\/users\/1"}],"replies":[{"embeddable":true,"href":"http:\/\/portalm\u0142awa.pl\/index.php?rest_route=%2Fwp%2Fv2%2Fcomments&post=14001"}],"version-history":[{"count":1,"href":"http:\/\/portalm\u0142awa.pl\/index.php?rest_route=\/wp\/v2\/posts\/14001\/revisions"}],"predecessor-version":[{"id":14003,"href":"http:\/\/portalm\u0142awa.pl\/index.php?rest_route=\/wp\/v2\/posts\/14001\/revisions\/14003"}],"wp:featuredmedia":[{"embeddable":true,"href":"http:\/\/portalm\u0142awa.pl\/index.php?rest_route=\/wp\/v2\/media\/14002"}],"wp:attachment":[{"href":"http:\/\/portalm\u0142awa.pl\/index.php?rest_route=%2Fwp%2Fv2%2Fmedia&parent=14001"}],"wp:term":[{"taxonomy":"category","embeddable":true,"href":"http:\/\/portalm\u0142awa.pl\/index.php?rest_route=%2Fwp%2Fv2%2Fcategories&post=14001"},{"taxonomy":"post_tag","embeddable":true,"href":"http:\/\/portalm\u0142awa.pl\/index.php?rest_route=%2Fwp%2Fv2%2Ftags&post=14001"}],"curies":[{"name":"wp","href":"https:\/\/api.w.org\/{rel}","templated":true}]}}