{"id":14012,"date":"2026-03-22T10:07:08","date_gmt":"2026-03-22T09:07:08","guid":{"rendered":"http:\/\/portalm\u0142awa.pl\/?p=14012"},"modified":"2026-03-22T10:07:08","modified_gmt":"2026-03-22T09:07:08","slug":"cisza-przed-burza-franciszek-jarzebski-mlody-talent-wraca-i-celuje-w-wielka-scene-the-voice-kids","status":"publish","type":"post","link":"http:\/\/portalm\u0142awa.pl\/?p=14012","title":{"rendered":"Cisza przed burz\u0105\u201d. Franciszek Jarz\u0119bski m\u0142ody talent wraca i celuje w wielk\u0105 scen\u0119 The Voice Kids"},"content":{"rendered":"<p style=\"text-align: justify;\">Po kilku chwilach milczenia, kt\u00f3re dla wielu mog\u0142y wydawa\u0107 si\u0119 zwyk\u0142\u0105 przerw\u0105 \u2014 dzi\u015b wiemy jedno: to by\u0142a cisza pe\u0142na napi\u0119cia, emocji i przygotowa\u0144 do czego\u015b naprawd\u0119 wielkiego. Franciszek Jarz\u0119bski m\u0142ody artysta wraca z przekazem, kt\u00f3ry elektryzuje i nie pozostawia z\u0142udze\u0144 \u2014 nadchodzi moment prawdy.<\/p>\n<p style=\"text-align: justify;\">Ju\u017c 28 marca o godzinie 21:30 na antenie TVP2 widzowie b\u0119d\u0105 \u015bwiadkami spe\u0142niania jednego z najwa\u017cniejszych marze\u0144. Scena jednego z najpopularniejszych muzycznych show w Polsce stanie si\u0119 aren\u0105 walki nie tylko o uznanie trener\u00f3w, ale przede wszystkim o przekroczenie w\u0142asnych granic.<\/p>\n<p style=\"text-align: justify;\">To, co uderza najmocniej w tym przekazie, to autentyczno\u015b\u0107. Nie ma tu sztuczno\u015bci ani wyre\u017cyserowanych emocji. Jest strach \u2014 ale ten prawdziwy, kt\u00f3ry towarzyszy ka\u017cdemu, kto stoi u progu wielkiej zmiany. Jest te\u017c rado\u015b\u0107 \u2014 jeszcze wi\u0119ksza, bo okupiona prac\u0105, cierpliwo\u015bci\u0105 i odwag\u0105.<\/p>\n<p style=\"text-align: justify;\">\u201eTroch\u0119 si\u0119 boj\u0119, ale jeszcze bardziej si\u0119 ciesz\u0119\u201d \u2014m\u00f3wi Franciszek Jarz\u0119bski. To zdanie m\u00f3wi wszystko. To w\u0142a\u015bnie ten moment, w kt\u00f3rym rodz\u0105 si\u0119 historie, kt\u00f3re p\u00f3\u017aniej inspiruj\u0105 tysi\u0105ce innych.<\/p>\n<p style=\"text-align: justify;\">Program The Voice Kids od lat jest trampolin\u0105 dla m\u0142odych talent\u00f3w. To nie tylko show \u2014 to przestrze\u0144, gdzie marzenia zyskuj\u0105 realny kszta\u0142t. Ka\u017cdy wyst\u0119p to osobna opowie\u015b\u0107. Ka\u017cdy g\u0142os to historia. A ta zapowiada si\u0119 wyj\u0105tkowo emocjonalnie.<\/p>\n<p style=\"text-align: justify;\">Czy stres oka\u017ce si\u0119 motorem nap\u0119dowym? Czy scena stanie si\u0119 miejscem triumfu? Jedno jest pewne \u2014 28 marca oczy widz\u00f3w b\u0119d\u0105 zwr\u00f3cone w jednym kierunku.<\/p>\n<p style=\"text-align: justify;\"><strong>To ju\u017c nie zapowied\u017a. To pocz\u0105tek drogi.<\/strong><\/p>\n<p style=\"text-align: justify;\">I pytanie, kt\u00f3re wybrzmiewa najmocniej:\u00a0 Czy b\u0119dziemy \u015bwiadkami narodzin nowej gwiazdy?<\/p>\n<p style=\"text-align: justify;\">T.B<\/p>\n<p style=\"box-sizing: border-box; margin-top: 0px; margin-bottom: 15px; font-size: 15px; color: #555555; font-family: Roboto, sans-serif; text-align: justify;\">KOMENTARZE<\/p>\n<p style=\"box-sizing: border-box; margin-top: 0px; margin-bottom: 15px; font-size: 15px; color: #555555; font-family: Roboto, sans-serif; text-align: justify;\">Wydawca portalu nie ponosi odpowiedzialno\u015bci za tre\u015b\u0107 komentarzy zamieszczanych przez u\u017cytkownik\u00f3w. Osoby zamieszczaj\u0105ce wypowiedzi naruszaj\u0105ce prawo lub prawem chronione dobra os\u00f3b trzecich mog\u0105 ponie\u015b\u0107 z tego tytu\u0142u odpowiedzialno\u015b\u0107 karn\u0105 lub cywiln\u0105.JEDNOCZE\u015aNIE UZYTKM\u0142awa szykuje si\u0119 na siatkarskie emocje najm\u0142odszych. Rusza M\u0142awska Liga Jedynek!OWNICY ZAMIESZCZAJ\u0104C KOMENTARZ OSWIADCZAJ\u0104, \u017bE BIOR\u0104 PE\u0141N\u0104 ODPOWIEDZIALNO\u015a\u0106 ZA TRE\u015aCI UMIESZCZONE PRZEZ SIEBIE<\/p>\n<div style=\"padding-bottom:20px; padding-top:10px;\" class=\"hupso-share-buttons\"><!-- Hupso Share Buttons - https:\/\/www.hupso.com\/share\/ --><a class=\"hupso_pop\" href=\"https:\/\/www.hupso.com\/share\/\"><img decoding=\"async\" data-src=\"http:\/\/static.hupso.com\/share\/buttons\/button100x23.png\" style=\"border:0px; width:100; height: 23; \" alt=\"Share Button\" src=\"data:image\/svg+xml;base64,PHN2ZyB3aWR0aD0iMSIgaGVpZ2h0PSIxIiB4bWxucz0iaHR0cDovL3d3dy53My5vcmcvMjAwMC9zdmciPjwvc3ZnPg==\" class=\"lazyload\" \/><\/a><script type=\"text\/javascript\">var hupso_services=new Array(\"Twitter\",\"Facebook\",\"Pinterest\",\"Linkedin\",\"Tumblr\",\"StumbleUpon\",\"Digg\",\"Reddit\",\"Bebo\",\"Delicious\",\"QZone\",\"Renren\",\"Email\");var hupso_icon_type = \"labels\";var hupso_background=\"#3BF8FF\";var hupso_border=\"#FF2B0A\";var hupso_image_folder_url = \"\";var hupso_url=\"\";var hupso_title=\"Cisza%20przed%20burz%C4%85%E2%80%9D.%20Franciszek%20Jarz%C4%99bski%20m%C5%82ody%20talent%20wraca%20i%20celuje%20w%20wielk%C4%85%20scen%C4%99%20The%20Voice%20Kids\";<\/script><script type=\"text\/javascript\" src=\"http:\/\/static.hupso.com\/share\/js\/share.js\"><\/script><!-- Hupso Share Buttons --><\/div>","protected":false},"excerpt":{"rendered":"<p>Po kilku chwilach milczenia, kt\u00f3re dla wielu mog\u0142y wydawa\u0107 si\u0119 zwyk\u0142\u0105 przerw\u0105 \u2014 dzi\u015b wiemy jedno: to by\u0142a cisza pe\u0142na napi\u0119cia, emocji i przygotowa\u0144 do czego\u015b naprawd\u0119 wielkiego. Franciszek Jarz\u0119bski&hellip; <\/p>\n<div style=\"padding-bottom:20px; padding-top:10px;\" class=\"hupso-share-buttons\"><!-- Hupso Share Buttons - https:\/\/www.hupso.com\/share\/ --><a class=\"hupso_pop\" href=\"https:\/\/www.hupso.com\/share\/\"><img data-src=\"http:\/\/static.hupso.com\/share\/buttons\/button100x23.png\" style=\"border:0px; width:100; height: 23; \" alt=\"Share Button\" src=\"data:image\/svg+xml;base64,PHN2ZyB3aWR0aD0iMSIgaGVpZ2h0PSIxIiB4bWxucz0iaHR0cDovL3d3dy53My5vcmcvMjAwMC9zdmciPjwvc3ZnPg==\" class=\"lazyload\" \/><\/a><script type=\"text\/javascript\">var hupso_services=new Array(\"Twitter\",\"Facebook\",\"Pinterest\",\"Linkedin\",\"Tumblr\",\"StumbleUpon\",\"Digg\",\"Reddit\",\"Bebo\",\"Delicious\",\"QZone\",\"Renren\",\"Email\");var hupso_icon_type = \"labels\";var hupso_background=\"#3BF8FF\";var hupso_border=\"#FF2B0A\";var hupso_image_folder_url = \"\";var hupso_url=\"\";var hupso_title=\"Cisza%20przed%20burz%C4%85%E2%80%9D.%20Franciszek%20Jarz%C4%99bski%20m%C5%82ody%20talent%20wraca%20i%20celuje%20w%20wielk%C4%85%20scen%C4%99%20The%20Voice%20Kids\";<\/script><script type=\"text\/javascript\" src=\"http:\/\/static.hupso.com\/share\/js\/share.js\"><\/script><!-- Hupso Share Buttons --><\/div>","protected":false},"author":1,"featured_media":14013,"comment_status":"open","ping_status":"open","sticky":false,"template":"","format":"standard","meta":{"_acf_changed":false,"wprm-recipe-roundup-name":"","wprm-recipe-roundup-description":"","footnotes":""},"categories":[19,3,28],"tags":[],"class_list":["post-14012","post","type-post","status-publish","format-standard","has-post-thumbnail","hentry","category-aktualnosci","category-kultura","category-wyd"],"acf":[],"amp_enabled":true,"_links":{"self":[{"href":"http:\/\/portalm\u0142awa.pl\/index.php?rest_route=\/wp\/v2\/posts\/14012","targetHints":{"allow":["GET"]}}],"collection":[{"href":"http:\/\/portalm\u0142awa.pl\/index.php?rest_route=\/wp\/v2\/posts"}],"about":[{"href":"http:\/\/portalm\u0142awa.pl\/index.php?rest_route=\/wp\/v2\/types\/post"}],"author":[{"embeddable":true,"href":"http:\/\/portalm\u0142awa.pl\/index.php?rest_route=\/wp\/v2\/users\/1"}],"replies":[{"embeddable":true,"href":"http:\/\/portalm\u0142awa.pl\/index.php?rest_route=%2Fwp%2Fv2%2Fcomments&post=14012"}],"version-history":[{"count":1,"href":"http:\/\/portalm\u0142awa.pl\/index.php?rest_route=\/wp\/v2\/posts\/14012\/revisions"}],"predecessor-version":[{"id":14014,"href":"http:\/\/portalm\u0142awa.pl\/index.php?rest_route=\/wp\/v2\/posts\/14012\/revisions\/14014"}],"wp:featuredmedia":[{"embeddable":true,"href":"http:\/\/portalm\u0142awa.pl\/index.php?rest_route=\/wp\/v2\/media\/14013"}],"wp:attachment":[{"href":"http:\/\/portalm\u0142awa.pl\/index.php?rest_route=%2Fwp%2Fv2%2Fmedia&parent=14012"}],"wp:term":[{"taxonomy":"category","embeddable":true,"href":"http:\/\/portalm\u0142awa.pl\/index.php?rest_route=%2Fwp%2Fv2%2Fcategories&post=14012"},{"taxonomy":"post_tag","embeddable":true,"href":"http:\/\/portalm\u0142awa.pl\/index.php?rest_route=%2Fwp%2Fv2%2Ftags&post=14012"}],"curies":[{"name":"wp","href":"https:\/\/api.w.org\/{rel}","templated":true}]}}