{"id":14021,"date":"2026-03-22T14:30:16","date_gmt":"2026-03-22T13:30:16","guid":{"rendered":"http:\/\/portalm\u0142awa.pl\/?p=14021"},"modified":"2026-03-22T14:33:31","modified_gmt":"2026-03-22T13:33:31","slug":"alarm-63-2026-ogien-o-swicie-pozar-lasu-mlawa","status":"publish","type":"post","link":"http:\/\/portalm\u0142awa.pl\/?p=14021","title":{"rendered":"ALARM. Ogie\u0144 o \u015bwicie! Po\u017car lasu &#8211; M\u0142awa."},"content":{"rendered":"<p style=\"text-align: justify;\">21 marca 2026, godzina 07:57. Spokojny poranek w M\u0142awie nagle przerwa\u0142y syreny stra\u017cackie. Nad okolic\u0105 ulicy Aleja Marsza\u0142kowska zacz\u0105\u0142 unosi\u0107 si\u0119 dym, a chwil\u0119 p\u00f3\u017aniej by\u0142o ju\u017c jasne \u2013 dosz\u0142o do po\u017caru w lesie.<\/p>\n<p style=\"text-align: justify;\">Pierwsi na miejscu pojawili si\u0119 stra\u017cacy z Pa\u0144stwowej Stra\u017cy Po\u017carnej. Sytuacja wymaga\u0142a natychmiastowej reakcji \u2013 ogie\u0144 w lesie potrafi rozprzestrzenia\u0107 si\u0119 b\u0142yskawicznie, zw\u0142aszcza przy suchym pod\u0142o\u017cu i porannym wietrze. Do akcji skierowano kilka zast\u0119p\u00f3w, w tym r\u00f3wnie\u017c druh\u00f3w z jednostki OSP KSRG M\u0142awa.<\/p>\n<p style=\"text-align: justify;\">Na ten moment nie ma informacji o osobach poszkodowanych. Przyczyny po\u017caru nie s\u0105 jeszcze znane \u2013 mo\u017cliwe, \u017ce b\u0119d\u0105 one przedmiotem dalszego dochodzenia.<\/p>\n<p style=\"text-align: justify;\">Jedno jest pewne \u2013 poranek w M\u0142awie pokaza\u0142, jak cienka jest granica mi\u0119dzy spokojem a zagro\u017ceniem. I jak ogromn\u0105 rol\u0119 odgrywaj\u0105 s\u0142u\u017cby ratunkowe, kt\u00f3re ka\u017cdego dnia czuwaj\u0105 nad bezpiecze\u0144stwem mieszka\u0144c\u00f3w.<\/p>\n<p style=\"text-align: justify;\">T.B fot KSRG M\u0142awa<\/p>\n<p style=\"box-sizing: border-box; margin-top: 0px; margin-bottom: 15px; color: #555555; font-family: Roboto, sans-serif; font-size: 15px; text-align: justify;\">KOMENTARZE<\/p>\n<p style=\"box-sizing: border-box; margin-top: 0px; margin-bottom: 15px; color: #555555; font-family: Roboto, sans-serif; font-size: 15px; text-align: justify;\">Wydawca portalu nie ponosi odpowiedzialno\u015bci za tre\u015b\u0107 komentarzy zamieszczanych przez u\u017cytkownik\u00f3w. Osoby zamieszczaj\u0105ce wypowiedzi naruszaj\u0105ce prawo lub prawem chronione dobra os\u00f3b trzecich mog\u0105 ponie\u015b\u0107 z tego tytu\u0142u odpowiedzialno\u015b\u0107 karn\u0105 lub cywiln\u0105.JEDNOCZE\u015aNIE UZYTKM\u0142awa szykuje si\u0119 na siatkarskie emocje najm\u0142odszych. Rusza M\u0142awska Liga Jedynek!OWNICY ZAMIESZCZAJ\u0104C KOMENTARZ OSWIADCZAJ\u0104, \u017bE BIOR\u0104 PE\u0141N\u0104 ODPOWIEDZIALNO\u015a\u0106 ZA TRE\u015aCI UMIESZCZONE PRZEZ SIEBIE<\/p>\n<div style=\"padding-bottom:20px; padding-top:10px;\" class=\"hupso-share-buttons\"><!-- Hupso Share Buttons - https:\/\/www.hupso.com\/share\/ --><a class=\"hupso_pop\" href=\"https:\/\/www.hupso.com\/share\/\"><img decoding=\"async\" data-src=\"http:\/\/static.hupso.com\/share\/buttons\/button100x23.png\" style=\"border:0px; width:100; height: 23; \" alt=\"Share Button\" src=\"data:image\/svg+xml;base64,PHN2ZyB3aWR0aD0iMSIgaGVpZ2h0PSIxIiB4bWxucz0iaHR0cDovL3d3dy53My5vcmcvMjAwMC9zdmciPjwvc3ZnPg==\" class=\"lazyload\" \/><\/a><script type=\"text\/javascript\">var hupso_services=new Array(\"Twitter\",\"Facebook\",\"Pinterest\",\"Linkedin\",\"Tumblr\",\"StumbleUpon\",\"Digg\",\"Reddit\",\"Bebo\",\"Delicious\",\"QZone\",\"Renren\",\"Email\");var hupso_icon_type = \"labels\";var hupso_background=\"#3BF8FF\";var hupso_border=\"#FF2B0A\";var hupso_image_folder_url = \"\";var hupso_url=\"\";var hupso_title=\"ALARM.%20Ogie%C5%84%20o%20%C5%9Bwicie%21%20Po%C5%BCar%20lasu%20-%20M%C5%82awa.\";<\/script><script type=\"text\/javascript\" src=\"http:\/\/static.hupso.com\/share\/js\/share.js\"><\/script><!-- Hupso Share Buttons --><\/div>","protected":false},"excerpt":{"rendered":"<p>21 marca 2026, godzina 07:57. Spokojny poranek w M\u0142awie nagle przerwa\u0142y syreny stra\u017cackie. Nad okolic\u0105 ulicy Aleja Marsza\u0142kowska zacz\u0105\u0142 unosi\u0107 si\u0119 dym, a chwil\u0119 p\u00f3\u017aniej by\u0142o ju\u017c jasne \u2013 dosz\u0142o&hellip; <\/p>\n<div style=\"padding-bottom:20px; padding-top:10px;\" class=\"hupso-share-buttons\"><!-- Hupso Share Buttons - https:\/\/www.hupso.com\/share\/ --><a class=\"hupso_pop\" href=\"https:\/\/www.hupso.com\/share\/\"><img data-src=\"http:\/\/static.hupso.com\/share\/buttons\/button100x23.png\" style=\"border:0px; width:100; height: 23; \" alt=\"Share Button\" src=\"data:image\/svg+xml;base64,PHN2ZyB3aWR0aD0iMSIgaGVpZ2h0PSIxIiB4bWxucz0iaHR0cDovL3d3dy53My5vcmcvMjAwMC9zdmciPjwvc3ZnPg==\" class=\"lazyload\" \/><\/a><script type=\"text\/javascript\">var hupso_services=new Array(\"Twitter\",\"Facebook\",\"Pinterest\",\"Linkedin\",\"Tumblr\",\"StumbleUpon\",\"Digg\",\"Reddit\",\"Bebo\",\"Delicious\",\"QZone\",\"Renren\",\"Email\");var hupso_icon_type = \"labels\";var hupso_background=\"#3BF8FF\";var hupso_border=\"#FF2B0A\";var hupso_image_folder_url = \"\";var hupso_url=\"\";var hupso_title=\"ALARM.%20Ogie%C5%84%20o%20%C5%9Bwicie%21%20Po%C5%BCar%20lasu%20-%20M%C5%82awa.\";<\/script><script type=\"text\/javascript\" src=\"http:\/\/static.hupso.com\/share\/js\/share.js\"><\/script><!-- Hupso Share Buttons --><\/div>","protected":false},"author":1,"featured_media":14022,"comment_status":"open","ping_status":"open","sticky":false,"template":"","format":"standard","meta":{"_acf_changed":false,"wprm-recipe-roundup-name":"","wprm-recipe-roundup-description":"","footnotes":""},"categories":[19,5,28],"tags":[],"class_list":["post-14021","post","type-post","status-publish","format-standard","has-post-thumbnail","hentry","category-aktualnosci","category-na-sygnale","category-wyd"],"acf":[],"amp_enabled":true,"_links":{"self":[{"href":"http:\/\/portalm\u0142awa.pl\/index.php?rest_route=\/wp\/v2\/posts\/14021","targetHints":{"allow":["GET"]}}],"collection":[{"href":"http:\/\/portalm\u0142awa.pl\/index.php?rest_route=\/wp\/v2\/posts"}],"about":[{"href":"http:\/\/portalm\u0142awa.pl\/index.php?rest_route=\/wp\/v2\/types\/post"}],"author":[{"embeddable":true,"href":"http:\/\/portalm\u0142awa.pl\/index.php?rest_route=\/wp\/v2\/users\/1"}],"replies":[{"embeddable":true,"href":"http:\/\/portalm\u0142awa.pl\/index.php?rest_route=%2Fwp%2Fv2%2Fcomments&post=14021"}],"version-history":[{"count":2,"href":"http:\/\/portalm\u0142awa.pl\/index.php?rest_route=\/wp\/v2\/posts\/14021\/revisions"}],"predecessor-version":[{"id":14024,"href":"http:\/\/portalm\u0142awa.pl\/index.php?rest_route=\/wp\/v2\/posts\/14021\/revisions\/14024"}],"wp:featuredmedia":[{"embeddable":true,"href":"http:\/\/portalm\u0142awa.pl\/index.php?rest_route=\/wp\/v2\/media\/14022"}],"wp:attachment":[{"href":"http:\/\/portalm\u0142awa.pl\/index.php?rest_route=%2Fwp%2Fv2%2Fmedia&parent=14021"}],"wp:term":[{"taxonomy":"category","embeddable":true,"href":"http:\/\/portalm\u0142awa.pl\/index.php?rest_route=%2Fwp%2Fv2%2Fcategories&post=14021"},{"taxonomy":"post_tag","embeddable":true,"href":"http:\/\/portalm\u0142awa.pl\/index.php?rest_route=%2Fwp%2Fv2%2Ftags&post=14021"}],"curies":[{"name":"wp","href":"https:\/\/api.w.org\/{rel}","templated":true}]}}