{"id":14064,"date":"2026-03-24T13:48:20","date_gmt":"2026-03-24T12:48:20","guid":{"rendered":"http:\/\/portalm\u0142awa.pl\/?p=14064"},"modified":"2026-03-24T13:48:20","modified_gmt":"2026-03-24T12:48:20","slug":"nielegalny-wyscig-na-s7-dwoch-kierowcow-odpowie-za-przestepstwo","status":"publish","type":"post","link":"http:\/\/portalm\u0142awa.pl\/?p=14064","title":{"rendered":"Nielegalny wy\u015bcig na S7. Dw\u00f3ch kierowc\u00f3w odpowie za przest\u0119pstwo"},"content":{"rendered":"<div class=\"head\" style=\"color: #000000; font-family: Arial, Helvetica, sans-serif; font-size: 15.996px; word-spacing: 2.55936px;\">\n<div class=\"head-title\"><\/div>\n<p class=\"intro\" style=\"font-size: 17.5956px; text-align: justify;\"><strong>W sobotni wiecz\u00f3r, 22 marca, policjanci Wydzia\u0142u Ruchu Drogowego Komendy Powiatowej Policji w M\u0142awie, podczas patrolu drogi ekspresowej S7, zatrzymali dw\u00f3ch kieruj\u0105cych, kt\u00f3rzy urz\u0105dzili sobie nielegalny wy\u015bcig. M\u0119\u017cczy\u017ani, jad\u0105c Audi i Skod\u0105, zajmowali oba pasy ruchu, wzajemnie si\u0119 \u015bcigaj\u0105c i przekraczaj\u0105c dopuszczaln\u0105 pr\u0119dko\u015b\u0107 o 80 km\/h. Swoim zachowaniem stworzyli realne zagro\u017cenie dla innych uczestnik\u00f3w ruchu drogowego.<\/strong><\/p>\n<p class=\"intro\" style=\"font-size: 17.5956px; text-align: justify;\"><span style=\"font-size: 15.996px; word-spacing: 2.55936px;\">Za kierownic\u0105 Audi siedzia\u0142 37-letni obywatel Ukrainy, mieszkaniec powiatu m\u0142awskiego. Skod\u0105 kierowa\u0142 23-letni obywatel Ukrainy, r\u00f3wnie\u017c mieszkaj\u0105cy na terenie powiatu m\u0142awskiego.<\/span><\/p>\n<\/div>\n<p style=\"color: #000000; font-family: Arial, Helvetica, sans-serif; font-size: 15.996px; word-spacing: 2.55936px; text-align: justify;\">\nJak wynika z ustale\u0144 funkcjonariuszy, kieruj\u0105cy Skod\u0105 dopiero co kupi\u0142 pojazd i podczas drogi powrotnej postanowi\u0142 sprawdzi\u0107 jego mo\u017cliwo\u015bci, wdaj\u0105c si\u0119 w nielegalny wy\u015bcig z koleg\u0105 jad\u0105cym Audi. Obaj m\u0119\u017cczy\u017ani ju\u017c us\u0142yszeli zarzut udzia\u0142u w nielegalnym wy\u015bcigu drogowym.<\/p>\n<p style=\"color: #000000; font-family: Arial, Helvetica, sans-serif; font-size: 15.996px; word-spacing: 2.55936px; text-align: justify;\">Przypominamy, ze zgodnie z art. 178c \u00a7 1 Kodeksu karnego, kto w ruchu l\u0105dowym organizuje, prowadzi lub uczestniczy w nielegalnym wy\u015bcigu pojazd\u00f3w mechanicznych, podlega karze pozbawienia wolno\u015bci od 3 miesi\u0119cy do 5 lat. Karalne jest tak\u017ce przygotowanie do takiego czynu &#8211; zagro\u017cone kar\u0105 do 3 lat pozbawienia wolno\u015bci.<\/p>\n<p style=\"color: #000000; font-family: Arial, Helvetica, sans-serif; font-size: 15.996px; word-spacing: 2.55936px; text-align: justify;\">Sprawcy musz\u0105 liczy\u0107 si\u0119 r\u00f3wnie\u017c z dalszymi konsekwencjami prawnymi, w tym mo\u017cliwo\u015bci\u0105 utraty prawa jazdy, zakazem prowadzenia pojazd\u00f3w, wysokimi kosztami post\u0119powania oraz odpowiedzialno\u015bci\u0105 karn\u0105 znacznie surowsz\u0105, je\u015bli ich zachowanie doprowadzi\u0142oby do wypadku.Apelujemy do kierowc\u00f3w o rozs\u0105dek i odpowiedzialno\u015b\u0107.<\/p>\n<p style=\"color: #000000; font-family: Arial, Helvetica, sans-serif; font-size: 15.996px; word-spacing: 2.55936px; text-align: justify;\">Droga publiczna nie jest miejscem do rywalizacji ani sprawdzania mo\u017cliwo\u015bci pojazdu.<\/p>\n<p style=\"color: #000000; font-family: Arial, Helvetica, sans-serif; font-size: 15.996px; word-spacing: 2.55936px; text-align: justify;\">Nadmierna pr\u0119dko\u015b\u0107 i brawura za kierownic\u0105 mog\u0105 doprowadzi\u0107 do tragedii. Ka\u017cdy przypadek nielegalnych wy\u015bcig\u00f3w b\u0119dzie stanowczo eliminowany.<\/p>\n<p>m\u0142. asp. Aleksandra Bardo\u0144ska\/<\/p>\n<p style=\"box-sizing: border-box; margin-top: 0px; margin-bottom: 15px; color: #555555; font-family: Roboto, sans-serif; font-size: 15px; text-align: justify;\">KOMENTARZE<\/p>\n<p style=\"box-sizing: border-box; margin-top: 0px; margin-bottom: 15px; color: #555555; font-family: Roboto, sans-serif; font-size: 15px; text-align: justify;\">Wydawca portalu nie ponosi odpowiedzialno\u015bci za tre\u015b\u0107 komentarzy zamieszczanych przez u\u017cytkownik\u00f3w. Osoby zamieszczaj\u0105ce wypowiedzi naruszaj\u0105ce prawo lub prawem chronione dobra os\u00f3b trzecich mog\u0105 ponie\u015b\u0107 z tego tytu\u0142u odpowiedzialno\u015b\u0107 karn\u0105 lub cywiln\u0105.JEDNOCZE\u015aNIE UZYTKM\u0142awa szykuje si\u0119 na siatkarskie emocje najm\u0142odsS\u0142u\u017cby w pe\u0142nej gotowo\u015bci. Wielkie \u0107wiczenia nad zalewem Ruda ju\u017c w sobot\u0119zych. Rusza M\u0142awska Liga Jedynek!OWNICY ZAMIESZCZAJ\u0104C KOMENTARZ OSWIADCZAJ\u0104, \u017bE BIOR\u0104 PE\u0141N\u0104 ODPOWIEDZIALNO\u015a\u0106 ZA TRE\u015aCI UMIESZCZONE PRZEZ SIEBIE<\/p>\n<div style=\"padding-bottom:20px; padding-top:10px;\" class=\"hupso-share-buttons\"><!-- Hupso Share Buttons - https:\/\/www.hupso.com\/share\/ --><a class=\"hupso_pop\" href=\"https:\/\/www.hupso.com\/share\/\"><img decoding=\"async\" data-src=\"http:\/\/static.hupso.com\/share\/buttons\/button100x23.png\" style=\"border:0px; width:100; height: 23; \" alt=\"Share Button\" src=\"data:image\/svg+xml;base64,PHN2ZyB3aWR0aD0iMSIgaGVpZ2h0PSIxIiB4bWxucz0iaHR0cDovL3d3dy53My5vcmcvMjAwMC9zdmciPjwvc3ZnPg==\" class=\"lazyload\" \/><\/a><script type=\"text\/javascript\">var hupso_services=new Array(\"Twitter\",\"Facebook\",\"Pinterest\",\"Linkedin\",\"Tumblr\",\"StumbleUpon\",\"Digg\",\"Reddit\",\"Bebo\",\"Delicious\",\"QZone\",\"Renren\",\"Email\");var hupso_icon_type = \"labels\";var hupso_background=\"#3BF8FF\";var hupso_border=\"#FF2B0A\";var hupso_image_folder_url = \"\";var hupso_url=\"\";var hupso_title=\"Nielegalny%20wy%C5%9Bcig%20na%20S7.%20Dw%C3%B3ch%20kierowc%C3%B3w%20odpowie%20za%20przest%C4%99pstwo\";<\/script><script type=\"text\/javascript\" src=\"http:\/\/static.hupso.com\/share\/js\/share.js\"><\/script><!-- Hupso Share Buttons --><\/div>","protected":false},"excerpt":{"rendered":"<p>W sobotni wiecz\u00f3r, 22 marca, policjanci Wydzia\u0142u Ruchu Drogowego Komendy Powiatowej Policji w M\u0142awie, podczas patrolu drogi ekspresowej S7, zatrzymali dw\u00f3ch kieruj\u0105cych, kt\u00f3rzy urz\u0105dzili sobie nielegalny wy\u015bcig. M\u0119\u017cczy\u017ani, jad\u0105c Audi&hellip; <\/p>\n<div style=\"padding-bottom:20px; padding-top:10px;\" class=\"hupso-share-buttons\"><!-- Hupso Share Buttons - https:\/\/www.hupso.com\/share\/ --><a class=\"hupso_pop\" href=\"https:\/\/www.hupso.com\/share\/\"><img data-src=\"http:\/\/static.hupso.com\/share\/buttons\/button100x23.png\" style=\"border:0px; width:100; height: 23; \" alt=\"Share Button\" src=\"data:image\/svg+xml;base64,PHN2ZyB3aWR0aD0iMSIgaGVpZ2h0PSIxIiB4bWxucz0iaHR0cDovL3d3dy53My5vcmcvMjAwMC9zdmciPjwvc3ZnPg==\" class=\"lazyload\" \/><\/a><script type=\"text\/javascript\">var hupso_services=new Array(\"Twitter\",\"Facebook\",\"Pinterest\",\"Linkedin\",\"Tumblr\",\"StumbleUpon\",\"Digg\",\"Reddit\",\"Bebo\",\"Delicious\",\"QZone\",\"Renren\",\"Email\");var hupso_icon_type = \"labels\";var hupso_background=\"#3BF8FF\";var hupso_border=\"#FF2B0A\";var hupso_image_folder_url = \"\";var hupso_url=\"\";var hupso_title=\"Nielegalny%20wy%C5%9Bcig%20na%20S7.%20Dw%C3%B3ch%20kierowc%C3%B3w%20odpowie%20za%20przest%C4%99pstwo\";<\/script><script type=\"text\/javascript\" src=\"http:\/\/static.hupso.com\/share\/js\/share.js\"><\/script><!-- Hupso Share Buttons --><\/div>","protected":false},"author":1,"featured_media":14065,"comment_status":"open","ping_status":"open","sticky":false,"template":"","format":"standard","meta":{"_acf_changed":false,"wprm-recipe-roundup-name":"","wprm-recipe-roundup-description":"","footnotes":""},"categories":[19,5,28],"tags":[],"class_list":["post-14064","post","type-post","status-publish","format-standard","has-post-thumbnail","hentry","category-aktualnosci","category-na-sygnale","category-wyd"],"acf":[],"amp_enabled":true,"_links":{"self":[{"href":"http:\/\/portalm\u0142awa.pl\/index.php?rest_route=\/wp\/v2\/posts\/14064","targetHints":{"allow":["GET"]}}],"collection":[{"href":"http:\/\/portalm\u0142awa.pl\/index.php?rest_route=\/wp\/v2\/posts"}],"about":[{"href":"http:\/\/portalm\u0142awa.pl\/index.php?rest_route=\/wp\/v2\/types\/post"}],"author":[{"embeddable":true,"href":"http:\/\/portalm\u0142awa.pl\/index.php?rest_route=\/wp\/v2\/users\/1"}],"replies":[{"embeddable":true,"href":"http:\/\/portalm\u0142awa.pl\/index.php?rest_route=%2Fwp%2Fv2%2Fcomments&post=14064"}],"version-history":[{"count":1,"href":"http:\/\/portalm\u0142awa.pl\/index.php?rest_route=\/wp\/v2\/posts\/14064\/revisions"}],"predecessor-version":[{"id":14066,"href":"http:\/\/portalm\u0142awa.pl\/index.php?rest_route=\/wp\/v2\/posts\/14064\/revisions\/14066"}],"wp:featuredmedia":[{"embeddable":true,"href":"http:\/\/portalm\u0142awa.pl\/index.php?rest_route=\/wp\/v2\/media\/14065"}],"wp:attachment":[{"href":"http:\/\/portalm\u0142awa.pl\/index.php?rest_route=%2Fwp%2Fv2%2Fmedia&parent=14064"}],"wp:term":[{"taxonomy":"category","embeddable":true,"href":"http:\/\/portalm\u0142awa.pl\/index.php?rest_route=%2Fwp%2Fv2%2Fcategories&post=14064"},{"taxonomy":"post_tag","embeddable":true,"href":"http:\/\/portalm\u0142awa.pl\/index.php?rest_route=%2Fwp%2Fv2%2Ftags&post=14064"}],"curies":[{"name":"wp","href":"https:\/\/api.w.org\/{rel}","templated":true}]}}