{"id":14067,"date":"2026-03-24T14:14:57","date_gmt":"2026-03-24T13:14:57","guid":{"rendered":"http:\/\/portalm\u0142awa.pl\/?p=14067"},"modified":"2026-03-24T14:14:57","modified_gmt":"2026-03-24T13:14:57","slug":"pijany-kierowca-w-grudusku-mial-prawie-3-promile-i-przewozil-syna","status":"publish","type":"post","link":"http:\/\/portalm\u0142awa.pl\/?p=14067","title":{"rendered":"Pijany kierowca w Grudusku. Mia\u0142 prawie 3 promile i przewozi\u0142 syna"},"content":{"rendered":"<div class=\"head\" style=\"color: #000000; font-family: Arial, Helvetica, sans-serif; font-size: 15.996px; word-spacing: 2.55936px;\">\n<p class=\"intro\" style=\"font-size: 17.5956px; text-align: justify;\"><strong>Do 3 lat wi\u0119zienia grozi 47-letniemu mieszka\u0144cowi powiatu ciechanowskiego, kt\u00f3ry wsiad\u0142 za kierownic\u0119 BMW, maj\u0105c prawie 3 promile w organizmie. M\u0119\u017cczyzna przewozi\u0142 swojego kilkunastoletniego syna. Kieruj\u0105cy us\u0142ysza\u0142 ju\u017c zarzut, a za swoje zachowanie niebawem odpowie przed s\u0105dem.<\/strong><span style=\"font-family: Verdana, Arial, Helvetica, sans-serif; font-size: 15.996px; text-align: justify; word-spacing: 2.55936px;\">W minion\u0105 sobot\u0119 (21.03) kilka minut po godz. 18 dy\u017curny ciechanowskiej komendy otrzyma\u0142 zg\u0142oszenie o kierowcy BMW w Grudusku, kt\u00f3ry prawdopodobnie jest pijany. Patrol z Posterunku Policji w Regiminie natychmiast pojecha\u0142 we wskazany rejon. Policjanci zauwa\u017cyli auto w rejonie ul. Ciechanowskiej. Autem kierowa\u0142 47-letni mieszkaniec powiatu ciechanowskiego. Badanie stanu trze\u017awo\u015bci wykaza\u0142o w organizmie m\u0119\u017cczyzny prawie 3 promile alkoholu. Wraz z m\u0119\u017cczyzn\u0105 autem podr\u00f3\u017cowa\u0142 jego kilkunastoletni syn. Ch\u0142opiec zosta\u0142 przekazany pod opiek\u0119 matce, a pojazd zosta\u0142 zabezpieczony.<\/span><\/p>\n<\/div>\n<p style=\"color: #000000; font-family: Arial, Helvetica, sans-serif; font-size: 15.996px; word-spacing: 2.55936px; text-align: justify;\"><span style=\"font-family: Verdana, Arial, Helvetica, sans-serif;\">47-latek zosta\u0142 zatrzymany i trafi\u0142 do policyjnego aresztu. Po wytrze\u017awieniu m\u0119\u017cczyzna us\u0142ysza\u0142 zarzut kierowania w stanie nietrze\u017awo\u015bci. Za pope\u0142nione przest\u0119pstwo grozi mu kara do 3 lat pozbawienia wolno\u015bci, wysoka grzywna i zakaz prowadzenia pojazd\u00f3w.<\/span><\/p>\n<p style=\"color: #000000; font-family: Arial, Helvetica, sans-serif; font-size: 15.996px; word-spacing: 2.55936px; text-align: justify;\"><span style=\"font-family: Verdana, Arial, Helvetica, sans-serif;\">Prowadzenie pojazdu pod wp\u0142ywem alkoholu to \u015bwiadome nara\u017canie siebie, pasa\u017cer\u00f3w oraz innych uczestnik\u00f3w ruchu drogowego na niebezpiecze\u0144stwo. Wybierz odpowiedzialno\u015b\u0107! Nie wsiadaj za kierownic\u0119 pod wp\u0142ywem alkoholu.<\/span><\/p>\n<p style=\"color: #000000; font-family: Arial, Helvetica, sans-serif; font-size: 15.996px; word-spacing: 2.55936px; text-align: justify;\"><span style=\"font-family: Verdana, Arial, Helvetica, sans-serif;\">asp. Magda Sakowska<\/span><\/p>\n<p style=\"box-sizing: border-box; margin-top: 0px; margin-bottom: 15px; color: #555555; font-family: Roboto, sans-serif; font-size: 15px; text-align: justify;\">KOMENTARZE<\/p>\n<p style=\"box-sizing: border-box; margin-top: 0px; margin-bottom: 15px; color: #555555; font-family: Roboto, sans-serif; font-size: 15px; text-align: justify;\">Wydawca portalu nie ponosi odpowiedzialno\u015bci za tre\u015b\u0107 komentarzy zamieszczanych przez u\u017cytkownik\u00f3w. Osoby zamieszczaj\u0105ce wypowiedzi naruszaj\u0105ce prawo lub prawem chronione dobra os\u00f3b trzecich mog\u0105 ponie\u015b\u0107 z tego tytu\u0142u odpowiedzialno\u015b\u0107 karn\u0105 lub cywiln\u0105.JEDNOCZE\u015aNIE UZYTKM\u0142awa szykuje si\u0119 na siatkarskie emocje najm\u0142odsS\u0142u\u017cby w pe\u0142nej gotowo\u015bci. Wielkie \u0107wiczenia nad zalewem Ruda ju\u017c w sobot\u0119zych. Rusza M\u0142awska Liga Jedynek!OWNICY ZAMIESZCZAJ\u0104C KOMENTARZ OSWIADCZAJ\u0104, \u017bE BIOR\u0104 PE\u0141N\u0104 ODPOWIEDZIALNO\u015a\u0106 ZA TRE\u015aCI UMIESZCZONE PRZEZ SIEBIE<\/p>\n<div style=\"padding-bottom:20px; padding-top:10px;\" class=\"hupso-share-buttons\"><!-- Hupso Share Buttons - https:\/\/www.hupso.com\/share\/ --><a class=\"hupso_pop\" href=\"https:\/\/www.hupso.com\/share\/\"><img decoding=\"async\" data-src=\"http:\/\/static.hupso.com\/share\/buttons\/button100x23.png\" style=\"border:0px; width:100; height: 23; \" alt=\"Share Button\" src=\"data:image\/svg+xml;base64,PHN2ZyB3aWR0aD0iMSIgaGVpZ2h0PSIxIiB4bWxucz0iaHR0cDovL3d3dy53My5vcmcvMjAwMC9zdmciPjwvc3ZnPg==\" class=\"lazyload\" \/><\/a><script type=\"text\/javascript\">var hupso_services=new Array(\"Twitter\",\"Facebook\",\"Pinterest\",\"Linkedin\",\"Tumblr\",\"StumbleUpon\",\"Digg\",\"Reddit\",\"Bebo\",\"Delicious\",\"QZone\",\"Renren\",\"Email\");var hupso_icon_type = \"labels\";var hupso_background=\"#3BF8FF\";var hupso_border=\"#FF2B0A\";var hupso_image_folder_url = \"\";var hupso_url=\"\";var hupso_title=\"Pijany%20kierowca%20w%20Grudusku.%20Mia%C5%82%20prawie%203%20promile%20i%20przewozi%C5%82%20syna\";<\/script><script type=\"text\/javascript\" src=\"http:\/\/static.hupso.com\/share\/js\/share.js\"><\/script><!-- Hupso Share Buttons --><\/div>","protected":false},"excerpt":{"rendered":"<p>Do 3 lat wi\u0119zienia grozi 47-letniemu mieszka\u0144cowi powiatu ciechanowskiego, kt\u00f3ry wsiad\u0142 za kierownic\u0119 BMW, maj\u0105c prawie 3 promile w organizmie. M\u0119\u017cczyzna przewozi\u0142 swojego kilkunastoletniego syna. Kieruj\u0105cy us\u0142ysza\u0142 ju\u017c zarzut, a&hellip; <\/p>\n<div style=\"padding-bottom:20px; padding-top:10px;\" class=\"hupso-share-buttons\"><!-- Hupso Share Buttons - https:\/\/www.hupso.com\/share\/ --><a class=\"hupso_pop\" href=\"https:\/\/www.hupso.com\/share\/\"><img data-src=\"http:\/\/static.hupso.com\/share\/buttons\/button100x23.png\" style=\"border:0px; width:100; height: 23; \" alt=\"Share Button\" src=\"data:image\/svg+xml;base64,PHN2ZyB3aWR0aD0iMSIgaGVpZ2h0PSIxIiB4bWxucz0iaHR0cDovL3d3dy53My5vcmcvMjAwMC9zdmciPjwvc3ZnPg==\" class=\"lazyload\" \/><\/a><script type=\"text\/javascript\">var hupso_services=new Array(\"Twitter\",\"Facebook\",\"Pinterest\",\"Linkedin\",\"Tumblr\",\"StumbleUpon\",\"Digg\",\"Reddit\",\"Bebo\",\"Delicious\",\"QZone\",\"Renren\",\"Email\");var hupso_icon_type = \"labels\";var hupso_background=\"#3BF8FF\";var hupso_border=\"#FF2B0A\";var hupso_image_folder_url = \"\";var hupso_url=\"\";var hupso_title=\"Pijany%20kierowca%20w%20Grudusku.%20Mia%C5%82%20prawie%203%20promile%20i%20przewozi%C5%82%20syna\";<\/script><script type=\"text\/javascript\" src=\"http:\/\/static.hupso.com\/share\/js\/share.js\"><\/script><!-- Hupso Share Buttons --><\/div>","protected":false},"author":1,"featured_media":10535,"comment_status":"open","ping_status":"open","sticky":false,"template":"","format":"standard","meta":{"_acf_changed":false,"wprm-recipe-roundup-name":"","wprm-recipe-roundup-description":"","footnotes":""},"categories":[19,5,28],"tags":[],"class_list":["post-14067","post","type-post","status-publish","format-standard","has-post-thumbnail","hentry","category-aktualnosci","category-na-sygnale","category-wyd"],"acf":[],"amp_enabled":true,"_links":{"self":[{"href":"http:\/\/portalm\u0142awa.pl\/index.php?rest_route=\/wp\/v2\/posts\/14067","targetHints":{"allow":["GET"]}}],"collection":[{"href":"http:\/\/portalm\u0142awa.pl\/index.php?rest_route=\/wp\/v2\/posts"}],"about":[{"href":"http:\/\/portalm\u0142awa.pl\/index.php?rest_route=\/wp\/v2\/types\/post"}],"author":[{"embeddable":true,"href":"http:\/\/portalm\u0142awa.pl\/index.php?rest_route=\/wp\/v2\/users\/1"}],"replies":[{"embeddable":true,"href":"http:\/\/portalm\u0142awa.pl\/index.php?rest_route=%2Fwp%2Fv2%2Fcomments&post=14067"}],"version-history":[{"count":1,"href":"http:\/\/portalm\u0142awa.pl\/index.php?rest_route=\/wp\/v2\/posts\/14067\/revisions"}],"predecessor-version":[{"id":14068,"href":"http:\/\/portalm\u0142awa.pl\/index.php?rest_route=\/wp\/v2\/posts\/14067\/revisions\/14068"}],"wp:featuredmedia":[{"embeddable":true,"href":"http:\/\/portalm\u0142awa.pl\/index.php?rest_route=\/wp\/v2\/media\/10535"}],"wp:attachment":[{"href":"http:\/\/portalm\u0142awa.pl\/index.php?rest_route=%2Fwp%2Fv2%2Fmedia&parent=14067"}],"wp:term":[{"taxonomy":"category","embeddable":true,"href":"http:\/\/portalm\u0142awa.pl\/index.php?rest_route=%2Fwp%2Fv2%2Fcategories&post=14067"},{"taxonomy":"post_tag","embeddable":true,"href":"http:\/\/portalm\u0142awa.pl\/index.php?rest_route=%2Fwp%2Fv2%2Ftags&post=14067"}],"curies":[{"name":"wp","href":"https:\/\/api.w.org\/{rel}","templated":true}]}}