{"id":14069,"date":"2026-03-24T22:47:21","date_gmt":"2026-03-24T21:47:21","guid":{"rendered":"http:\/\/portalm\u0142awa.pl\/?p=14069"},"modified":"2026-03-24T22:47:21","modified_gmt":"2026-03-24T21:47:21","slug":"mlawska-mlodziez-rozbila-bank-w-warszawie-8-medali-i-lawina-rekordow","status":"publish","type":"post","link":"http:\/\/portalm\u0142awa.pl\/?p=14069","title":{"rendered":"M\u0142awska m\u0142odzie\u017c rozbi\u0142a bank w Warszawie! 8 medali i lawina rekord\u00f3w"},"content":{"rendered":"<p style=\"text-align: justify;\">To mia\u0142 by\u0107 zwyk\u0142y start kontrolny. Sko\u0144czy\u0142o si\u0119 pokazem si\u0142y, charakteru i sportowego g\u0142odu zwyci\u0119stwa. W niedziel\u0119, 22 marca, m\u0142odzi lekkoatleci z KS Zawkrze M\u0142awa wpadli do hali Hala Lekkoatletyczna AWF i\u2026 zostawili po sobie \u015blad, kt\u00f3rego nie da si\u0119 zignorowa\u0107.<\/p>\n<p style=\"text-align: justify;\">Druga runda Warszawska Liga Biegowa mia\u0142a by\u0107 kolejnym krokiem w sezonie. Tymczasem dla zawodnik\u00f3w z M\u0142awy sta\u0142a si\u0119 prawdziw\u0105 eksplozj\u0105 formy.<\/p>\n<p style=\"text-align: justify;\">\ud83c\udfaf Bilans? Imponuj\u0105cy:<\/p>\n<p style=\"text-align: justify;\">\ud83e\udd47\ud83e\udd48\ud83e\udd49 8 medali<\/p>\n<p style=\"text-align: justify;\">\ud83d\udcc8 11 rekord\u00f3w \u017cyciowych<\/p>\n<p style=\"text-align: justify;\">To nie s\u0105 liczby. To sygna\u0142. Sygna\u0142, \u017ce w M\u0142awie ro\u015bnie pokolenie, kt\u00f3re nie boi si\u0119 wielkich scen.<\/p>\n<p style=\"text-align: justify;\">\u00a0<strong>Gwiazdy dnia \u2013 szybko\u015b\u0107, wytrzyma\u0142o\u015b\u0107 i serce do walki<\/strong><\/p>\n<p style=\"text-align: justify;\">Na kr\u00f3tkich dystansach b\u0142yszcza\u0142 Franciszek Bucholski \u2013 absolutny dominator kategorii U14. Najpierw wygra\u0142 60 metr\u00f3w (7.77 PB), potem do\u0142o\u017cy\u0142 zwyci\u0119stwo na 300 metr\u00f3w (43.71 PB). Dwa starty, dwa z\u0142ota. Perfekcja.<\/p>\n<p style=\"text-align: justify;\">Nie mniej imponuj\u0105cy by\u0142 Jakub R\u00f3\u017cycki \u2013 srebro na 60 m (8.06 PB) i z\u0142oto na 600 m (1:48.20 PB). Wszechstronno\u015b\u0107, kt\u00f3ra budzi respekt.<\/p>\n<p style=\"text-align: justify;\">Na podium meldowali si\u0119 tak\u017ce:<\/p>\n<p style=\"text-align: justify;\">\ud83e\udd49 Maria Bucholska \u2013 3. miejsce na 60 m (U12)<\/p>\n<p style=\"text-align: justify;\">\ud83e\udd48 Kacper G\u00f3rski \u2013 2. miejsce na 600 m, mimo urazu!<\/p>\n<p style=\"text-align: justify;\">\ud83e\udd48 Alicja Bogulas \u2013 \u015bwietny bieg na 300 m<\/p>\n<p style=\"text-align: justify;\">\ud83e\udd49 Aleksandra Krystkiewicz \u2013 podium w starszej kategorii U16<\/p>\n<p style=\"text-align: justify;\">Ka\u017cdy medal to osobna historia. Ka\u017cdy rekord \u017cyciowy to dow\u00f3d, \u017ce trening, pot i determinacja przynosz\u0105 efekty.<\/p>\n<p style=\"text-align: justify;\">\u00a0<strong>Dru\u017cyna, kt\u00f3ra ro\u015bnie w si\u0142\u0119<\/strong><\/p>\n<p style=\"text-align: justify;\">O\u015bmioosobowa ekipa prowadzona przez trener\u00f3w Krzysztofa Koziatka i Adama Szyma\u0144skiego pokaza\u0142a co\u015b wi\u0119cej ni\u017c tylko wyniki. Pokaza\u0142a mentalno\u015b\u0107 zwyci\u0119zc\u00f3w.<\/p>\n<p style=\"text-align: justify;\">Bo kiedy:<\/p>\n<p style=\"text-align: justify;\">&#8211; zawodnik startuje z b\u00f3lem i zdobywa medal,<\/p>\n<p style=\"text-align: justify;\">&#8211; m\u0142odsze roczniki bij\u0105 rekordy \u017cyciowe,<\/p>\n<p style=\"text-align: justify;\">&#8211; a niemal ka\u017cdy wraca z \u017cyci\u00f3wk\u0105\u2026<\/p>\n<p style=\"text-align: justify;\">to nie jest przypadek. To system. To praca. To wizja.<\/p>\n<p style=\"text-align: justify;\"><strong>M\u0142awa patrzy w przysz\u0142o\u015b\u0107<\/strong><\/p>\n<p style=\"text-align: justify;\">Ten start to nie tylko sukces dnia. To zapowied\u017a czego\u015b wi\u0119kszego. Formy, kt\u00f3ra ro\u015bnie z tygodnia na tydzie\u0144. Ambicji, kt\u00f3ra nie zna granic.<\/p>\n<p style=\"text-align: justify;\">Je\u015bli kto\u015b jeszcze nie zwraca\u0142 uwagi na KS Zawkrze M\u0142awa \u2013 w\u0142a\u015bnie nadszed\u0142 moment, by zacz\u0105\u0107.<\/p>\n<p style=\"text-align: justify;\">Bo z takich wynik\u00f3w rodz\u0105 si\u0119 przyszli mistrzowie.<\/p>\n<p style=\"text-align: justify;\">T.B fot KS Zawkrze<\/p>\n<p style=\"box-sizing: border-box; margin-top: 0px; margin-bottom: 15px; color: #555555; font-family: Roboto, sans-serif; font-size: 15px; text-align: justify;\">KOMENTARZE<\/p>\n<p style=\"box-sizing: border-box; margin-top: 0px; margin-bottom: 15px; color: #555555; font-family: Roboto, sans-serif; font-size: 15px; text-align: justify;\">Wydawca portalu nie ponosi odpowiedzialno\u015bci za tre\u015b\u0107 komentarzy zamieszczanych przez u\u017cytkownik\u00f3w. Osoby zamieszczaj\u0105ce wypowiedzi naruszaj\u0105ce prawo lub prawem chronione dobra os\u00f3b trzecich mog\u0105 ponie\u015b\u0107 z tego tytu\u0142u odpowiedzialno\u015b\u0107 karn\u0105 lub cywiln\u0105.JEDNOCZE\u015aNIE UZYTKM\u0142awa szykuje si\u0119 na siatkarskie emocje najm\u0142odsS\u0142u\u017cby w pe\u0142nej gotowo\u015bci. Wielkie \u0107wiczenia nad zalewem Ruda ju\u017c w sobot\u0119zych. Rusza M\u0142awska Liga Jedynek!OWNICY ZAMIESZCZAJ\u0104C KOMENTARZ OSWIADCZAJ\u0104, \u017bE BIOR\u0104 PE\u0141N\u0104 ODPOWIEDZIALNO\u015a\u0106 ZA TRE\u015aCI UMIESZCZONE PRZEZ SIEBIE<\/p>\n<div style=\"padding-bottom:20px; padding-top:10px;\" class=\"hupso-share-buttons\"><!-- Hupso Share Buttons - https:\/\/www.hupso.com\/share\/ --><a class=\"hupso_pop\" href=\"https:\/\/www.hupso.com\/share\/\"><img decoding=\"async\" data-src=\"http:\/\/static.hupso.com\/share\/buttons\/button100x23.png\" style=\"border:0px; width:100; height: 23; \" alt=\"Share Button\" src=\"data:image\/svg+xml;base64,PHN2ZyB3aWR0aD0iMSIgaGVpZ2h0PSIxIiB4bWxucz0iaHR0cDovL3d3dy53My5vcmcvMjAwMC9zdmciPjwvc3ZnPg==\" class=\"lazyload\" \/><\/a><script type=\"text\/javascript\">var hupso_services=new Array(\"Twitter\",\"Facebook\",\"Pinterest\",\"Linkedin\",\"Tumblr\",\"StumbleUpon\",\"Digg\",\"Reddit\",\"Bebo\",\"Delicious\",\"QZone\",\"Renren\",\"Email\");var hupso_icon_type = \"labels\";var hupso_background=\"#3BF8FF\";var hupso_border=\"#FF2B0A\";var hupso_image_folder_url = \"\";var hupso_url=\"\";var hupso_title=\"M%C5%82awska%20m%C5%82odzie%C5%BC%20rozbi%C5%82a%20bank%20w%20Warszawie%21%208%20medali%20i%20lawina%20rekord%C3%B3w\";<\/script><script type=\"text\/javascript\" src=\"http:\/\/static.hupso.com\/share\/js\/share.js\"><\/script><!-- Hupso Share Buttons --><\/div>","protected":false},"excerpt":{"rendered":"<p>To mia\u0142 by\u0107 zwyk\u0142y start kontrolny. Sko\u0144czy\u0142o si\u0119 pokazem si\u0142y, charakteru i sportowego g\u0142odu zwyci\u0119stwa. W niedziel\u0119, 22 marca, m\u0142odzi lekkoatleci z KS Zawkrze M\u0142awa wpadli do hali Hala Lekkoatletyczna&hellip; <\/p>\n<div style=\"padding-bottom:20px; padding-top:10px;\" class=\"hupso-share-buttons\"><!-- Hupso Share Buttons - https:\/\/www.hupso.com\/share\/ --><a class=\"hupso_pop\" href=\"https:\/\/www.hupso.com\/share\/\"><img data-src=\"http:\/\/static.hupso.com\/share\/buttons\/button100x23.png\" style=\"border:0px; width:100; height: 23; \" alt=\"Share Button\" src=\"data:image\/svg+xml;base64,PHN2ZyB3aWR0aD0iMSIgaGVpZ2h0PSIxIiB4bWxucz0iaHR0cDovL3d3dy53My5vcmcvMjAwMC9zdmciPjwvc3ZnPg==\" class=\"lazyload\" \/><\/a><script type=\"text\/javascript\">var hupso_services=new Array(\"Twitter\",\"Facebook\",\"Pinterest\",\"Linkedin\",\"Tumblr\",\"StumbleUpon\",\"Digg\",\"Reddit\",\"Bebo\",\"Delicious\",\"QZone\",\"Renren\",\"Email\");var hupso_icon_type = \"labels\";var hupso_background=\"#3BF8FF\";var hupso_border=\"#FF2B0A\";var hupso_image_folder_url = \"\";var hupso_url=\"\";var hupso_title=\"M%C5%82awska%20m%C5%82odzie%C5%BC%20rozbi%C5%82a%20bank%20w%20Warszawie%21%208%20medali%20i%20lawina%20rekord%C3%B3w\";<\/script><script type=\"text\/javascript\" src=\"http:\/\/static.hupso.com\/share\/js\/share.js\"><\/script><!-- Hupso Share Buttons --><\/div>","protected":false},"author":1,"featured_media":14070,"comment_status":"open","ping_status":"open","sticky":false,"template":"","format":"standard","meta":{"_acf_changed":false,"wprm-recipe-roundup-name":"","wprm-recipe-roundup-description":"","footnotes":""},"categories":[19,4,28],"tags":[],"class_list":["post-14069","post","type-post","status-publish","format-standard","has-post-thumbnail","hentry","category-aktualnosci","category-spo","category-wyd"],"acf":[],"amp_enabled":true,"_links":{"self":[{"href":"http:\/\/portalm\u0142awa.pl\/index.php?rest_route=\/wp\/v2\/posts\/14069","targetHints":{"allow":["GET"]}}],"collection":[{"href":"http:\/\/portalm\u0142awa.pl\/index.php?rest_route=\/wp\/v2\/posts"}],"about":[{"href":"http:\/\/portalm\u0142awa.pl\/index.php?rest_route=\/wp\/v2\/types\/post"}],"author":[{"embeddable":true,"href":"http:\/\/portalm\u0142awa.pl\/index.php?rest_route=\/wp\/v2\/users\/1"}],"replies":[{"embeddable":true,"href":"http:\/\/portalm\u0142awa.pl\/index.php?rest_route=%2Fwp%2Fv2%2Fcomments&post=14069"}],"version-history":[{"count":1,"href":"http:\/\/portalm\u0142awa.pl\/index.php?rest_route=\/wp\/v2\/posts\/14069\/revisions"}],"predecessor-version":[{"id":14071,"href":"http:\/\/portalm\u0142awa.pl\/index.php?rest_route=\/wp\/v2\/posts\/14069\/revisions\/14071"}],"wp:featuredmedia":[{"embeddable":true,"href":"http:\/\/portalm\u0142awa.pl\/index.php?rest_route=\/wp\/v2\/media\/14070"}],"wp:attachment":[{"href":"http:\/\/portalm\u0142awa.pl\/index.php?rest_route=%2Fwp%2Fv2%2Fmedia&parent=14069"}],"wp:term":[{"taxonomy":"category","embeddable":true,"href":"http:\/\/portalm\u0142awa.pl\/index.php?rest_route=%2Fwp%2Fv2%2Fcategories&post=14069"},{"taxonomy":"post_tag","embeddable":true,"href":"http:\/\/portalm\u0142awa.pl\/index.php?rest_route=%2Fwp%2Fv2%2Ftags&post=14069"}],"curies":[{"name":"wp","href":"https:\/\/api.w.org\/{rel}","templated":true}]}}