{"id":14097,"date":"2026-03-25T18:47:41","date_gmt":"2026-03-25T17:47:41","guid":{"rendered":"http:\/\/portalm\u0142awa.pl\/?p=14097"},"modified":"2026-03-25T18:47:41","modified_gmt":"2026-03-25T17:47:41","slug":"mlodziez-wykazuje-inicjatywe-iv-sesja-mlodziezowej-rady-powiatu-mlawskiego-z-konkretna-decyzja","status":"publish","type":"post","link":"http:\/\/portalm\u0142awa.pl\/?p=14097","title":{"rendered":"M\u0142odzie\u017c wykazuje inicjatyw\u0119 \u2013 IV Sesja M\u0142odzie\u017cowej Rady Powiatu M\u0142awskiego z konkretn\u0105 decyzj\u0105"},"content":{"rendered":"<p style=\"text-align: justify;\">W sali konferencyjnej Starostwa Powiatowego w M\u0142awie odby\u0142a si\u0119 IV Sesja M\u0142odzie\u017cowej Rady Powiatu M\u0142awskiego \u2013 spotkanie, kt\u00f3re pokazuje, \u017ce m\u0142odzi radni nie ograniczaj\u0105 si\u0119 jedynie do formalnych obrad, ale realnie wp\u0142ywaj\u0105 na kszta\u0142towanie lokalnej przestrzeni spo\u0142ecznej.<\/p>\n<p style=\"text-align: justify;\">To w\u0142a\u015bnie tam zapad\u0142a decyzja, kt\u00f3ra mo\u017ce mie\u0107 znaczenie nie tylko symboliczne, ale i wizerunkowe dla ca\u0142ej m\u0142odzie\u017cowej wsp\u00f3lnoty powiatu. Radni przyj\u0119li uchwa\u0142\u0119 dotycz\u0105c\u0105 organizacji konkursu na stworzenie oficjalnego logo M\u0142odzie\u017cowej Rady Powiatu M\u0142awskiego oraz zatwierdzili jego regulamin.<\/p>\n<p style=\"text-align: justify;\">Cho\u0107 na pierwszy rzut oka mo\u017ce wydawa\u0107 si\u0119 to dzia\u0142aniem technicznym, w praktyce jest to krok w stron\u0119 budowania to\u017csamo\u015bci i rozpoznawalno\u015bci m\u0142odzie\u017cowego samorz\u0105du. Logo stanie si\u0119 wizualnym znakiem reprezentuj\u0105cym aktywno\u015b\u0107 m\u0142odych ludzi w \u017cyciu publicznym \u2013 zar\u00f3wno w materia\u0142ach promocyjnych, jak i podczas wydarze\u0144 czy inicjatyw lokalnych.<\/p>\n<p style=\"text-align: justify;\">Takie dzia\u0142ania wpisuj\u0105 si\u0119 w szerszy trend funkcjonowania m\u0142odzie\u017cowych rad w Polsce, kt\u00f3re coraz cz\u0119\u015bciej inicjuj\u0105 w\u0142asne projekty spo\u0142eczne, edukacyjne i kulturalne, pe\u0142ni\u0105c rol\u0119 nie tylko doradcz\u0105, ale tak\u017ce kreatywn\u0105 i organizacyjn\u0105. Podobne inicjatywy, jak konkursy na identyfikacj\u0119 wizualn\u0105, s\u0105 jednym z narz\u0119dzi anga\u017cowania m\u0142odych mieszka\u0144c\u00f3w w \u017cycie samorz\u0105dowe i rozwijania ich kompetencji obywatelskich. \ufffd<\/p>\n<p style=\"text-align: justify;\">Powiat Policki<\/p>\n<p style=\"text-align: justify;\">Decyzja podj\u0119ta podczas sesji to tak\u017ce sygna\u0142, \u017ce m\u0142odzie\u017cowa rada konsekwentnie buduje swoj\u0105 obecno\u015b\u0107 i chce by\u0107 postrzegana jako aktywny uczestnik lokalnej debaty publicznej, a nie jedynie formalny organ doradczy.<\/p>\n<p style=\"text-align: justify;\">Konkurs na logo ma dodatkowy wymiar \u2013 otwiera przestrze\u0144 dla kreatywnych mieszka\u0144c\u00f3w powiatu, kt\u00f3rzy poprzez swoj\u0105 tw\u00f3rczo\u015b\u0107 b\u0119d\u0105 mogli wsp\u00f3\u0142tworzy\u0107 symbol reprezentuj\u0105cy m\u0142ode pokolenie M\u0142awy i okolic.<\/p>\n<p style=\"text-align: justify;\">IV Sesja pokaza\u0142a jedno: m\u0142odzi radni nie tylko dyskutuj\u0105, ale podejmuj\u0105 konkretne dzia\u0142ania, kt\u00f3re przek\u0142adaj\u0105 si\u0119 na realne inicjatywy. A to dopiero pocz\u0105tek ich kadencji i \u2013 jak pokazuj\u0105 ich pierwsze decyzje \u2013 pocz\u0105tek aktywnej obecno\u015bci w \u017cyciu powiatu.<\/p>\n<p>Tre\u015b\u0107 uchwa\u0142y dost\u0119pna jest pod linkiem \ud83d\udc47<\/p>\n<p>https:\/\/www.powiatmlawski.pl\/3125,aktualnosci?tresc=39451<\/p>\n<p style=\"text-align: justify;\">T.B fot powiatmlawski.pl<\/p>\n<p style=\"box-sizing: border-box; margin-top: 0px; margin-bottom: 15px; color: #555555; font-family: Roboto, sans-serif; font-size: 15px; text-align: justify;\"><span style=\"box-sizing: border-box; font-weight: bolder;\">KOMENTARZE<\/span><\/p>\n<p style=\"box-sizing: border-box; margin-top: 0px; margin-bottom: 15px; color: #555555; font-family: Roboto, sans-serif; font-size: 15px; text-align: justify;\"><em style=\"box-sizing: border-box;\">Wydawca portalu nie ponosi odpowiedzialno\u015bci za tre\u015b\u0107 komentarzy zamieszczanych przez u\u017cytkownik\u00f3w. Osoby zamieszczaj\u0105ce wypowiedzi naruszaj\u0105ce prawo lub prawem chronione dobra os\u00f3b trzecich mog\u0105 ponie\u015b\u0107 z tego tytu\u0142u odpowiedzialno\u015b\u0107 karn\u0105 lub cywiln\u0105.<\/em><span style=\"box-sizing: border-box; font-weight: bolder;\"><em style=\"box-sizing: border-box;\">JEDNOCZE\u015aNIE UZYTKOWNICY ZAMIESZCZAJ\u0104C KOMENTARZ OSWIADCZAJ\u0104, \u017bE BIOR\u0104 PE\u0141N\u0104 ODPOWIEDZIALNO\u015a\u0106 ZA TRE\u015aCI UMIESZCZONE PRZEZ SIEBIE<\/em><\/span><\/p>\n<div style=\"padding-bottom:20px; padding-top:10px;\" class=\"hupso-share-buttons\"><!-- Hupso Share Buttons - https:\/\/www.hupso.com\/share\/ --><a class=\"hupso_pop\" href=\"https:\/\/www.hupso.com\/share\/\"><img decoding=\"async\" data-src=\"http:\/\/static.hupso.com\/share\/buttons\/button100x23.png\" style=\"border:0px; width:100; height: 23; \" alt=\"Share Button\" src=\"data:image\/svg+xml;base64,PHN2ZyB3aWR0aD0iMSIgaGVpZ2h0PSIxIiB4bWxucz0iaHR0cDovL3d3dy53My5vcmcvMjAwMC9zdmciPjwvc3ZnPg==\" class=\"lazyload\" \/><\/a><script type=\"text\/javascript\">var hupso_services=new Array(\"Twitter\",\"Facebook\",\"Pinterest\",\"Linkedin\",\"Tumblr\",\"StumbleUpon\",\"Digg\",\"Reddit\",\"Bebo\",\"Delicious\",\"QZone\",\"Renren\",\"Email\");var hupso_icon_type = \"labels\";var hupso_background=\"#3BF8FF\";var hupso_border=\"#FF2B0A\";var hupso_image_folder_url = \"\";var hupso_url=\"\";var hupso_title=\"M%C5%82odzie%C5%BC%20wykazuje%20inicjatyw%C4%99%20%E2%80%93%20IV%20Sesja%20M%C5%82odzie%C5%BCowej%20Rady%20Powiatu%20M%C5%82awskiego%20z%20konkretn%C4%85%20decyzj%C4%85\";<\/script><script type=\"text\/javascript\" src=\"http:\/\/static.hupso.com\/share\/js\/share.js\"><\/script><!-- Hupso Share Buttons --><\/div>","protected":false},"excerpt":{"rendered":"<p>W sali konferencyjnej Starostwa Powiatowego w M\u0142awie odby\u0142a si\u0119 IV Sesja M\u0142odzie\u017cowej Rady Powiatu M\u0142awskiego \u2013 spotkanie, kt\u00f3re pokazuje, \u017ce m\u0142odzi radni nie ograniczaj\u0105 si\u0119 jedynie do formalnych obrad, ale&hellip; <\/p>\n<div style=\"padding-bottom:20px; padding-top:10px;\" class=\"hupso-share-buttons\"><!-- Hupso Share Buttons - https:\/\/www.hupso.com\/share\/ --><a class=\"hupso_pop\" href=\"https:\/\/www.hupso.com\/share\/\"><img data-src=\"http:\/\/static.hupso.com\/share\/buttons\/button100x23.png\" style=\"border:0px; width:100; height: 23; \" alt=\"Share Button\" src=\"data:image\/svg+xml;base64,PHN2ZyB3aWR0aD0iMSIgaGVpZ2h0PSIxIiB4bWxucz0iaHR0cDovL3d3dy53My5vcmcvMjAwMC9zdmciPjwvc3ZnPg==\" class=\"lazyload\" \/><\/a><script type=\"text\/javascript\">var hupso_services=new Array(\"Twitter\",\"Facebook\",\"Pinterest\",\"Linkedin\",\"Tumblr\",\"StumbleUpon\",\"Digg\",\"Reddit\",\"Bebo\",\"Delicious\",\"QZone\",\"Renren\",\"Email\");var hupso_icon_type = \"labels\";var hupso_background=\"#3BF8FF\";var hupso_border=\"#FF2B0A\";var hupso_image_folder_url = \"\";var hupso_url=\"\";var hupso_title=\"M%C5%82odzie%C5%BC%20wykazuje%20inicjatyw%C4%99%20%E2%80%93%20IV%20Sesja%20M%C5%82odzie%C5%BCowej%20Rady%20Powiatu%20M%C5%82awskiego%20z%20konkretn%C4%85%20decyzj%C4%85\";<\/script><script type=\"text\/javascript\" src=\"http:\/\/static.hupso.com\/share\/js\/share.js\"><\/script><!-- Hupso Share Buttons --><\/div>","protected":false},"author":1,"featured_media":14098,"comment_status":"open","ping_status":"open","sticky":false,"template":"","format":"standard","meta":{"_acf_changed":false,"wprm-recipe-roundup-name":"","wprm-recipe-roundup-description":"","footnotes":""},"categories":[19,28],"tags":[],"class_list":["post-14097","post","type-post","status-publish","format-standard","has-post-thumbnail","hentry","category-aktualnosci","category-wyd"],"acf":[],"amp_enabled":true,"_links":{"self":[{"href":"http:\/\/portalm\u0142awa.pl\/index.php?rest_route=\/wp\/v2\/posts\/14097","targetHints":{"allow":["GET"]}}],"collection":[{"href":"http:\/\/portalm\u0142awa.pl\/index.php?rest_route=\/wp\/v2\/posts"}],"about":[{"href":"http:\/\/portalm\u0142awa.pl\/index.php?rest_route=\/wp\/v2\/types\/post"}],"author":[{"embeddable":true,"href":"http:\/\/portalm\u0142awa.pl\/index.php?rest_route=\/wp\/v2\/users\/1"}],"replies":[{"embeddable":true,"href":"http:\/\/portalm\u0142awa.pl\/index.php?rest_route=%2Fwp%2Fv2%2Fcomments&post=14097"}],"version-history":[{"count":1,"href":"http:\/\/portalm\u0142awa.pl\/index.php?rest_route=\/wp\/v2\/posts\/14097\/revisions"}],"predecessor-version":[{"id":14099,"href":"http:\/\/portalm\u0142awa.pl\/index.php?rest_route=\/wp\/v2\/posts\/14097\/revisions\/14099"}],"wp:featuredmedia":[{"embeddable":true,"href":"http:\/\/portalm\u0142awa.pl\/index.php?rest_route=\/wp\/v2\/media\/14098"}],"wp:attachment":[{"href":"http:\/\/portalm\u0142awa.pl\/index.php?rest_route=%2Fwp%2Fv2%2Fmedia&parent=14097"}],"wp:term":[{"taxonomy":"category","embeddable":true,"href":"http:\/\/portalm\u0142awa.pl\/index.php?rest_route=%2Fwp%2Fv2%2Fcategories&post=14097"},{"taxonomy":"post_tag","embeddable":true,"href":"http:\/\/portalm\u0142awa.pl\/index.php?rest_route=%2Fwp%2Fv2%2Ftags&post=14097"}],"curies":[{"name":"wp","href":"https:\/\/api.w.org\/{rel}","templated":true}]}}