{"id":14101,"date":"2026-03-26T08:26:33","date_gmt":"2026-03-26T07:26:33","guid":{"rendered":"http:\/\/portalm\u0142awa.pl\/?p=14101"},"modified":"2026-03-26T08:41:51","modified_gmt":"2026-03-26T07:41:51","slug":"mazowsze-inwestuje-w-przyszlosc-wsi-radzanow-wsrod-beneficjentow","status":"publish","type":"post","link":"http:\/\/portalm\u0142awa.pl\/?p=14101","title":{"rendered":"Mazowsze inwestuje w przysz\u0142o\u015b\u0107 wsi. Radzan\u00f3w w\u015br\u00f3d beneficjent\u00f3w!"},"content":{"rendered":"<p style=\"text-align: justify;\">To nie s\u0105 tylko liczby w urz\u0119dowych tabelach. To realne zmiany, kt\u00f3re ju\u017c wkr\u00f3tce zobacz\u0105 mieszka\u0144cy. Gmina Radzan\u00f3w w\u0142a\u015bnie znalaz\u0142a si\u0119 na mapie inwestycji wspieranych przez Sejmik Wojew\u00f3dztwa Mazowieckiego \u2013 i to w dw\u00f3ch kluczowych programach, kt\u00f3re od lat nap\u0119dzaj\u0105 rozw\u00f3j lokalnych spo\u0142eczno\u015bci.<\/p>\n<p style=\"text-align: justify;\">\u00a0<strong>Dwa programy, jeden cel: lepsze \u017cycie mieszka\u0144c\u00f3w<\/strong><\/p>\n<p style=\"text-align: justify;\">Za sukcesem stoj\u0105 dwa filary wsparcia:<\/p>\n<p style=\"text-align: justify;\">\ud83d\udd39 Mazowiecki Instrument Aktywizacji So\u0142ectw (MIAS) \u2013 program, kt\u00f3ry daje impuls najmniejszym miejscowo\u015bciom, finansuj\u0105c konkretne, potrzebne inwestycje.<\/p>\n<p style=\"text-align: justify;\">\ud83d\udd39 Mazowsze dla lokalnych centr\u00f3w integracyjnych \u2013 inicjatywa, kt\u00f3ra stawia na budowanie wsp\u00f3lnoty i przestrzeni do spotka\u0144.<\/p>\n<p style=\"text-align: justify;\">To w\u0142a\u015bnie dzi\u0119ki nim Radzan\u00f3w mo\u017ce dzi\u015b m\u00f3wi\u0107 o realnym rozwoju \u2013 nie w teorii, ale w konkretnych dzia\u0142aniach.<\/p>\n<p style=\"text-align: justify;\">\u00a0<strong>Konkretne inwestycje \u2013 konkretne zmiany<\/strong><\/p>\n<p style=\"text-align: justify;\">Lista projekt\u00f3w robi wra\u017cenie, bo odpowiada na codzienne potrzeby mieszka\u0144c\u00f3w:<\/p>\n<p style=\"text-align: justify;\">\u2714\ufe0f Wr\u00f3blewo \u2013 monta\u017c o\u015bwietlenia solarnego (15 000 z\u0142)<\/p>\n<p style=\"text-align: justify;\">\u27a1\ufe0f Wi\u0119cej bezpiecze\u0144stwa po zmroku i nowoczesne, ekologiczne rozwi\u0105zania.<\/p>\n<p style=\"text-align: justify;\">\u2714\ufe0f Bo\u0144kowo Podle\u015bne \u2013 remont \u015bwietlicy wiejskiej (15 000 z\u0142)<\/p>\n<p style=\"text-align: justify;\">\u27a1\ufe0f Od\u015bwie\u017cona przestrze\u0144 dla spotka\u0144, wydarze\u0144 i integracji mieszka\u0144c\u00f3w.<\/p>\n<p style=\"text-align: justify;\">\u2714\ufe0f Budy Matusy \u2013 budowa \u015bwietlicy wiejskiej (etap I \u2013 a\u017c 200 000 z\u0142)<\/p>\n<p style=\"text-align: justify;\">\u27a1\ufe0f Inwestycja, kt\u00f3ra mo\u017ce sta\u0107 si\u0119 sercem lokalnej spo\u0142eczno\u015bci.<\/p>\n<p style=\"text-align: justify;\"><strong>Dlaczego to ma znaczenie?<\/strong><\/p>\n<p style=\"text-align: justify;\">Programy wsparcia dla so\u0142ectw to co\u015b wi\u0119cej ni\u017c dotacje. To strategia rozwoju regionu, kt\u00f3ra \u2013 jak pokazuj\u0105 dzia\u0142ania samorz\u0105du Mazowsza \u2013 koncentruje si\u0119 na wyr\u00f3wnywaniu szans mi\u0119dzy du\u017cymi miastami a mniejszymi miejscowo\u015bciami.<\/p>\n<p style=\"text-align: justify;\">Dzi\u0119ki takim inicjatywom:<\/p>\n<p style=\"text-align: justify;\">&#8211; ro\u015bnie bezpiecze\u0144stwo mieszka\u0144c\u00f3w,<\/p>\n<p style=\"text-align: justify;\">&#8211; poprawia si\u0119 jako\u015b\u0107 infrastruktury,<\/p>\n<p style=\"text-align: justify;\">&#8211; wzmacnia si\u0119 lokalna integracja i to\u017csamo\u015b\u0107 spo\u0142eczna.<\/p>\n<p style=\"text-align: justify;\">Wsparcie do poziomu kilkunastu tysi\u0119cy z\u0142otych w programach so\u0142eckich to standardowa forma pomocy dla mniejszych projekt\u00f3w, kt\u00f3re maj\u0105 szybki i bezpo\u015bredni wp\u0142yw na \u017cycie mieszka\u0144c\u00f3w<\/p>\n<p style=\"text-align: justify;\">\u00a0<strong>Wsp\u00f3\u0142praca, kt\u00f3ra przynosi efekty<\/strong><\/p>\n<p style=\"text-align: justify;\">Nie bez znaczenia jest te\u017c wymiar polityczno-samorz\u0105dowy. Podzi\u0119kowania skierowane do marsza\u0142ka Adama Struzika oraz w\u0142adz wojew\u00f3dztwa pokazuj\u0105, \u017ce dobra wsp\u00f3\u0142praca mi\u0119dzy gmin\u0105 a regionem przek\u0142ada si\u0119 na konkretne pieni\u0105dze i inwestycje.<\/p>\n<p style=\"text-align: justify;\">To w\u0142a\u015bnie takie relacje cz\u0119sto decyduj\u0105 o tym, kt\u00f3re projekty maj\u0105 szans\u0119 na realizacj\u0119.<\/p>\n<p style=\"text-align: justify;\">\u00a0<strong>Radzan\u00f3w nie zwalnia tempa<\/strong><\/p>\n<p style=\"text-align: justify;\">To kolejny krok w rozwoju gminy \u2013 i wyra\u017any sygna\u0142, \u017ce samorz\u0105d dzia\u0142a skutecznie. Inwestycje w o\u015bwietlenie, \u015bwietlice i przestrze\u0144 spo\u0142eczn\u0105 to fundamenty, kt\u00f3re buduj\u0105 przysz\u0142o\u015b\u0107.<\/p>\n<p style=\"text-align: justify;\">Jedno jest pewne:<\/p>\n<p style=\"text-align: justify;\">Radzan\u00f3w coraz wyra\u017aniej zaznacza swoj\u0105 obecno\u015b\u0107 na inwestycyjnej mapie Mazowsza.<\/p>\n<p style=\"text-align: justify;\">A to dopiero pocz\u0105tek.<\/p>\n<p style=\"text-align: justify;\">T.B<\/p>\n<p style=\"box-sizing: border-box; margin-top: 0px; margin-bottom: 15px; color: #555555; font-family: Roboto, sans-serif; font-size: 15px; text-align: justify;\"><span style=\"box-sizing: border-box; font-weight: bolder;\">KOMENTARZE<\/span><\/p>\n<p style=\"box-sizing: border-box; margin-top: 0px; margin-bottom: 15px; color: #555555; font-family: Roboto, sans-serif; font-size: 15px; text-align: justify;\"><em style=\"box-sizing: border-box;\">Wydawca portalu nie ponosi odpowiedzialno\u015bci za tre\u015b\u0107 komentarzy zamieszczanych przez u\u017cytkownik\u00f3w. Osoby zamieszczaj\u0105ce wypowiedzi naruszaj\u0105ce prawo lub prawem chronione dobra os\u00f3b trzecich mog\u0105 ponie\u015b\u0107 z tego tytu\u0142u odpowiedzialno\u015b\u0107 karn\u0105 lub cywiln\u0105.<\/em><span style=\"box-sizing: border-box; font-weight: bolder;\"><em style=\"box-sizing: border-box;\">JEDNOCZE\u015aNIE UZYTKOWNICY ZAMIESZCZAJ\u0104C KOMENTARZ OSWIADCZAJ\u0104, \u017bE BIOR\u0104 PE\u0141N\u0104 ODPOWIEDZIALNO\u015a\u0106 ZA TRE\u015aCI UMIESZCZONE PRZEZ SIEBIE<\/em><\/span><\/p>\n<div style=\"padding-bottom:20px; padding-top:10px;\" class=\"hupso-share-buttons\"><!-- Hupso Share Buttons - https:\/\/www.hupso.com\/share\/ --><a class=\"hupso_pop\" href=\"https:\/\/www.hupso.com\/share\/\"><img decoding=\"async\" data-src=\"http:\/\/static.hupso.com\/share\/buttons\/button100x23.png\" style=\"border:0px; width:100; height: 23; \" alt=\"Share Button\" src=\"data:image\/svg+xml;base64,PHN2ZyB3aWR0aD0iMSIgaGVpZ2h0PSIxIiB4bWxucz0iaHR0cDovL3d3dy53My5vcmcvMjAwMC9zdmciPjwvc3ZnPg==\" class=\"lazyload\" \/><\/a><script type=\"text\/javascript\">var hupso_services=new Array(\"Twitter\",\"Facebook\",\"Pinterest\",\"Linkedin\",\"Tumblr\",\"StumbleUpon\",\"Digg\",\"Reddit\",\"Bebo\",\"Delicious\",\"QZone\",\"Renren\",\"Email\");var hupso_icon_type = \"labels\";var hupso_background=\"#3BF8FF\";var hupso_border=\"#FF2B0A\";var hupso_image_folder_url = \"\";var hupso_url=\"\";var hupso_title=\"Mazowsze%20inwestuje%20w%20przysz%C5%82o%C5%9B%C4%87%20wsi.%20Radzan%C3%B3w%20w%C5%9Br%C3%B3d%20beneficjent%C3%B3w%21\";<\/script><script type=\"text\/javascript\" src=\"http:\/\/static.hupso.com\/share\/js\/share.js\"><\/script><!-- Hupso Share Buttons --><\/div>","protected":false},"excerpt":{"rendered":"<p>To nie s\u0105 tylko liczby w urz\u0119dowych tabelach. To realne zmiany, kt\u00f3re ju\u017c wkr\u00f3tce zobacz\u0105 mieszka\u0144cy. Gmina Radzan\u00f3w w\u0142a\u015bnie znalaz\u0142a si\u0119 na mapie inwestycji wspieranych przez Sejmik Wojew\u00f3dztwa Mazowieckiego \u2013&hellip; <\/p>\n<div style=\"padding-bottom:20px; padding-top:10px;\" class=\"hupso-share-buttons\"><!-- Hupso Share Buttons - https:\/\/www.hupso.com\/share\/ --><a class=\"hupso_pop\" href=\"https:\/\/www.hupso.com\/share\/\"><img data-src=\"http:\/\/static.hupso.com\/share\/buttons\/button100x23.png\" style=\"border:0px; width:100; height: 23; \" alt=\"Share Button\" src=\"data:image\/svg+xml;base64,PHN2ZyB3aWR0aD0iMSIgaGVpZ2h0PSIxIiB4bWxucz0iaHR0cDovL3d3dy53My5vcmcvMjAwMC9zdmciPjwvc3ZnPg==\" class=\"lazyload\" \/><\/a><script type=\"text\/javascript\">var hupso_services=new Array(\"Twitter\",\"Facebook\",\"Pinterest\",\"Linkedin\",\"Tumblr\",\"StumbleUpon\",\"Digg\",\"Reddit\",\"Bebo\",\"Delicious\",\"QZone\",\"Renren\",\"Email\");var hupso_icon_type = \"labels\";var hupso_background=\"#3BF8FF\";var hupso_border=\"#FF2B0A\";var hupso_image_folder_url = \"\";var hupso_url=\"\";var hupso_title=\"Mazowsze%20inwestuje%20w%20przysz%C5%82o%C5%9B%C4%87%20wsi.%20Radzan%C3%B3w%20w%C5%9Br%C3%B3d%20beneficjent%C3%B3w%21\";<\/script><script type=\"text\/javascript\" src=\"http:\/\/static.hupso.com\/share\/js\/share.js\"><\/script><!-- Hupso Share Buttons --><\/div>","protected":false},"author":1,"featured_media":14103,"comment_status":"open","ping_status":"open","sticky":false,"template":"","format":"standard","meta":{"_acf_changed":false,"wprm-recipe-roundup-name":"","wprm-recipe-roundup-description":"","footnotes":""},"categories":[19,28],"tags":[],"class_list":["post-14101","post","type-post","status-publish","format-standard","has-post-thumbnail","hentry","category-aktualnosci","category-wyd"],"acf":[],"amp_enabled":true,"_links":{"self":[{"href":"http:\/\/portalm\u0142awa.pl\/index.php?rest_route=\/wp\/v2\/posts\/14101","targetHints":{"allow":["GET"]}}],"collection":[{"href":"http:\/\/portalm\u0142awa.pl\/index.php?rest_route=\/wp\/v2\/posts"}],"about":[{"href":"http:\/\/portalm\u0142awa.pl\/index.php?rest_route=\/wp\/v2\/types\/post"}],"author":[{"embeddable":true,"href":"http:\/\/portalm\u0142awa.pl\/index.php?rest_route=\/wp\/v2\/users\/1"}],"replies":[{"embeddable":true,"href":"http:\/\/portalm\u0142awa.pl\/index.php?rest_route=%2Fwp%2Fv2%2Fcomments&post=14101"}],"version-history":[{"count":1,"href":"http:\/\/portalm\u0142awa.pl\/index.php?rest_route=\/wp\/v2\/posts\/14101\/revisions"}],"predecessor-version":[{"id":14102,"href":"http:\/\/portalm\u0142awa.pl\/index.php?rest_route=\/wp\/v2\/posts\/14101\/revisions\/14102"}],"wp:featuredmedia":[{"embeddable":true,"href":"http:\/\/portalm\u0142awa.pl\/index.php?rest_route=\/wp\/v2\/media\/14103"}],"wp:attachment":[{"href":"http:\/\/portalm\u0142awa.pl\/index.php?rest_route=%2Fwp%2Fv2%2Fmedia&parent=14101"}],"wp:term":[{"taxonomy":"category","embeddable":true,"href":"http:\/\/portalm\u0142awa.pl\/index.php?rest_route=%2Fwp%2Fv2%2Fcategories&post=14101"},{"taxonomy":"post_tag","embeddable":true,"href":"http:\/\/portalm\u0142awa.pl\/index.php?rest_route=%2Fwp%2Fv2%2Ftags&post=14101"}],"curies":[{"name":"wp","href":"https:\/\/api.w.org\/{rel}","templated":true}]}}