{"id":14105,"date":"2026-03-26T09:00:58","date_gmt":"2026-03-26T08:00:58","guid":{"rendered":"http:\/\/portalm\u0142awa.pl\/?p=14105"},"modified":"2026-03-26T09:04:55","modified_gmt":"2026-03-26T08:04:55","slug":"wielkanoc-ktora-laczy-wyjatkowe-spotkanie-w-mlawie","status":"publish","type":"post","link":"http:\/\/portalm\u0142awa.pl\/?p=14105","title":{"rendered":"Wielkanoc, kt\u00f3ra \u0142\u0105czy. Wyj\u0105tkowe spotkanie w M\u0142awie"},"content":{"rendered":"<p style=\"text-align: justify;\">S\u0105 wydarzenia, kt\u00f3re nie trafiaj\u0105 na pierwsze strony gazet, a mimo to buduj\u0105 co\u015b znacznie wa\u017cniejszego \u2013 poczucie wsp\u00f3lnoty. Tak by\u0142o 25 marca w PCOM w M\u0142awie, gdzie odby\u0142o si\u0119 wyj\u0105tkowe spotkanie wielkanocne, kt\u00f3re na d\u0142ugo pozostanie w pami\u0119ci uczestnik\u00f3w.<\/p>\n<p style=\"text-align: justify;\"><strong>Spotkanie, kt\u00f3re mia\u0142o znaczenie<\/strong><\/p>\n<p style=\"text-align: justify;\">W jednym miejscu spotkali si\u0119 przedstawiciele w\u0142adz powiatu, lokalnych instytucji, niezwyk\u0142a grupa \u201eZakr\u0119ceni Pozytywnie\u201d dzia\u0142aj\u0105ca przy Centrum Us\u0142ug Spo\u0142ecznych w M\u0142awie i przedewszystkim podopieczni plac\u00f3wki. To nie by\u0142a zwyk\u0142a uroczysto\u015b\u0107 \u2013 to by\u0142o spotkanie ludzi, kt\u00f3rych \u0142\u0105czy co\u015b wi\u0119cej ni\u017c obowi\u0105zki.<\/p>\n<p style=\"text-align: justify;\">Rozmowy toczy\u0142y si\u0119 bez po\u015bpiechu. U\u015bmiechy pojawia\u0142y si\u0119 naturalnie. A atmosfera? Ciep\u0142a, szczera i prawdziwie \u015bwi\u0105teczna.<\/p>\n<p style=\"text-align: justify;\"><strong>Wielkanoc w praktyce, nie tylko w kalendarzu<\/strong><\/p>\n<p style=\"text-align: justify;\">Wielkanoc to symbol odrodzenia, nadziei i nowych pocz\u0105tk\u00f3w. W M\u0142awie te warto\u015bci nie pozosta\u0142y jedynie w sferze tradycji \u2013 zosta\u0142y prze\u017cyte tu i teraz.<\/p>\n<p style=\"text-align: justify;\">By\u0142 czas na:<\/p>\n<p style=\"text-align: justify;\">&#8211; serdeczne \u017cyczenia,<\/p>\n<p style=\"text-align: justify;\">&#8211; wsp\u00f3lne rozmowy,<\/p>\n<p style=\"text-align: justify;\">&#8211; budowanie relacji, kt\u00f3re nie ko\u0144cz\u0105 si\u0119 wraz z wyj\u015bciem z sali.<\/p>\n<p style=\"text-align: justify;\">To w\u0142a\u015bnie takie chwile pokazuj\u0105, \u017ce lokalna spo\u0142eczno\u015b\u0107 potrafi by\u0107 silna, zintegrowana i otwarta na drugiego cz\u0142owieka.<\/p>\n<p style=\"text-align: justify;\">\u00a0\u201e<strong>Zakr\u0119ceni Pozytywnie\u201d \u2013 energia, kt\u00f3ra zara\u017ca<\/strong><\/p>\n<p style=\"text-align: justify;\">Szczeg\u00f3lne miejsce w tym spotkaniu zaj\u0119\u0142a grupa \u201eZakr\u0119ceni Pozytywnie\u201d \u2013 ludzie, kt\u00f3rzy swoj\u0105 postaw\u0105 przypominaj\u0105, \u017ce pozytywne nastawienie naprawd\u0119 ma znaczenie. Ich obecno\u015b\u0107 doda\u0142a wydarzeniu autentyczno\u015bci i rado\u015bci, kt\u00f3rej nie da si\u0119 wyre\u017cyserowa\u0107.<\/p>\n<p style=\"text-align: justify;\">\u00a0<strong>Wi\u0119cej ni\u017c wydarzenie<\/strong><\/p>\n<p style=\"text-align: justify;\">To spotkanie by\u0142o czym\u015b wi\u0119cej ni\u017c tylko \u015bwi\u0105tecznym zwyczajem. By\u0142o dowodem na to, \u017ce:<\/p>\n<p style=\"text-align: justify;\">&#8211; relacje w lokalnej spo\u0142eczno\u015bci maj\u0105 si\u0119 dobrze,<\/p>\n<p style=\"text-align: justify;\">&#8211; wsp\u00f3\u0142praca instytucji przynosi realne efekty,<\/p>\n<p style=\"text-align: justify;\">a M\u0142awa potrafi by\u0107 miejscem blisko\u015bci i wzajemnego wsparcia.<\/p>\n<p style=\"text-align: justify;\">\u00a0<strong>Czas, kt\u00f3ry zostaje<\/strong><\/p>\n<p style=\"text-align: justify;\">Na zako\u0144czenie nie brakowa\u0142o podzi\u0119kowa\u0144 \u2013 szczerych, p\u0142yn\u0105cych prosto z serca. Bo cho\u0107 takie wydarzenia trwaj\u0105 kilka godzin, ich znaczenie zostaje na d\u0142ugo.<\/p>\n<p style=\"text-align: justify;\">I w\u0142a\u015bnie w tym tkwi ich si\u0142a.<\/p>\n<p style=\"text-align: justify;\">T.B fot PCOM<\/p>\n<p style=\"box-sizing: border-box; margin-top: 0px; margin-bottom: 15px; color: #555555; font-family: Roboto, sans-serif; font-size: 15px; text-align: justify;\"><span style=\"box-sizing: border-box; font-weight: bolder;\">KOMENTARZE<\/span><\/p>\n<p style=\"box-sizing: border-box; margin-top: 0px; margin-bottom: 15px; color: #555555; font-family: Roboto, sans-serif; font-size: 15px; text-align: justify;\"><em style=\"box-sizing: border-box;\">Wydawca portalu nie ponosi odpowiedzialno\u015bci za tre\u015b\u0107 komentarzy zamieszczanych przez u\u017cytkownik\u00f3w. Osoby zamieszczaj\u0105ce wypowiedzi naruszaj\u0105ce prawo lub prawem chronione dobra os\u00f3b trzecich mog\u0105 ponie\u015b\u0107 z tego tytu\u0142u odpowiedzialno\u015b\u0107 karn\u0105 lub cywiln\u0105.<\/em><span style=\"box-sizing: border-box; font-weight: bolder;\"><em style=\"box-sizing: border-box;\">JEDNOCZE\u015aNIE UZYTKOWNICY ZAMIESZCZAJ\u0104C KOMENTARZ OSWIADCZAJ\u0104, \u017bE BIOR\u0104 PE\u0141N\u0104 ODPOWIEDZIALNO\u015a\u0106 ZA TRE\u015aCI UMIESZCZONE PRZEZ SIEBIE<\/em><\/span><\/p>\n<div style=\"padding-bottom:20px; padding-top:10px;\" class=\"hupso-share-buttons\"><!-- Hupso Share Buttons - https:\/\/www.hupso.com\/share\/ --><a class=\"hupso_pop\" href=\"https:\/\/www.hupso.com\/share\/\"><img decoding=\"async\" data-src=\"http:\/\/static.hupso.com\/share\/buttons\/button100x23.png\" style=\"border:0px; width:100; height: 23; \" alt=\"Share Button\" src=\"data:image\/svg+xml;base64,PHN2ZyB3aWR0aD0iMSIgaGVpZ2h0PSIxIiB4bWxucz0iaHR0cDovL3d3dy53My5vcmcvMjAwMC9zdmciPjwvc3ZnPg==\" class=\"lazyload\" \/><\/a><script type=\"text\/javascript\">var hupso_services=new Array(\"Twitter\",\"Facebook\",\"Pinterest\",\"Linkedin\",\"Tumblr\",\"StumbleUpon\",\"Digg\",\"Reddit\",\"Bebo\",\"Delicious\",\"QZone\",\"Renren\",\"Email\");var hupso_icon_type = \"labels\";var hupso_background=\"#3BF8FF\";var hupso_border=\"#FF2B0A\";var hupso_image_folder_url = \"\";var hupso_url=\"\";var hupso_title=\"Wielkanoc%2C%20kt%C3%B3ra%20%C5%82%C4%85czy.%20Wyj%C4%85tkowe%20spotkanie%20w%20M%C5%82awie\";<\/script><script type=\"text\/javascript\" src=\"http:\/\/static.hupso.com\/share\/js\/share.js\"><\/script><!-- Hupso Share Buttons --><\/div>","protected":false},"excerpt":{"rendered":"<p>S\u0105 wydarzenia, kt\u00f3re nie trafiaj\u0105 na pierwsze strony gazet, a mimo to buduj\u0105 co\u015b znacznie wa\u017cniejszego \u2013 poczucie wsp\u00f3lnoty. Tak by\u0142o 25 marca w PCOM w M\u0142awie, gdzie odby\u0142o si\u0119&hellip; <\/p>\n<div style=\"padding-bottom:20px; padding-top:10px;\" class=\"hupso-share-buttons\"><!-- Hupso Share Buttons - https:\/\/www.hupso.com\/share\/ --><a class=\"hupso_pop\" href=\"https:\/\/www.hupso.com\/share\/\"><img data-src=\"http:\/\/static.hupso.com\/share\/buttons\/button100x23.png\" style=\"border:0px; width:100; height: 23; \" alt=\"Share Button\" src=\"data:image\/svg+xml;base64,PHN2ZyB3aWR0aD0iMSIgaGVpZ2h0PSIxIiB4bWxucz0iaHR0cDovL3d3dy53My5vcmcvMjAwMC9zdmciPjwvc3ZnPg==\" class=\"lazyload\" \/><\/a><script type=\"text\/javascript\">var hupso_services=new Array(\"Twitter\",\"Facebook\",\"Pinterest\",\"Linkedin\",\"Tumblr\",\"StumbleUpon\",\"Digg\",\"Reddit\",\"Bebo\",\"Delicious\",\"QZone\",\"Renren\",\"Email\");var hupso_icon_type = \"labels\";var hupso_background=\"#3BF8FF\";var hupso_border=\"#FF2B0A\";var hupso_image_folder_url = \"\";var hupso_url=\"\";var hupso_title=\"Wielkanoc%2C%20kt%C3%B3ra%20%C5%82%C4%85czy.%20Wyj%C4%85tkowe%20spotkanie%20w%20M%C5%82awie\";<\/script><script type=\"text\/javascript\" src=\"http:\/\/static.hupso.com\/share\/js\/share.js\"><\/script><!-- Hupso Share Buttons --><\/div>","protected":false},"author":1,"featured_media":14106,"comment_status":"open","ping_status":"open","sticky":false,"template":"","format":"standard","meta":{"_acf_changed":false,"wprm-recipe-roundup-name":"","wprm-recipe-roundup-description":"","footnotes":""},"categories":[19,3,28],"tags":[],"class_list":["post-14105","post","type-post","status-publish","format-standard","has-post-thumbnail","hentry","category-aktualnosci","category-kultura","category-wyd"],"acf":[],"amp_enabled":true,"_links":{"self":[{"href":"http:\/\/portalm\u0142awa.pl\/index.php?rest_route=\/wp\/v2\/posts\/14105","targetHints":{"allow":["GET"]}}],"collection":[{"href":"http:\/\/portalm\u0142awa.pl\/index.php?rest_route=\/wp\/v2\/posts"}],"about":[{"href":"http:\/\/portalm\u0142awa.pl\/index.php?rest_route=\/wp\/v2\/types\/post"}],"author":[{"embeddable":true,"href":"http:\/\/portalm\u0142awa.pl\/index.php?rest_route=\/wp\/v2\/users\/1"}],"replies":[{"embeddable":true,"href":"http:\/\/portalm\u0142awa.pl\/index.php?rest_route=%2Fwp%2Fv2%2Fcomments&post=14105"}],"version-history":[{"count":3,"href":"http:\/\/portalm\u0142awa.pl\/index.php?rest_route=\/wp\/v2\/posts\/14105\/revisions"}],"predecessor-version":[{"id":14109,"href":"http:\/\/portalm\u0142awa.pl\/index.php?rest_route=\/wp\/v2\/posts\/14105\/revisions\/14109"}],"wp:featuredmedia":[{"embeddable":true,"href":"http:\/\/portalm\u0142awa.pl\/index.php?rest_route=\/wp\/v2\/media\/14106"}],"wp:attachment":[{"href":"http:\/\/portalm\u0142awa.pl\/index.php?rest_route=%2Fwp%2Fv2%2Fmedia&parent=14105"}],"wp:term":[{"taxonomy":"category","embeddable":true,"href":"http:\/\/portalm\u0142awa.pl\/index.php?rest_route=%2Fwp%2Fv2%2Fcategories&post=14105"},{"taxonomy":"post_tag","embeddable":true,"href":"http:\/\/portalm\u0142awa.pl\/index.php?rest_route=%2Fwp%2Fv2%2Ftags&post=14105"}],"curies":[{"name":"wp","href":"https:\/\/api.w.org\/{rel}","templated":true}]}}