{"id":14119,"date":"2026-03-26T17:01:37","date_gmt":"2026-03-26T16:01:37","guid":{"rendered":"http:\/\/portalm\u0142awa.pl\/?p=14119"},"modified":"2026-03-26T17:01:37","modified_gmt":"2026-03-26T16:01:37","slug":"kradl-perfumy-w-mlawskich-drogeriach-zarejestrowaly-go-kamery","status":"publish","type":"post","link":"http:\/\/portalm\u0142awa.pl\/?p=14119","title":{"rendered":"Krad\u0142 perfumy w m\u0142awskich drogeriach, zarejestrowa\u0142y go kamery"},"content":{"rendered":"<div style=\"color: #2c2f45; font-family: Verdana, Arial, Helvetica, sans-serif; font-size: small;\"><\/div>\n<div style=\"color: #2c2f45; font-family: Verdana, Arial, Helvetica, sans-serif; font-size: small; text-align: justify;\"><strong style=\"font-family: Arial, Helvetica, sans-serif; font-size: 13.2px; word-spacing: 1.92px;\">Widoczny na nagraniu z monitoringu m\u0119\u017cczyzna, ukrad\u0142 perfumy w dw\u00f3ch drogeriach, na terenie M\u0142awy. Warto\u015b\u0107 skradzionego towaru to ponad 1300 z\u0142. Je\u015bli rozpoznajesz m\u0119\u017cczyzn\u0119 z nagrania, powiadom Policj\u0119. Post\u0119powanie prowadzi Wydzia\u0142 Kryminalny m\u0142awskiej komendy Policji.<\/strong><\/div>\n<div style=\"color: #2c2f45; font-family: Verdana, Arial, Helvetica, sans-serif; font-size: small;\">\n<p style=\"font-family: Arial, Helvetica, sans-serif; font-size: 12px; word-spacing: 1.92px; text-align: justify;\">Za przest\u0119pstwo kradzie\u017cy grozi kara od 3 miesi\u0119cy do 5 lat pozbawienia wolno\u015bci. Osoby, kt\u00f3re rozpoznaj\u0105 m\u0119\u017cczyzn\u0119, widoczn\u0105 na nagraniu z monitoringu lub maj\u0105 informacje, kt\u00f3re mog\u0142yby si\u0119 okaza\u0107 pomocne w ustaleniu jego to\u017csamo\u015bci, proszone s\u0105 o pilny kontakt z m\u0142awsk\u0105 Policj\u0105, tel. 47\u00a0703 62 00 lub \u00a047\u00a0703 62 14.\u00a0\u00a0<strong>Informacj\u0119 mo\u017cna przekaza\u0107 anonimowo.<\/strong><\/p>\n<div style=\"width: 1110px;\" class=\"wp-video\"><video class=\"wp-video-shortcode\" id=\"video-14119-1\" width=\"1110\" height=\"624\" preload=\"metadata\" controls=\"controls\"><source type=\"video\/mp4\" src=\"http:\/\/portalm\u0142awa.pl\/wp-content\/uploads\/2026\/03\/kradziez-r1.mp4?_=1\" \/><a href=\"http:\/\/portalm\u0142awa.pl\/wp-content\/uploads\/2026\/03\/kradziez-r1.mp4\">http:\/\/portalm\u0142awa.pl\/wp-content\/uploads\/2026\/03\/kradziez-r1.mp4<\/a><\/video><\/div>\n<p style=\"font-family: Arial, Helvetica, sans-serif; font-size: 12px; word-spacing: 1.92px; text-align: justify;\">Autor: asp.szt. Anna Paw\u0142owska<\/p>\n<p style=\"box-sizing: border-box; margin-top: 0px; margin-bottom: 15px; color: #555555; font-family: Roboto, sans-serif; font-size: 15px; text-align: justify;\"><span style=\"box-sizing: border-box; font-weight: bolder;\">KOMENTARZE<\/span><\/p>\n<p style=\"box-sizing: border-box; margin-top: 0px; margin-bottom: 15px; color: #555555; font-family: Roboto, sans-serif; font-size: 15px; text-align: justify;\"><em style=\"box-sizing: border-box;\">Wydawca portalu nie ponosi odpowiedzialno\u015bci za tre\u015b\u0107 komentarzy zamieszczanych przez u\u017cytkownik\u00f3w. Osoby zamieszczaj\u0105ce wypowiedzi naruszaj\u0105ce prawo lub prawem chronione dobra os\u00f3b trzecich mog\u0105 ponie\u015b\u0107 z tego tytu\u0142u odpowiedzialno\u015b\u0107 karn\u0105 lub cywiln\u0105.<\/em><span style=\"box-sizing: border-box; font-weight: bolder;\"><em style=\"box-sizing: border-box;\">JEDNOCZE\u015aNIE UZYTKOWNICY ZAMIESZCZAJ\u0104C KOMENTARZ OSWIADCZAJ\u0104, \u017bE BIOR\u0104 PE\u0141N\u0104 ODPOWIEDZIALNO\u015a\u0106 ZA TRE\u015aCI UMIESZCZONE PRZEZ SIEBIE<\/em><\/span><\/p>\n<\/div>\n<div style=\"padding-bottom:20px; padding-top:10px;\" class=\"hupso-share-buttons\"><!-- Hupso Share Buttons - https:\/\/www.hupso.com\/share\/ --><a class=\"hupso_pop\" href=\"https:\/\/www.hupso.com\/share\/\"><img decoding=\"async\" data-src=\"http:\/\/static.hupso.com\/share\/buttons\/button100x23.png\" style=\"border:0px; width:100; height: 23; \" alt=\"Share Button\" src=\"data:image\/svg+xml;base64,PHN2ZyB3aWR0aD0iMSIgaGVpZ2h0PSIxIiB4bWxucz0iaHR0cDovL3d3dy53My5vcmcvMjAwMC9zdmciPjwvc3ZnPg==\" class=\"lazyload\" \/><\/a><script type=\"text\/javascript\">var hupso_services=new Array(\"Twitter\",\"Facebook\",\"Pinterest\",\"Linkedin\",\"Tumblr\",\"StumbleUpon\",\"Digg\",\"Reddit\",\"Bebo\",\"Delicious\",\"QZone\",\"Renren\",\"Email\");var hupso_icon_type = \"labels\";var hupso_background=\"#3BF8FF\";var hupso_border=\"#FF2B0A\";var hupso_image_folder_url = \"\";var hupso_url=\"\";var hupso_title=\"Krad%C5%82%20perfumy%20w%20m%C5%82awskich%20drogeriach%2C%20zarejestrowa%C5%82y%20go%20kamery\";<\/script><script type=\"text\/javascript\" src=\"http:\/\/static.hupso.com\/share\/js\/share.js\"><\/script><!-- Hupso Share Buttons --><\/div>","protected":false},"excerpt":{"rendered":"<p>Widoczny na nagraniu z monitoringu m\u0119\u017cczyzna, ukrad\u0142 perfumy w dw\u00f3ch drogeriach, na terenie M\u0142awy. Warto\u015b\u0107 skradzionego towaru to ponad 1300 z\u0142. Je\u015bli rozpoznajesz m\u0119\u017cczyzn\u0119 z nagrania, powiadom Policj\u0119. Post\u0119powanie prowadzi&hellip; <\/p>\n<div style=\"padding-bottom:20px; padding-top:10px;\" class=\"hupso-share-buttons\"><!-- Hupso Share Buttons - https:\/\/www.hupso.com\/share\/ --><a class=\"hupso_pop\" href=\"https:\/\/www.hupso.com\/share\/\"><img data-src=\"http:\/\/static.hupso.com\/share\/buttons\/button100x23.png\" style=\"border:0px; width:100; height: 23; \" alt=\"Share Button\" src=\"data:image\/svg+xml;base64,PHN2ZyB3aWR0aD0iMSIgaGVpZ2h0PSIxIiB4bWxucz0iaHR0cDovL3d3dy53My5vcmcvMjAwMC9zdmciPjwvc3ZnPg==\" class=\"lazyload\" \/><\/a><script type=\"text\/javascript\">var hupso_services=new Array(\"Twitter\",\"Facebook\",\"Pinterest\",\"Linkedin\",\"Tumblr\",\"StumbleUpon\",\"Digg\",\"Reddit\",\"Bebo\",\"Delicious\",\"QZone\",\"Renren\",\"Email\");var hupso_icon_type = \"labels\";var hupso_background=\"#3BF8FF\";var hupso_border=\"#FF2B0A\";var hupso_image_folder_url = \"\";var hupso_url=\"\";var hupso_title=\"Krad%C5%82%20perfumy%20w%20m%C5%82awskich%20drogeriach%2C%20zarejestrowa%C5%82y%20go%20kamery\";<\/script><script type=\"text\/javascript\" src=\"http:\/\/static.hupso.com\/share\/js\/share.js\"><\/script><!-- Hupso Share Buttons --><\/div>","protected":false},"author":1,"featured_media":14121,"comment_status":"open","ping_status":"open","sticky":false,"template":"","format":"standard","meta":{"_acf_changed":false,"wprm-recipe-roundup-name":"","wprm-recipe-roundup-description":"","footnotes":""},"categories":[19,5,28],"tags":[],"class_list":["post-14119","post","type-post","status-publish","format-standard","has-post-thumbnail","hentry","category-aktualnosci","category-na-sygnale","category-wyd"],"acf":[],"amp_enabled":true,"_links":{"self":[{"href":"http:\/\/portalm\u0142awa.pl\/index.php?rest_route=\/wp\/v2\/posts\/14119","targetHints":{"allow":["GET"]}}],"collection":[{"href":"http:\/\/portalm\u0142awa.pl\/index.php?rest_route=\/wp\/v2\/posts"}],"about":[{"href":"http:\/\/portalm\u0142awa.pl\/index.php?rest_route=\/wp\/v2\/types\/post"}],"author":[{"embeddable":true,"href":"http:\/\/portalm\u0142awa.pl\/index.php?rest_route=\/wp\/v2\/users\/1"}],"replies":[{"embeddable":true,"href":"http:\/\/portalm\u0142awa.pl\/index.php?rest_route=%2Fwp%2Fv2%2Fcomments&post=14119"}],"version-history":[{"count":1,"href":"http:\/\/portalm\u0142awa.pl\/index.php?rest_route=\/wp\/v2\/posts\/14119\/revisions"}],"predecessor-version":[{"id":14122,"href":"http:\/\/portalm\u0142awa.pl\/index.php?rest_route=\/wp\/v2\/posts\/14119\/revisions\/14122"}],"wp:featuredmedia":[{"embeddable":true,"href":"http:\/\/portalm\u0142awa.pl\/index.php?rest_route=\/wp\/v2\/media\/14121"}],"wp:attachment":[{"href":"http:\/\/portalm\u0142awa.pl\/index.php?rest_route=%2Fwp%2Fv2%2Fmedia&parent=14119"}],"wp:term":[{"taxonomy":"category","embeddable":true,"href":"http:\/\/portalm\u0142awa.pl\/index.php?rest_route=%2Fwp%2Fv2%2Fcategories&post=14119"},{"taxonomy":"post_tag","embeddable":true,"href":"http:\/\/portalm\u0142awa.pl\/index.php?rest_route=%2Fwp%2Fv2%2Ftags&post=14119"}],"curies":[{"name":"wp","href":"https:\/\/api.w.org\/{rel}","templated":true}]}}