{"id":14126,"date":"2026-03-27T11:27:39","date_gmt":"2026-03-27T10:27:39","guid":{"rendered":"http:\/\/portalm\u0142awa.pl\/?p=14126"},"modified":"2026-03-27T11:27:39","modified_gmt":"2026-03-27T10:27:39","slug":"pol-wieku-muzyki-w-sercu-mlawy-historia-ktora-brzmi-dalej","status":"publish","type":"post","link":"http:\/\/portalm\u0142awa.pl\/?p=14126","title":{"rendered":"P\u00f3\u0142 wieku muzyki w sercu M\u0142awy. Historia, kt\u00f3ra brzmi dalej"},"content":{"rendered":"<p style=\"text-align: justify;\">S\u0105 miejsca, kt\u00f3re nie tylko ucz\u0105 \u2013 one kszta\u0142tuj\u0105 pokolenia. S\u0105 instytucje, kt\u00f3re nie tylko istniej\u0105 \u2013 one tworz\u0105 histori\u0119 miasta. I w\u0142a\u015bnie do takiego momentu dochodzi dzi\u015b M\u0142awa.<\/p>\n<p style=\"text-align: justify;\"><strong>50 lat. P\u00f3\u0142 wieku d\u017awi\u0119k\u00f3w, emocji i ludzkich historii.<\/strong><\/p>\n<p style=\"text-align: justify;\">Ju\u017c 10 kwietnia 2026 roku o godz. 17:00 mieszka\u0144cy spotkaj\u0105 si\u0119, by wsp\u00f3lnie uczci\u0107 jubileusz Pa\u0144stwowej Szko\u0142y Muzycznej I i II stopnia im. Andrzeja Krzanowskiego w M\u0142awie \u2013 miejsca, kt\u00f3re od dekad jest jednym z najwa\u017cniejszych filar\u00f3w kultury w regionie.<\/p>\n<p style=\"text-align: justify;\">\u00a0<strong>Od skromnych pocz\u0105tk\u00f3w do muzycznej instytucji<\/strong><\/p>\n<p style=\"text-align: justify;\">Historia tej szko\u0142y zacz\u0119\u0142a si\u0119 w 1975 roku, gdy powsta\u0142a jako plac\u00f3wka I stopnia. Z czasem, dzi\u0119ki sukcesom i rosn\u0105cemu znaczeniu, w 1986 roku rozszerzono j\u0105 o II stopie\u0144, otwieraj\u0105c drog\u0119 m\u0142odym talentom do profesjonalnej kariery muzycznej.<\/p>\n<p style=\"text-align: justify;\">To nie by\u0142a tylko rozbudowa. To by\u0142 moment, w kt\u00f3rym M\u0142awa zacz\u0119\u0142a m\u00f3wi\u0107 j\u0119zykiem muzyki powa\u017cnej, edukacji artystycznej i ambicji.<\/p>\n<p style=\"text-align: justify;\">Dzi\u015b szko\u0142a mie\u015bci si\u0119 przy ul. Sienkiewicza i dzia\u0142a niemal przez ca\u0142y dzie\u0144 \u2013 od rana do wieczora \u2013 b\u0119d\u0105c miejscem spotka\u0144 uczni\u00f3w, nauczycieli i pasjonat\u00f3w muzyki.<\/p>\n<p style=\"text-align: justify;\">\u00a0<strong>Fabryka talent\u00f3w i emocji<\/strong><\/p>\n<p style=\"text-align: justify;\">Za tymi murami kryje si\u0119 co\u015b wi\u0119cej ni\u017c lekcje gry na instrumencie.<\/p>\n<p style=\"text-align: justify;\">To:<\/p>\n<p style=\"text-align: justify;\">&#8211; pierwsze tremy przed wyst\u0119pem,<\/p>\n<p style=\"text-align: justify;\">&#8211; godziny \u0107wicze\u0144 przy fortepianie,<\/p>\n<p style=\"text-align: justify;\">&#8211; dzieci\u0119ce marzenia o wielkiej scenie,<\/p>\n<p style=\"text-align: justify;\">&#8211; i koncerty, kt\u00f3re zostaj\u0105 w pami\u0119ci na ca\u0142e \u017cycie.<\/p>\n<p style=\"text-align: justify;\">Szko\u0142a przez lata wychowa\u0142a setki m\u0142odych muzyk\u00f3w. Wielu z nich posz\u0142o dalej \u2013 na akademie muzyczne, sceny koncertowe, do orkiestr. Inni \u2013 cho\u0107 wybrali inn\u0105 drog\u0119 \u2013 zabrali ze sob\u0105 co\u015b bezcennego: wra\u017cliwo\u015b\u0107 na sztuk\u0119.<\/p>\n<p style=\"text-align: justify;\">To w\u0142a\u015bnie tutaj powstaj\u0105 ch\u00f3ry, zespo\u0142y kameralne i wydarzenia, kt\u00f3re na sta\u0142e wpisa\u0142y si\u0119 w kulturalny krajobraz M\u0142awy.<\/p>\n<p style=\"text-align: justify;\"><strong>50-lecie \u2013 wi\u0119cej ni\u017c jubileusz<\/strong><\/p>\n<p style=\"text-align: justify;\">To nie b\u0119dzie zwyk\u0142a uroczysto\u015b\u0107.<\/p>\n<p style=\"text-align: justify;\">To b\u0119dzie:<\/p>\n<p style=\"text-align: justify;\">&#8211; powr\u00f3t absolwent\u00f3w,<\/p>\n<p style=\"text-align: justify;\">&#8211; spotkanie pokole\u0144,<\/p>\n<p style=\"text-align: justify;\">&#8211; koncert emocji,<\/p>\n<p style=\"text-align: justify;\">i symboliczne podsumowanie p\u00f3\u0142 wieku pracy.<\/p>\n<p style=\"text-align: justify;\">\u201eTo b\u0119dzie pi\u0119kny czas pe\u0142en muzyki, emocji i powrot\u00f3w do wspomnie\u0144\u2026\u201d \u2013 te s\u0142owa z zaproszenia idealnie oddaj\u0105 klimat nadchodz\u0105cego wydarzenia.<\/p>\n<p style=\"text-align: justify;\">Bo jubileusz to nie tylko liczba.<\/p>\n<p style=\"text-align: justify;\">To ludzie.<\/p>\n<p style=\"text-align: justify;\">To historie zapisane w nutach.<\/p>\n<p style=\"text-align: justify;\"><strong>M\u0142awa, kt\u00f3ra brzmi<\/strong><\/p>\n<p style=\"text-align: justify;\">Nie ka\u017cda miejscowo\u015b\u0107 mo\u017ce pochwali\u0107 si\u0119 tak siln\u0105 instytucj\u0105 artystyczn\u0105.<\/p>\n<p style=\"text-align: justify;\">Pa\u0144stwowa Szko\u0142a Muzyczna w M\u0142awie przez lata udowodni\u0142a, \u017ce kultura nie jest dodatkiem \u2013 jest fundamentem. To ona buduje to\u017csamo\u015b\u0107 miasta, daje m\u0142odym kierunek i tworzy przestrze\u0144 dla talent\u00f3w.<\/p>\n<p style=\"text-align: justify;\">I w\u0142a\u015bnie dlatego 10 kwietnia nie b\u0119dzie tylko \u015bwi\u0119tem szko\u0142y.<\/p>\n<p style=\"text-align: justify;\">To b\u0119dzie \u015bwi\u0119to ca\u0142ej M\u0142awy.<\/p>\n<p style=\"text-align: justify;\">\u00a0<strong>Nie mo\u017ce Ci\u0119 tam zabrakn\u0105\u0107<\/strong><\/p>\n<p style=\"text-align: justify;\">Je\u015bli kiedykolwiek:<\/p>\n<p style=\"text-align: justify;\">&#8211; by\u0142e\u015b uczniem tej szko\u0142y,<\/p>\n<p style=\"text-align: justify;\">&#8211; by\u0142e\u015b na koncercie,<\/p>\n<p style=\"text-align: justify;\">&#8211; s\u0142ysza\u0142e\u015b muzyk\u0119 p\u0142yn\u0105c\u0105 z jej sal,<\/p>\n<p style=\"text-align: justify;\">&#8211; to jeste\u015b cz\u0119\u015bci\u0105 tej historii.<\/p>\n<p style=\"text-align: justify;\">Spotkajmy si\u0119. Pos\u0142uchajmy. Przypomnijmy sobie, jak brzmi\u0105 emocje.<\/p>\n<p style=\"text-align: justify;\">\ud83c\udfb6 Bo muzyka nie ko\u0144czy si\u0119 po 50 latach. Ona dopiero si\u0119 zaczyna.<\/p>\n<p style=\"text-align: justify;\">T.B<\/p>\n<p style=\"box-sizing: border-box; margin-top: 0px; margin-bottom: 15px; color: #555555; font-family: Roboto, sans-serif; font-size: 15px; text-align: justify;\"><span style=\"box-sizing: border-box; font-weight: bolder;\">KOMENTARZE<\/span><\/p>\n<p style=\"box-sizing: border-box; margin-top: 0px; margin-bottom: 15px; color: #555555; font-family: Roboto, sans-serif; font-size: 15px; text-align: justify;\"><em style=\"box-sizing: border-box;\">Wydawca portalu nie ponosi odpowiedzialno\u015bci za tre\u015b\u0107 komentarzy zamieszczanych przez u\u017cytkownik\u00f3w. Osoby zamieszczaj\u0105ce wypowiedzi naruszaj\u0105ce prawo lub prawem chronione dobra os\u00f3b trzecich mog\u0105 ponie\u015b\u0107 z tego tytu\u0142u odpowiedzialno\u015b\u0107 karn\u0105 lub cywiln\u0105.<\/em><span style=\"box-sizing: border-box; font-weight: bolder;\"><em style=\"box-sizing: border-box;\">JEDNOCZE\u015aNIE UZYTKOWNICY ZAMIESZCZAJ\u0104C KOMENTARZ OSWIADCZAJ\u0104, \u017bE BIOR\u0104 PE\u0141N\u0104 ODPOWIEDZIALNO\u015a\u0106 ZA TRE\u015aCI UMIESZCZONE PRZEZ SIEBIE<\/em><\/span><\/p>\n<div style=\"padding-bottom:20px; padding-top:10px;\" class=\"hupso-share-buttons\"><!-- Hupso Share Buttons - https:\/\/www.hupso.com\/share\/ --><a class=\"hupso_pop\" href=\"https:\/\/www.hupso.com\/share\/\"><img decoding=\"async\" data-src=\"http:\/\/static.hupso.com\/share\/buttons\/button100x23.png\" style=\"border:0px; width:100; height: 23; \" alt=\"Share Button\" src=\"data:image\/svg+xml;base64,PHN2ZyB3aWR0aD0iMSIgaGVpZ2h0PSIxIiB4bWxucz0iaHR0cDovL3d3dy53My5vcmcvMjAwMC9zdmciPjwvc3ZnPg==\" class=\"lazyload\" \/><\/a><script type=\"text\/javascript\">var hupso_services=new Array(\"Twitter\",\"Facebook\",\"Pinterest\",\"Linkedin\",\"Tumblr\",\"StumbleUpon\",\"Digg\",\"Reddit\",\"Bebo\",\"Delicious\",\"QZone\",\"Renren\",\"Email\");var hupso_icon_type = \"labels\";var hupso_background=\"#3BF8FF\";var hupso_border=\"#FF2B0A\";var hupso_image_folder_url = \"\";var hupso_url=\"\";var hupso_title=\"P%C3%B3%C5%82%20wieku%20muzyki%20w%20sercu%20M%C5%82awy.%20Historia%2C%20kt%C3%B3ra%20brzmi%20dalej\";<\/script><script type=\"text\/javascript\" src=\"http:\/\/static.hupso.com\/share\/js\/share.js\"><\/script><!-- Hupso Share Buttons --><\/div>","protected":false},"excerpt":{"rendered":"<p>S\u0105 miejsca, kt\u00f3re nie tylko ucz\u0105 \u2013 one kszta\u0142tuj\u0105 pokolenia. S\u0105 instytucje, kt\u00f3re nie tylko istniej\u0105 \u2013 one tworz\u0105 histori\u0119 miasta. I w\u0142a\u015bnie do takiego momentu dochodzi dzi\u015b M\u0142awa. 50&hellip; <\/p>\n<div style=\"padding-bottom:20px; padding-top:10px;\" class=\"hupso-share-buttons\"><!-- Hupso Share Buttons - https:\/\/www.hupso.com\/share\/ --><a class=\"hupso_pop\" href=\"https:\/\/www.hupso.com\/share\/\"><img data-src=\"http:\/\/static.hupso.com\/share\/buttons\/button100x23.png\" style=\"border:0px; width:100; height: 23; \" alt=\"Share Button\" src=\"data:image\/svg+xml;base64,PHN2ZyB3aWR0aD0iMSIgaGVpZ2h0PSIxIiB4bWxucz0iaHR0cDovL3d3dy53My5vcmcvMjAwMC9zdmciPjwvc3ZnPg==\" class=\"lazyload\" \/><\/a><script type=\"text\/javascript\">var hupso_services=new Array(\"Twitter\",\"Facebook\",\"Pinterest\",\"Linkedin\",\"Tumblr\",\"StumbleUpon\",\"Digg\",\"Reddit\",\"Bebo\",\"Delicious\",\"QZone\",\"Renren\",\"Email\");var hupso_icon_type = \"labels\";var hupso_background=\"#3BF8FF\";var hupso_border=\"#FF2B0A\";var hupso_image_folder_url = \"\";var hupso_url=\"\";var hupso_title=\"P%C3%B3%C5%82%20wieku%20muzyki%20w%20sercu%20M%C5%82awy.%20Historia%2C%20kt%C3%B3ra%20brzmi%20dalej\";<\/script><script type=\"text\/javascript\" src=\"http:\/\/static.hupso.com\/share\/js\/share.js\"><\/script><!-- Hupso Share Buttons --><\/div>","protected":false},"author":1,"featured_media":14127,"comment_status":"open","ping_status":"open","sticky":false,"template":"","format":"standard","meta":{"_acf_changed":false,"wprm-recipe-roundup-name":"","wprm-recipe-roundup-description":"","footnotes":""},"categories":[19,3,28,6,696],"tags":[],"class_list":["post-14126","post","type-post","status-publish","format-standard","has-post-thumbnail","hentry","category-aktualnosci","category-kultura","category-wyd","category-zapro-szenia","category-zaproszenia"],"acf":[],"amp_enabled":true,"_links":{"self":[{"href":"http:\/\/portalm\u0142awa.pl\/index.php?rest_route=\/wp\/v2\/posts\/14126","targetHints":{"allow":["GET"]}}],"collection":[{"href":"http:\/\/portalm\u0142awa.pl\/index.php?rest_route=\/wp\/v2\/posts"}],"about":[{"href":"http:\/\/portalm\u0142awa.pl\/index.php?rest_route=\/wp\/v2\/types\/post"}],"author":[{"embeddable":true,"href":"http:\/\/portalm\u0142awa.pl\/index.php?rest_route=\/wp\/v2\/users\/1"}],"replies":[{"embeddable":true,"href":"http:\/\/portalm\u0142awa.pl\/index.php?rest_route=%2Fwp%2Fv2%2Fcomments&post=14126"}],"version-history":[{"count":1,"href":"http:\/\/portalm\u0142awa.pl\/index.php?rest_route=\/wp\/v2\/posts\/14126\/revisions"}],"predecessor-version":[{"id":14128,"href":"http:\/\/portalm\u0142awa.pl\/index.php?rest_route=\/wp\/v2\/posts\/14126\/revisions\/14128"}],"wp:featuredmedia":[{"embeddable":true,"href":"http:\/\/portalm\u0142awa.pl\/index.php?rest_route=\/wp\/v2\/media\/14127"}],"wp:attachment":[{"href":"http:\/\/portalm\u0142awa.pl\/index.php?rest_route=%2Fwp%2Fv2%2Fmedia&parent=14126"}],"wp:term":[{"taxonomy":"category","embeddable":true,"href":"http:\/\/portalm\u0142awa.pl\/index.php?rest_route=%2Fwp%2Fv2%2Fcategories&post=14126"},{"taxonomy":"post_tag","embeddable":true,"href":"http:\/\/portalm\u0142awa.pl\/index.php?rest_route=%2Fwp%2Fv2%2Ftags&post=14126"}],"curies":[{"name":"wp","href":"https:\/\/api.w.org\/{rel}","templated":true}]}}