{"id":14137,"date":"2026-03-28T10:00:01","date_gmt":"2026-03-28T09:00:01","guid":{"rendered":"http:\/\/portalm\u0142awa.pl\/?p=14137"},"modified":"2026-03-28T10:00:01","modified_gmt":"2026-03-28T09:00:01","slug":"radzanow-inwestuje-w-przyszlosc-centrum-gminy-zyska-nowe-serce-administracyjne","status":"publish","type":"post","link":"http:\/\/portalm\u0142awa.pl\/?p=14137","title":{"rendered":"Radzan\u00f3w inwestuje w przysz\u0142o\u015b\u0107. Centrum gminy zyska nowe serce administracyjne"},"content":{"rendered":"<p style=\"text-align: justify;\">Radzan\u00f3w wykona\u0142 w\u0142a\u015bnie ruch, kt\u00f3ry mo\u017ce na lata zmieni\u0107 spos\u00f3b funkcjonowania lokalnej administracji i jako\u015b\u0107 \u017cycia mieszka\u0144c\u00f3w. W\u00f3jt Przemys\u0142aw Pakuszewski podpisa\u0142 akt notarialny, na mocy kt\u00f3rego gmina przej\u0119\u0142a dwie atrakcyjne dzia\u0142ki inwestycyjne wraz z budynkiem w samym centrum miejscowo\u015bci. Obiekt, kt\u00f3ry jeszcze niedawno pe\u0142ni\u0142 funkcj\u0119 sklepu, ju\u017c wkr\u00f3tce przejdzie gruntown\u0105 metamorfoz\u0119.<\/p>\n<p style=\"text-align: justify;\">To nie jest zwyk\u0142a transakcja. To strategiczna decyzja, kt\u00f3ra odpowiada na jeden z najwi\u0119kszych problem\u00f3w ma\u0142ych miejscowo\u015bci \u2013 brak dost\u0119pnych przestrzeni pod rozw\u00f3j infrastruktury publicznej.<\/p>\n<p style=\"text-align: justify;\"><strong>Nowe centrum zarz\u0105dzania gmin\u0105<\/strong><\/p>\n<p style=\"text-align: justify;\">Plan jest jasny: budynek zostanie zmodernizowany i przekszta\u0142cony w nowoczesn\u0105 siedzib\u0119 Urz\u0119du Gminy oraz GOPS. W praktyce oznacza to skupienie kluczowych us\u0142ug administracyjnych w jednym miejscu \u2013 bli\u017cej ludzi i ich codziennych potrzeb.<\/p>\n<p style=\"text-align: justify;\">Dla mieszka\u0144c\u00f3w to realna zmiana: mniej formalno\u015bci \u201erozrzuconych\u201d po r\u00f3\u017cnych lokalizacjach, \u0142atwiejszy dost\u0119p do urz\u0119dnik\u00f3w i bardziej komfortowe warunki za\u0142atwiania spraw.<\/p>\n<p style=\"text-align: justify;\"><strong>Przestrze\u0144, kt\u00f3ra zacznie \u017cy\u0107<\/strong><\/p>\n<p style=\"text-align: justify;\">Inwestycja nie ko\u0144czy si\u0119 na samym budynku. Teren wok\u00f3\u0142 zostanie kompleksowo zagospodarowany \u2013 pojawi\u0105 si\u0119 parkingi oraz przestrze\u0144 przeznaczona pod infrastruktur\u0119 zwi\u0105zan\u0105 z obron\u0105 cywiln\u0105 i lokalnymi potrzebami organizacyjnymi.<\/p>\n<p style=\"text-align: justify;\">To szczeg\u00f3lnie istotne w kontek\u015bcie rosn\u0105cych wyzwa\u0144, przed kt\u00f3rymi stoj\u0105 samorz\u0105dy \u2013 zar\u00f3wno tych zwi\u0105zanych z bezpiecze\u0144stwem, jak i zmianami spo\u0142ecznymi.<\/p>\n<p style=\"text-align: justify;\"><strong>Odpowied\u017a na starzej\u0105ce si\u0119 spo\u0142ecze\u0144stwo<\/strong><\/p>\n<p style=\"text-align: justify;\">W\u0142adze gminy nie ukrywaj\u0105, \u017ce inwestycja jest tak\u017ce odpowiedzi\u0105 na zmiany demograficzne. Starzej\u0105ce si\u0119 spo\u0142ecze\u0144stwo wymaga lepiej zorganizowanych us\u0142ug spo\u0142ecznych, wi\u0119kszej dost\u0119pno\u015bci instytucji publicznych i sprawniejszej obs\u0142ugi mieszka\u0144c\u00f3w.<\/p>\n<p style=\"text-align: justify;\">Nowa siedziba GOPS w centrum Radzanowa mo\u017ce sta\u0107 si\u0119 miejscem realnego wsparcia \u2013 szczeg\u00f3lnie dla os\u00f3b starszych, kt\u00f3re cz\u0119sto potrzebuj\u0105 szybkiego i bezpo\u015bredniego kontaktu z administracj\u0105.<\/p>\n<p style=\"text-align: justify;\"><strong>Decyzja, kt\u00f3ra mo\u017ce zaprocentowa\u0107<\/strong><\/p>\n<p style=\"text-align: justify;\">W czasach, gdy wiele ma\u0142ych gmin zmaga si\u0119 z odp\u0142ywem mieszka\u0144c\u00f3w i ograniczonymi mo\u017cliwo\u015bciami inwestycyjnymi, Radzan\u00f3w stawia na rozw\u00f3j infrastruktury i popraw\u0119 jako\u015bci us\u0142ug publicznych. To kierunek, kt\u00f3ry mo\u017ce nie tylko zatrzyma\u0107 obecnych mieszka\u0144c\u00f3w, ale te\u017c zwi\u0119kszy\u0107 atrakcyjno\u015b\u0107 gminy dla nowych.<\/p>\n<p style=\"text-align: justify;\">Jedno jest pewne \u2013 ta inwestycja to co\u015b wi\u0119cej ni\u017c zakup nieruchomo\u015bci. To wyra\u017any sygna\u0142, \u017ce Radzan\u00f3w chce si\u0119 rozwija\u0107, a nie sta\u0107 w miejscu.<\/p>\n<p style=\"text-align: justify;\">Pytanie pozostaje otwarte: czy to pocz\u0105tek wi\u0119kszych zmian, kt\u00f3re uczyni\u0105 centrum Radzanowa prawdziwym sercem \u017cycia spo\u0142ecznego gminy?<\/p>\n<p style=\"text-align: justify;\">T.B fot UG Radzan\u00f3w<\/p>\n<p style=\"box-sizing: border-box; margin-top: 0px; margin-bottom: 15px; color: #555555; font-family: Roboto, sans-serif; font-size: 15px; text-align: justify;\">KOMENTARZE<\/p>\n<p style=\"box-sizing: border-box; margin-top: 0px; margin-bottom: 15px; color: #555555; font-family: Roboto, sans-serif; font-size: 15px; text-align: justify;\">Wydawca portalu nie ponosi odpowiedzialno\u015bci za tre\u015b\u0107 komentarzy zamieszczanych przez u\u017cytkownik\u00f3w. Osoby zamieszczaj\u0105ce wypowiedzi naruszaj\u0105ce prawo lub prawem chronione dobra os\u00f3b trzecich mog\u0105 ponie\u015b\u0107 z tego tytu\u0142u odpowiedzialno\u015b\u0107 karn\u0105 lub cywiln\u0105.JEDNOCZE\u015aNIE UZYTKM\u0142awa szykuje si\u0119 na siatkarskie emocje najm\u0142odsS\u0142u\u017cby w pe\u0142nej gotowo\u015bci. Wielkie \u0107wiczenia nad zalewem Ruda ju\u017c w sobot\u0119zych. Rusza M\u0142awska Liga Jedynek!OWNICY ZAMIESZCZAJ\u0104C KOMENTARZ OSWIADCZAJ\u0104, \u017bE BIOR\u0104 PE\u0141N\u0104 ODPOWIEDZIALNO\u015a\u0106 ZA TRE\u015aCI UMIESZCZONE PRZEZ SIEBIE<\/p>\n<div style=\"padding-bottom:20px; padding-top:10px;\" class=\"hupso-share-buttons\"><!-- Hupso Share Buttons - https:\/\/www.hupso.com\/share\/ --><a class=\"hupso_pop\" href=\"https:\/\/www.hupso.com\/share\/\"><img decoding=\"async\" data-src=\"http:\/\/static.hupso.com\/share\/buttons\/button100x23.png\" style=\"border:0px; width:100; height: 23; \" alt=\"Share Button\" src=\"data:image\/svg+xml;base64,PHN2ZyB3aWR0aD0iMSIgaGVpZ2h0PSIxIiB4bWxucz0iaHR0cDovL3d3dy53My5vcmcvMjAwMC9zdmciPjwvc3ZnPg==\" class=\"lazyload\" \/><\/a><script type=\"text\/javascript\">var hupso_services=new Array(\"Twitter\",\"Facebook\",\"Pinterest\",\"Linkedin\",\"Tumblr\",\"StumbleUpon\",\"Digg\",\"Reddit\",\"Bebo\",\"Delicious\",\"QZone\",\"Renren\",\"Email\");var hupso_icon_type = \"labels\";var hupso_background=\"#3BF8FF\";var hupso_border=\"#FF2B0A\";var hupso_image_folder_url = \"\";var hupso_url=\"\";var hupso_title=\"Radzan%C3%B3w%20inwestuje%20w%20przysz%C5%82o%C5%9B%C4%87.%20Centrum%20gminy%20zyska%20nowe%20serce%20administracyjne\";<\/script><script type=\"text\/javascript\" src=\"http:\/\/static.hupso.com\/share\/js\/share.js\"><\/script><!-- Hupso Share Buttons --><\/div>","protected":false},"excerpt":{"rendered":"<p>Radzan\u00f3w wykona\u0142 w\u0142a\u015bnie ruch, kt\u00f3ry mo\u017ce na lata zmieni\u0107 spos\u00f3b funkcjonowania lokalnej administracji i jako\u015b\u0107 \u017cycia mieszka\u0144c\u00f3w. W\u00f3jt Przemys\u0142aw Pakuszewski podpisa\u0142 akt notarialny, na mocy kt\u00f3rego gmina przej\u0119\u0142a dwie atrakcyjne&hellip; <\/p>\n<div style=\"padding-bottom:20px; padding-top:10px;\" class=\"hupso-share-buttons\"><!-- Hupso Share Buttons - https:\/\/www.hupso.com\/share\/ --><a class=\"hupso_pop\" href=\"https:\/\/www.hupso.com\/share\/\"><img data-src=\"http:\/\/static.hupso.com\/share\/buttons\/button100x23.png\" style=\"border:0px; width:100; height: 23; \" alt=\"Share Button\" src=\"data:image\/svg+xml;base64,PHN2ZyB3aWR0aD0iMSIgaGVpZ2h0PSIxIiB4bWxucz0iaHR0cDovL3d3dy53My5vcmcvMjAwMC9zdmciPjwvc3ZnPg==\" class=\"lazyload\" \/><\/a><script type=\"text\/javascript\">var hupso_services=new Array(\"Twitter\",\"Facebook\",\"Pinterest\",\"Linkedin\",\"Tumblr\",\"StumbleUpon\",\"Digg\",\"Reddit\",\"Bebo\",\"Delicious\",\"QZone\",\"Renren\",\"Email\");var hupso_icon_type = \"labels\";var hupso_background=\"#3BF8FF\";var hupso_border=\"#FF2B0A\";var hupso_image_folder_url = \"\";var hupso_url=\"\";var hupso_title=\"Radzan%C3%B3w%20inwestuje%20w%20przysz%C5%82o%C5%9B%C4%87.%20Centrum%20gminy%20zyska%20nowe%20serce%20administracyjne\";<\/script><script type=\"text\/javascript\" src=\"http:\/\/static.hupso.com\/share\/js\/share.js\"><\/script><!-- Hupso Share Buttons --><\/div>","protected":false},"author":1,"featured_media":14138,"comment_status":"open","ping_status":"open","sticky":false,"template":"","format":"standard","meta":{"_acf_changed":false,"wprm-recipe-roundup-name":"","wprm-recipe-roundup-description":"","footnotes":""},"categories":[19,506,28],"tags":[],"class_list":["post-14137","post","type-post","status-publish","format-standard","has-post-thumbnail","hentry","category-aktualnosci","category-pow","category-wyd"],"acf":[],"amp_enabled":true,"_links":{"self":[{"href":"http:\/\/portalm\u0142awa.pl\/index.php?rest_route=\/wp\/v2\/posts\/14137","targetHints":{"allow":["GET"]}}],"collection":[{"href":"http:\/\/portalm\u0142awa.pl\/index.php?rest_route=\/wp\/v2\/posts"}],"about":[{"href":"http:\/\/portalm\u0142awa.pl\/index.php?rest_route=\/wp\/v2\/types\/post"}],"author":[{"embeddable":true,"href":"http:\/\/portalm\u0142awa.pl\/index.php?rest_route=\/wp\/v2\/users\/1"}],"replies":[{"embeddable":true,"href":"http:\/\/portalm\u0142awa.pl\/index.php?rest_route=%2Fwp%2Fv2%2Fcomments&post=14137"}],"version-history":[{"count":1,"href":"http:\/\/portalm\u0142awa.pl\/index.php?rest_route=\/wp\/v2\/posts\/14137\/revisions"}],"predecessor-version":[{"id":14139,"href":"http:\/\/portalm\u0142awa.pl\/index.php?rest_route=\/wp\/v2\/posts\/14137\/revisions\/14139"}],"wp:featuredmedia":[{"embeddable":true,"href":"http:\/\/portalm\u0142awa.pl\/index.php?rest_route=\/wp\/v2\/media\/14138"}],"wp:attachment":[{"href":"http:\/\/portalm\u0142awa.pl\/index.php?rest_route=%2Fwp%2Fv2%2Fmedia&parent=14137"}],"wp:term":[{"taxonomy":"category","embeddable":true,"href":"http:\/\/portalm\u0142awa.pl\/index.php?rest_route=%2Fwp%2Fv2%2Fcategories&post=14137"},{"taxonomy":"post_tag","embeddable":true,"href":"http:\/\/portalm\u0142awa.pl\/index.php?rest_route=%2Fwp%2Fv2%2Ftags&post=14137"}],"curies":[{"name":"wp","href":"https:\/\/api.w.org\/{rel}","templated":true}]}}