{"id":14192,"date":"2026-03-30T19:05:28","date_gmt":"2026-03-30T17:05:28","guid":{"rendered":"http:\/\/portalm\u0142awa.pl\/?p=14192"},"modified":"2026-03-30T19:05:28","modified_gmt":"2026-03-30T17:05:28","slug":"jechal-z-predkoscia-113-km-h-w-obszarze-zabudowanym-stracil-prawo-jazdy-na-3-miesiace","status":"publish","type":"post","link":"http:\/\/portalm\u0142awa.pl\/?p=14192","title":{"rendered":"Jecha\u0142 z pr\u0119dko\u015bci\u0105 113 km\/h w obszarze zabudowanym. Straci\u0142 prawo jazdy na 3 miesi\u0105ce"},"content":{"rendered":"<div class=\"head\" style=\"color: #000000; font-family: Arial, Helvetica, sans-serif; font-size: 15.996px; word-spacing: 2.55936px;\">\n<p class=\"intro\" style=\"font-size: 17.5956px; text-align: justify;\"><strong>Policjanci z Wydzia\u0142u Ruchu Drogowego ciechanowskiej komendy zatrzymali kierowc\u0119 Toyoty, kt\u00f3ry przekroczy\u0142 pr\u0119dko\u015b\u0107 w obszarze zabudowanym o 63km\/h. 47-latek straci\u0142 prawo jazdy na 3 miesi\u0105ce, otrzyma\u0142 wysoki mandat i punkty karne. Przypominamy, wy\u017csza pr\u0119dko\u015b\u0107 znacznie wyd\u0142u\u017ca drog\u0119 hamowania i na odpowiedni\u0105 reakcje, aby unikn\u0105\u0107 wypadku, bywa cz\u0119sto za p\u00f3\u017ano.<\/strong><\/p>\n<\/div>\n<p style=\"color: #000000; font-family: Arial, Helvetica, sans-serif; font-size: 15.996px; word-spacing: 2.55936px; text-align: justify;\">W miniony pi\u0105tek (27.03) w miejscowo\u015bci Lekowo policjanci z ciechanowskiej drog\u00f3wki zatrzymali kieruj\u0105cego Toyot\u0105, kt\u00f3ry porusza\u0142 si\u0119 z pr\u0119dko\u015bci\u0105 113 km\/h w miejscu, gdzie obowi\u0105zuje ograniczenie do 50 km\/h. Oznacza to, \u017ce nieodpowiedzialny kierowca przekroczy\u0142 dozwolon\u0105 pr\u0119dko\u015b\u0107 a\u017c o 63 km\/h. W zwi\u0105zku z pope\u0142nionym wykroczeniem 47-letniemu mieszka\u0144cowi powiatu ciechanowskiego zatrzymano prawo jazdy na okres 3 miesi\u0119cy. Otrzyma\u0142 on tak\u017ce mandat w wysoko\u015bci 2000 z\u0142 i 14 punkt\u00f3w karnych.<\/p>\n<p style=\"color: #000000; font-family: Arial, Helvetica, sans-serif; font-size: 15.996px; word-spacing: 2.55936px; text-align: justify;\">Przekroczenie dopuszczalnej pr\u0119dko\u015bci to jedna z g\u0142\u00f3wnych przyczyn tragicznych wypadk\u00f3w na drogach. Pami\u0119tajmy, \u017ce wy\u017csza pr\u0119dko\u015b\u0107 znacznie wyd\u0142u\u017ca drog\u0119 hamowania i na odpowiedni\u0105 reakcje, aby unikn\u0105\u0107 wypadku, bywa cz\u0119sto za p\u00f3\u017ano.<\/p>\n<p style=\"color: #000000; font-family: Arial, Helvetica, sans-serif; font-size: 15.996px; word-spacing: 2.55936px; text-align: justify;\">Apelujemy o ostro\u017cno\u015b\u0107, rozs\u0105dek i rozwag\u0119 na drodze. Kierowcy, kt\u00f3rzy stwarzaj\u0105 zagro\u017cenie musz\u0105 liczy\u0107 si\u0119 z powa\u017cnymi konsekwencjami.<\/p>\n<p style=\"color: #000000; font-family: Arial, Helvetica, sans-serif; font-size: 15.996px; word-spacing: 2.55936px; text-align: justify;\">asp. Magda Sakowska<\/p>\n<p style=\"box-sizing: border-box; margin-top: 0px; margin-bottom: 15px; color: #555555; font-family: Roboto, sans-serif; font-size: 15px; text-align: justify;\"><span style=\"box-sizing: border-box; font-weight: bolder;\">KOMENTARZE<\/span><\/p>\n<p style=\"box-sizing: border-box; margin-top: 0px; margin-bottom: 15px; color: #555555; font-family: Roboto, sans-serif; font-size: 15px; text-align: justify;\"><em style=\"box-sizing: border-box;\">Wydawca portalu nie ponosi odpowiedzialno\u015bci za tre\u015b\u0107 komentarzy zamieszczanych przez u\u017cytkownik\u00f3w. Osoby zamieszczaj\u0105ce wypowiedzi naruszaj\u0105ce prawo lub prawem chronione dobra os\u00f3b trzecich mog\u0105 ponie\u015b\u0107 z tego tytu\u0142u odpowiedzialno\u015b\u0107 karn\u0105 lub cywiln\u0105.<\/em><span style=\"box-sizing: border-box; font-weight: bolder;\"><em style=\"box-sizing: border-box;\">JEDNOCZE\u015aNIE UZYTKOWNICY ZAMIESZCZAJ\u0104C KOMENTARZ OSWIADCZAJ\u0104, \u017bE BIOR\u0104 PE\u0141N\u0104 ODPOWIEDZIALNO\u015a\u0106 ZA TRE\u015aCI UMIESZCZONE PRZEZ SIEBIE<\/em><\/span><\/p>\n<div style=\"padding-bottom:20px; padding-top:10px;\" class=\"hupso-share-buttons\"><!-- Hupso Share Buttons - https:\/\/www.hupso.com\/share\/ --><a class=\"hupso_pop\" href=\"https:\/\/www.hupso.com\/share\/\"><img decoding=\"async\" data-src=\"http:\/\/static.hupso.com\/share\/buttons\/button100x23.png\" style=\"border:0px; width:100; height: 23; \" alt=\"Share Button\" src=\"data:image\/svg+xml;base64,PHN2ZyB3aWR0aD0iMSIgaGVpZ2h0PSIxIiB4bWxucz0iaHR0cDovL3d3dy53My5vcmcvMjAwMC9zdmciPjwvc3ZnPg==\" class=\"lazyload\" \/><\/a><script type=\"text\/javascript\">var hupso_services=new Array(\"Twitter\",\"Facebook\",\"Pinterest\",\"Linkedin\",\"Tumblr\",\"StumbleUpon\",\"Digg\",\"Reddit\",\"Bebo\",\"Delicious\",\"QZone\",\"Renren\",\"Email\");var hupso_icon_type = \"labels\";var hupso_background=\"#3BF8FF\";var hupso_border=\"#FF2B0A\";var hupso_image_folder_url = \"\";var hupso_url=\"\";var hupso_title=\"Jecha%C5%82%20z%20pr%C4%99dko%C5%9Bci%C4%85%20113%20km%2Fh%20w%20obszarze%20zabudowanym.%20Straci%C5%82%20prawo%20jazdy%20na%203%20miesi%C4%85ce\";<\/script><script type=\"text\/javascript\" src=\"http:\/\/static.hupso.com\/share\/js\/share.js\"><\/script><!-- Hupso Share Buttons --><\/div>","protected":false},"excerpt":{"rendered":"<p>Policjanci z Wydzia\u0142u Ruchu Drogowego ciechanowskiej komendy zatrzymali kierowc\u0119 Toyoty, kt\u00f3ry przekroczy\u0142 pr\u0119dko\u015b\u0107 w obszarze zabudowanym o 63km\/h. 47-latek straci\u0142 prawo jazdy na 3 miesi\u0105ce, otrzyma\u0142 wysoki mandat i punkty&hellip; <\/p>\n<div style=\"padding-bottom:20px; padding-top:10px;\" class=\"hupso-share-buttons\"><!-- Hupso Share Buttons - https:\/\/www.hupso.com\/share\/ --><a class=\"hupso_pop\" href=\"https:\/\/www.hupso.com\/share\/\"><img data-src=\"http:\/\/static.hupso.com\/share\/buttons\/button100x23.png\" style=\"border:0px; width:100; height: 23; \" alt=\"Share Button\" src=\"data:image\/svg+xml;base64,PHN2ZyB3aWR0aD0iMSIgaGVpZ2h0PSIxIiB4bWxucz0iaHR0cDovL3d3dy53My5vcmcvMjAwMC9zdmciPjwvc3ZnPg==\" class=\"lazyload\" \/><\/a><script type=\"text\/javascript\">var hupso_services=new Array(\"Twitter\",\"Facebook\",\"Pinterest\",\"Linkedin\",\"Tumblr\",\"StumbleUpon\",\"Digg\",\"Reddit\",\"Bebo\",\"Delicious\",\"QZone\",\"Renren\",\"Email\");var hupso_icon_type = \"labels\";var hupso_background=\"#3BF8FF\";var hupso_border=\"#FF2B0A\";var hupso_image_folder_url = \"\";var hupso_url=\"\";var hupso_title=\"Jecha%C5%82%20z%20pr%C4%99dko%C5%9Bci%C4%85%20113%20km%2Fh%20w%20obszarze%20zabudowanym.%20Straci%C5%82%20prawo%20jazdy%20na%203%20miesi%C4%85ce\";<\/script><script type=\"text\/javascript\" src=\"http:\/\/static.hupso.com\/share\/js\/share.js\"><\/script><!-- Hupso Share Buttons --><\/div>","protected":false},"author":1,"featured_media":4399,"comment_status":"open","ping_status":"open","sticky":false,"template":"","format":"standard","meta":{"_acf_changed":false,"wprm-recipe-roundup-name":"","wprm-recipe-roundup-description":"","footnotes":""},"categories":[19,5,28],"tags":[],"class_list":["post-14192","post","type-post","status-publish","format-standard","has-post-thumbnail","hentry","category-aktualnosci","category-na-sygnale","category-wyd"],"acf":[],"amp_enabled":true,"_links":{"self":[{"href":"http:\/\/portalm\u0142awa.pl\/index.php?rest_route=\/wp\/v2\/posts\/14192","targetHints":{"allow":["GET"]}}],"collection":[{"href":"http:\/\/portalm\u0142awa.pl\/index.php?rest_route=\/wp\/v2\/posts"}],"about":[{"href":"http:\/\/portalm\u0142awa.pl\/index.php?rest_route=\/wp\/v2\/types\/post"}],"author":[{"embeddable":true,"href":"http:\/\/portalm\u0142awa.pl\/index.php?rest_route=\/wp\/v2\/users\/1"}],"replies":[{"embeddable":true,"href":"http:\/\/portalm\u0142awa.pl\/index.php?rest_route=%2Fwp%2Fv2%2Fcomments&post=14192"}],"version-history":[{"count":1,"href":"http:\/\/portalm\u0142awa.pl\/index.php?rest_route=\/wp\/v2\/posts\/14192\/revisions"}],"predecessor-version":[{"id":14193,"href":"http:\/\/portalm\u0142awa.pl\/index.php?rest_route=\/wp\/v2\/posts\/14192\/revisions\/14193"}],"wp:featuredmedia":[{"embeddable":true,"href":"http:\/\/portalm\u0142awa.pl\/index.php?rest_route=\/wp\/v2\/media\/4399"}],"wp:attachment":[{"href":"http:\/\/portalm\u0142awa.pl\/index.php?rest_route=%2Fwp%2Fv2%2Fmedia&parent=14192"}],"wp:term":[{"taxonomy":"category","embeddable":true,"href":"http:\/\/portalm\u0142awa.pl\/index.php?rest_route=%2Fwp%2Fv2%2Fcategories&post=14192"},{"taxonomy":"post_tag","embeddable":true,"href":"http:\/\/portalm\u0142awa.pl\/index.php?rest_route=%2Fwp%2Fv2%2Ftags&post=14192"}],"curies":[{"name":"wp","href":"https:\/\/api.w.org\/{rel}","templated":true}]}}