{"id":14201,"date":"2026-03-30T20:13:35","date_gmt":"2026-03-30T18:13:35","guid":{"rendered":"http:\/\/portalm\u0142awa.pl\/?p=14201"},"modified":"2026-03-30T20:13:35","modified_gmt":"2026-03-30T18:13:35","slug":"mlawa-w-barwach-tradycji-63-palmy-i-setki-serc-final-ktory-laczy-pokolenia","status":"publish","type":"post","link":"http:\/\/portalm\u0142awa.pl\/?p=14201","title":{"rendered":"M\u0142awa w barwach tradycji. 63 palmy i setki serc \u2013 fina\u0142, kt\u00f3ry \u0142\u0105czy pokolenia"},"content":{"rendered":"<p style=\"text-align: justify;\">W niedziel\u0119, 29 marca, wn\u0119trze Ko\u015bci\u00f3\u0142 pw. \u015awi\u0119tego Ducha w M\u0142awie wype\u0142ni\u0142o si\u0119 nie tylko wiernymi, ale i niezwyk\u0142ymi dzie\u0142ami sztuki ludowej. Fina\u0142 18. edycji konkursu \u201eM\u0142awska Palma Wielkanocna\u201d po raz kolejny udowodni\u0142, \u017ce tradycja w tym regionie nie tylko przetrwa\u0142a \u2013 ona \u017cyje, rozwija si\u0119 i przyci\u0105ga coraz wi\u0119cej pasjonat\u00f3w.<\/p>\n<p style=\"text-align: justify;\"><strong>Skala robi wra\u017cenie<\/strong><\/p>\n<p style=\"text-align: justify;\">Zaledwie 5 palm w pierwszej edycji w 2007 roku\u2026 i a\u017c 63 zg\u0142oszenia w tym roku. To nie jest zwyk\u0142y konkurs \u2013 to spo\u0142eczny fenomen, kt\u00f3ry z roku na rok jednoczy mieszka\u0144c\u00f3w M\u0142awy i ca\u0142ego powiatu.<\/p>\n<p style=\"text-align: justify;\">\ud83c\udfc6 Najlepsi z najlepszych \u2013 palma pierwsze\u0144stwa rozdana<\/p>\n<p style=\"text-align: justify;\">\ud83d\udc64 Kategoria indywidualna:<\/p>\n<p style=\"text-align: justify;\">\ud83e\udd47 Beata Morgisz-Nowi\u0144ska, Barbara Piwowarska<\/p>\n<p style=\"text-align: justify;\">\ud83e\udd48 Oliwia Sobotka, Marek Jasi\u0144ski, Julia Gru\u017alewska<\/p>\n<p style=\"text-align: justify;\">\ud83e\udd49 Marzena Sobotka, Wiktoria Sosnowska, Lena Lis<\/p>\n<p style=\"text-align: justify;\">\ud83d\udc4f Wyr\u00f3\u017cnienia trafi\u0142y do szerokiego grona uczestnik\u00f3w \u2013 od najm\u0142odszych po doros\u0142ych, co tylko podkre\u015bla, jak powszechna jest ta tradycja.<\/p>\n<p style=\"text-align: justify;\">\ud83d\udc68\u200d\ud83d\udc69\u200d\ud83d\udc67\u200d\ud83d\udc66 Kategoria rodzinna:<\/p>\n<p style=\"text-align: justify;\">\ud83e\udd47 Rodzina S\u0119kowskich, Rodzina Szempli\u0144skich<\/p>\n<p style=\"text-align: justify;\">\ud83e\udd48 M.in. Jastrz\u0119bowscy, Borkowscy, Zakrzewscy, Piskorscy<\/p>\n<p style=\"text-align: justify;\">\ud83c\udfc5 Liczne wyr\u00f3\u017cnienia \u2013 dow\u00f3d na to, \u017ce tworzenie palm to w M\u0142awie prawdziwa tradycja domowa.<\/p>\n<p style=\"text-align: justify;\">\ud83c\udfeb Szko\u0142y i przedszkola:<\/p>\n<p style=\"text-align: justify;\">\ud83e\udd47 Szko\u0142a Podstawowa w \u0141omi, Szko\u0142a Podstawowa w Starych Kosinach<\/p>\n<p style=\"text-align: justify;\">\ud83e\udd48 M.in. Przedszkole \u201eBajkowy Dworek\u201d, SP w Bogurzynie, SP nr 2 w M\u0142awie (kl. 4B)<\/p>\n<p style=\"text-align: justify;\">\ud83e\udd49 Kolejne plac\u00f3wki udowodni\u0142y, \u017ce m\u0142ode pokolenie doskonale czuje klimat wielkanocnych zwyczaj\u00f3w.<\/p>\n<p style=\"text-align: justify;\">\ud83e\udd1d Organizacje:<\/p>\n<p style=\"text-align: justify;\">\ud83e\udd47 Dzienny Dom Senior+ w M\u0142awie, \u015arodowiskowy Dom Samopomocy w M\u0142awie<\/p>\n<p style=\"text-align: justify;\">\ud83e\udd48 M.in. Centrum Us\u0142ug Spo\u0142ecznych, Villa Trojany, plac\u00f3wki opieku\u0144cze<\/p>\n<p style=\"text-align: justify;\"><strong>Wi\u0119cej ni\u017c konkurs<\/strong><\/p>\n<p style=\"text-align: justify;\">Za organizacj\u0105 wydarzenia stoj\u0105 Stowarzyszenie Wsp\u00f3lnota Mariacka oraz Parafia Matki Bo\u017cej Kr\u00f3lowej Polski w M\u0142awie, a patronat obj\u0119li m.in. lokalni samorz\u0105dowcy i duchowie\u0144stwo.<\/p>\n<p style=\"text-align: justify;\">Ale prawdziwymi bohaterami s\u0105 mieszka\u0144cy \u2013 dzieci, rodziny, seniorzy i ca\u0142e instytucje, kt\u00f3re co roku wk\u0142adaj\u0105 serce w tworzenie palm.<\/p>\n<p style=\"text-align: justify;\">\u00a0<strong>M\u0142awa, kt\u00f3ra \u0142\u0105czy<\/strong><\/p>\n<p style=\"text-align: justify;\">To wydarzenie pokazuje co\u015b wi\u0119cej ni\u017c rywalizacj\u0119. Pokazuje wsp\u00f3lnot\u0119. Pokazuje, \u017ce tradycja mo\u017ce by\u0107 \u017cywa, nowoczesna i przekazywana dalej \u2013 z pokolenia na pokolenie.<\/p>\n<p style=\"text-align: justify;\">\ud83d\udce2 Bo tutaj nie chodzi tylko o najpi\u0119kniejsz\u0105 palm\u0119. Chodzi o ludzi, kt\u00f3rzy j\u0105 tworz\u0105<\/p>\n<p>T.B fot\u00a0<span style=\"color: #000000; font-family: Lato; text-align: justify;\">Stowarzyszenie \u201eWsp\u00f3lnota Mariacka&#8221;<\/span><span style=\"color: #000000; font-family: Lato; text-align: justify;\">\u00a0<\/span><\/p>\n<p style=\"box-sizing: border-box; margin-top: 0px; margin-bottom: 15px; color: #555555; font-family: Roboto, sans-serif; font-size: 15px; text-align: justify;\"><span style=\"box-sizing: border-box; font-weight: bolder;\">KOMENTARZE<\/span><\/p>\n<p style=\"box-sizing: border-box; margin-top: 0px; margin-bottom: 15px; color: #555555; font-family: Roboto, sans-serif; font-size: 15px; text-align: justify;\"><em style=\"box-sizing: border-box;\">Wydawca portalu nie ponosi odpowiedzialno\u015bci za tre\u015b\u0107 komentarzy zamieszczanych przez u\u017cytkownik\u00f3w. Osoby zamieszczaj\u0105ce wypowiedzi naruszaj\u0105ce prawo lub prawem chronione dobra os\u00f3b trzecich mog\u0105 ponie\u015b\u0107 z tego tytu\u0142u odpowiedzialno\u015b\u0107 karn\u0105 lub cywiln\u0105.<\/em><span style=\"box-sizing: border-box; font-weight: bolder;\"><em style=\"box-sizing: border-box;\">JEDNOCZE\u015aNIE UZYTKOWNICY ZAMIESZCZAJ\u0104C KOMENTARZ OSWIADCZAJ\u0104, \u017bE BIOR\u0104 PE\u0141N\u0104 ODPOWIEDZIALNO\u015a\u0106 ZA TRE\u015aCI UMIESZCZONE PRZEZ SIEBIE<\/em><\/span><\/p>\n<div style=\"padding-bottom:20px; padding-top:10px;\" class=\"hupso-share-buttons\"><!-- Hupso Share Buttons - https:\/\/www.hupso.com\/share\/ --><a class=\"hupso_pop\" href=\"https:\/\/www.hupso.com\/share\/\"><img decoding=\"async\" data-src=\"http:\/\/static.hupso.com\/share\/buttons\/button100x23.png\" style=\"border:0px; width:100; height: 23; \" alt=\"Share Button\" src=\"data:image\/svg+xml;base64,PHN2ZyB3aWR0aD0iMSIgaGVpZ2h0PSIxIiB4bWxucz0iaHR0cDovL3d3dy53My5vcmcvMjAwMC9zdmciPjwvc3ZnPg==\" class=\"lazyload\" \/><\/a><script type=\"text\/javascript\">var hupso_services=new Array(\"Twitter\",\"Facebook\",\"Pinterest\",\"Linkedin\",\"Tumblr\",\"StumbleUpon\",\"Digg\",\"Reddit\",\"Bebo\",\"Delicious\",\"QZone\",\"Renren\",\"Email\");var hupso_icon_type = \"labels\";var hupso_background=\"#3BF8FF\";var hupso_border=\"#FF2B0A\";var hupso_image_folder_url = \"\";var hupso_url=\"\";var hupso_title=\"M%C5%82awa%20w%20barwach%20tradycji.%2063%20palmy%20i%20setki%20serc%20%E2%80%93%20fina%C5%82%2C%20kt%C3%B3ry%20%C5%82%C4%85czy%20pokolenia\";<\/script><script type=\"text\/javascript\" src=\"http:\/\/static.hupso.com\/share\/js\/share.js\"><\/script><!-- Hupso Share Buttons --><\/div>","protected":false},"excerpt":{"rendered":"<p>W niedziel\u0119, 29 marca, wn\u0119trze Ko\u015bci\u00f3\u0142 pw. \u015awi\u0119tego Ducha w M\u0142awie wype\u0142ni\u0142o si\u0119 nie tylko wiernymi, ale i niezwyk\u0142ymi dzie\u0142ami sztuki ludowej. Fina\u0142 18. edycji konkursu \u201eM\u0142awska Palma Wielkanocna\u201d po&hellip; <\/p>\n<div style=\"padding-bottom:20px; padding-top:10px;\" class=\"hupso-share-buttons\"><!-- Hupso Share Buttons - https:\/\/www.hupso.com\/share\/ --><a class=\"hupso_pop\" href=\"https:\/\/www.hupso.com\/share\/\"><img data-src=\"http:\/\/static.hupso.com\/share\/buttons\/button100x23.png\" style=\"border:0px; width:100; height: 23; \" alt=\"Share Button\" src=\"data:image\/svg+xml;base64,PHN2ZyB3aWR0aD0iMSIgaGVpZ2h0PSIxIiB4bWxucz0iaHR0cDovL3d3dy53My5vcmcvMjAwMC9zdmciPjwvc3ZnPg==\" class=\"lazyload\" \/><\/a><script type=\"text\/javascript\">var hupso_services=new Array(\"Twitter\",\"Facebook\",\"Pinterest\",\"Linkedin\",\"Tumblr\",\"StumbleUpon\",\"Digg\",\"Reddit\",\"Bebo\",\"Delicious\",\"QZone\",\"Renren\",\"Email\");var hupso_icon_type = \"labels\";var hupso_background=\"#3BF8FF\";var hupso_border=\"#FF2B0A\";var hupso_image_folder_url = \"\";var hupso_url=\"\";var hupso_title=\"M%C5%82awa%20w%20barwach%20tradycji.%2063%20palmy%20i%20setki%20serc%20%E2%80%93%20fina%C5%82%2C%20kt%C3%B3ry%20%C5%82%C4%85czy%20pokolenia\";<\/script><script type=\"text\/javascript\" src=\"http:\/\/static.hupso.com\/share\/js\/share.js\"><\/script><!-- Hupso Share Buttons --><\/div>","protected":false},"author":1,"featured_media":14202,"comment_status":"open","ping_status":"open","sticky":false,"template":"","format":"standard","meta":{"_acf_changed":false,"wprm-recipe-roundup-name":"","wprm-recipe-roundup-description":"","footnotes":""},"categories":[19,3,28],"tags":[],"class_list":["post-14201","post","type-post","status-publish","format-standard","has-post-thumbnail","hentry","category-aktualnosci","category-kultura","category-wyd"],"acf":[],"amp_enabled":true,"_links":{"self":[{"href":"http:\/\/portalm\u0142awa.pl\/index.php?rest_route=\/wp\/v2\/posts\/14201","targetHints":{"allow":["GET"]}}],"collection":[{"href":"http:\/\/portalm\u0142awa.pl\/index.php?rest_route=\/wp\/v2\/posts"}],"about":[{"href":"http:\/\/portalm\u0142awa.pl\/index.php?rest_route=\/wp\/v2\/types\/post"}],"author":[{"embeddable":true,"href":"http:\/\/portalm\u0142awa.pl\/index.php?rest_route=\/wp\/v2\/users\/1"}],"replies":[{"embeddable":true,"href":"http:\/\/portalm\u0142awa.pl\/index.php?rest_route=%2Fwp%2Fv2%2Fcomments&post=14201"}],"version-history":[{"count":2,"href":"http:\/\/portalm\u0142awa.pl\/index.php?rest_route=\/wp\/v2\/posts\/14201\/revisions"}],"predecessor-version":[{"id":14206,"href":"http:\/\/portalm\u0142awa.pl\/index.php?rest_route=\/wp\/v2\/posts\/14201\/revisions\/14206"}],"wp:featuredmedia":[{"embeddable":true,"href":"http:\/\/portalm\u0142awa.pl\/index.php?rest_route=\/wp\/v2\/media\/14202"}],"wp:attachment":[{"href":"http:\/\/portalm\u0142awa.pl\/index.php?rest_route=%2Fwp%2Fv2%2Fmedia&parent=14201"}],"wp:term":[{"taxonomy":"category","embeddable":true,"href":"http:\/\/portalm\u0142awa.pl\/index.php?rest_route=%2Fwp%2Fv2%2Fcategories&post=14201"},{"taxonomy":"post_tag","embeddable":true,"href":"http:\/\/portalm\u0142awa.pl\/index.php?rest_route=%2Fwp%2Fv2%2Ftags&post=14201"}],"curies":[{"name":"wp","href":"https:\/\/api.w.org\/{rel}","templated":true}]}}