{"id":14208,"date":"2026-03-30T21:42:40","date_gmt":"2026-03-30T19:42:40","guid":{"rendered":"http:\/\/portalm\u0142awa.pl\/?p=14208"},"modified":"2026-03-30T21:42:40","modified_gmt":"2026-03-30T19:42:40","slug":"mlawiacy-w-jezykowej-rywalizacji-sp-4-gospodarzem-powiatowego-konkursu-leksykalno-gramatycznego-z-jezyka-niemieckiego","status":"publish","type":"post","link":"http:\/\/portalm\u0142awa.pl\/?p=14208","title":{"rendered":"M\u0142awiacy w j\u0119zykowej rywalizacji: SP 4 gospodarzem Powiatowego Konkursu Leksykalno-Gramatycznego z j\u0119zyka niemieckiego!"},"content":{"rendered":"<p style=\"text-align: justify;\">26 marca 2026 roku Szko\u0142a Podstawowa nr 4 w M\u0142awie zamieni\u0142a si\u0119 w prawdziwe centrum j\u0119zykowej rywalizacji. Powiatowy Konkurs Leksykalno-Gramatyczny z j\u0119zyka niemieckiego zgromadzi\u0142 najlepszych uczni\u00f3w z ca\u0142ego powiatu m\u0142awskiego, kt\u00f3rzy w zaci\u0119tej walce o podium sprawdzali swoje umiej\u0119tno\u015bci gramatyczne i s\u0142ownikowe. Atmosfera by\u0142a pe\u0142na emocji \u2013 ka\u017cdy b\u0142\u0105d i ka\u017cdy poprawny wyb\u00f3r w aplikacji Kahoot wywo\u0142ywa\u0142 reakcje zar\u00f3wno uczestnik\u00f3w, jak i publiczno\u015bci.<\/p>\n<p style=\"text-align: justify;\">Konkurs odby\u0142 si\u0119 w dw\u00f3ch etapach \u2013 pierwszy przeprowadzono w szko\u0142ach uczestnik\u00f3w 26 lutego, a fina\u0142owy etap zorganizowano 26 marca w SP 4. Uczestnicy rywalizowali w dw\u00f3ch kategoriach wiekowych: klasy VII i VIII, prezentuj\u0105c nie tylko doskona\u0142\u0105 znajomo\u015b\u0107 j\u0119zyka niemieckiego, ale te\u017c spryt, refleks i koncentracj\u0119. \u201eTo dla nas wspania\u0142a okazja, by pokaza\u0107 m\u0142odzie\u017cy, \u017ce nauka j\u0119zyka mo\u017ce by\u0107 pasjonuj\u0105ca i interaktywna\u201d \u2013 podkre\u015bla\u0142a dyrektor SP 4, Maria Kowalska.<\/p>\n<p style=\"text-align: justify;\">Zwyci\u0119zcy pokazali prawdziwy kunszt leksykalny i gramatyczny: w kategorii klas VII triumfowa\u0142a Magdalena Ma\u0107kowska z SP1, przed Aleksandr\u0105 Orzechowsk\u0105 z SP2 i Mateuszem Krystkiewiczem z SP6. W starszej kategorii klas VIII pierwsze miejsce zdoby\u0142a Amelia Le\u015bnikowska z SP6, drugie Piotr Mochol z SP1, a trzecie Oskar Trzci\u0144ski z SP4. Uczestnicy zgodnie podkre\u015blali, \u017ce rywalizacja by\u0142a niezwykle motywuj\u0105ca i rozwijaj\u0105ca, a interaktywna forma Kahoot doda\u0142a wydarzeniu energii i dynamiki.<\/p>\n<p style=\"text-align: justify;\">Na koniec wydarzenia pad\u0142y s\u0142owa uznania dla wszystkich uczni\u00f3w oraz ich nauczycieli: \u201eTo nie tylko konkurs \u2013 to spotkanie m\u0142odych pasjonat\u00f3w j\u0119zyka, kt\u00f3rzy pokazuj\u0105, \u017ce nauka mo\u017ce by\u0107 przygod\u0105 pe\u0142n\u0105 emocji\u201d \u2013 m\u00f3wi\u0142a jedna z opiekunek uczestnik\u00f3w. Konkurs sta\u0142 si\u0119 r\u00f3wnie\u017c inspiracj\u0105 dla innych szk\u00f3\u0142 powiatu do organizowania podobnych przedsi\u0119wzi\u0119\u0107 i promowania nauki j\u0119zyk\u00f3w obcych w\u015br\u00f3d m\u0142odzie\u017cy.<\/p>\n<p style=\"text-align: justify;\">T.B fot SP4<\/p>\n<p style=\"box-sizing: border-box; margin-top: 0px; margin-bottom: 15px; color: #555555; font-family: Roboto, sans-serif; font-size: 15px; text-align: justify;\">KOMENTARZE<\/p>\n<p style=\"box-sizing: border-box; margin-top: 0px; margin-bottom: 15px; color: #555555; font-family: Roboto, sans-serif; font-size: 15px; text-align: justify;\">Wydawca portalu nie ponosi odpowiedzialno\u015bci za tre\u015b\u0107 komentarzy zamieszczanych przez u\u017cytkownik\u00f3w. Osoby zamieszczaj\u0105ce wypowiedzi naruszaj\u0105ce prawo lub prawem chronione dobra os\u00f3b trzecich mog\u0105 ponie\u015b\u0107 z tego tytu\u0142u odpowiedzialno\u015b\u0107 karn\u0105 lub cywiln\u0105.JEDNOCZE\u015aNIE UZYTKOWNICY ZAMIESZCZAJ\u0104C KOMENTARZ OSWIADCZAJ\u0104, \u017bE BIOR\u0104 PE\u0141N\u0104 ODPOWIEDZIALNO\u015a\u0106 ZA TRE\u015aCI UMIESZCZONE PRZEZ SIEBIE<\/p>\n<div style=\"padding-bottom:20px; padding-top:10px;\" class=\"hupso-share-buttons\"><!-- Hupso Share Buttons - https:\/\/www.hupso.com\/share\/ --><a class=\"hupso_pop\" href=\"https:\/\/www.hupso.com\/share\/\"><img decoding=\"async\" data-src=\"http:\/\/static.hupso.com\/share\/buttons\/button100x23.png\" style=\"border:0px; width:100; height: 23; \" alt=\"Share Button\" src=\"data:image\/svg+xml;base64,PHN2ZyB3aWR0aD0iMSIgaGVpZ2h0PSIxIiB4bWxucz0iaHR0cDovL3d3dy53My5vcmcvMjAwMC9zdmciPjwvc3ZnPg==\" class=\"lazyload\" \/><\/a><script type=\"text\/javascript\">var hupso_services=new Array(\"Twitter\",\"Facebook\",\"Pinterest\",\"Linkedin\",\"Tumblr\",\"StumbleUpon\",\"Digg\",\"Reddit\",\"Bebo\",\"Delicious\",\"QZone\",\"Renren\",\"Email\");var hupso_icon_type = \"labels\";var hupso_background=\"#3BF8FF\";var hupso_border=\"#FF2B0A\";var hupso_image_folder_url = \"\";var hupso_url=\"\";var hupso_title=\"M%C5%82awiacy%20w%20j%C4%99zykowej%20rywalizacji%3A%20SP%204%20gospodarzem%20Powiatowego%20Konkursu%20Leksykalno-Gramatycznego%20z%20j%C4%99zyka%20niemieckiego%21\";<\/script><script type=\"text\/javascript\" src=\"http:\/\/static.hupso.com\/share\/js\/share.js\"><\/script><!-- Hupso Share Buttons --><\/div>","protected":false},"excerpt":{"rendered":"<p>26 marca 2026 roku Szko\u0142a Podstawowa nr 4 w M\u0142awie zamieni\u0142a si\u0119 w prawdziwe centrum j\u0119zykowej rywalizacji. Powiatowy Konkurs Leksykalno-Gramatyczny z j\u0119zyka niemieckiego zgromadzi\u0142 najlepszych uczni\u00f3w z ca\u0142ego powiatu m\u0142awskiego,&hellip; <\/p>\n<div style=\"padding-bottom:20px; padding-top:10px;\" class=\"hupso-share-buttons\"><!-- Hupso Share Buttons - https:\/\/www.hupso.com\/share\/ --><a class=\"hupso_pop\" href=\"https:\/\/www.hupso.com\/share\/\"><img data-src=\"http:\/\/static.hupso.com\/share\/buttons\/button100x23.png\" style=\"border:0px; width:100; height: 23; \" alt=\"Share Button\" src=\"data:image\/svg+xml;base64,PHN2ZyB3aWR0aD0iMSIgaGVpZ2h0PSIxIiB4bWxucz0iaHR0cDovL3d3dy53My5vcmcvMjAwMC9zdmciPjwvc3ZnPg==\" class=\"lazyload\" \/><\/a><script type=\"text\/javascript\">var hupso_services=new Array(\"Twitter\",\"Facebook\",\"Pinterest\",\"Linkedin\",\"Tumblr\",\"StumbleUpon\",\"Digg\",\"Reddit\",\"Bebo\",\"Delicious\",\"QZone\",\"Renren\",\"Email\");var hupso_icon_type = \"labels\";var hupso_background=\"#3BF8FF\";var hupso_border=\"#FF2B0A\";var hupso_image_folder_url = \"\";var hupso_url=\"\";var hupso_title=\"M%C5%82awiacy%20w%20j%C4%99zykowej%20rywalizacji%3A%20SP%204%20gospodarzem%20Powiatowego%20Konkursu%20Leksykalno-Gramatycznego%20z%20j%C4%99zyka%20niemieckiego%21\";<\/script><script type=\"text\/javascript\" src=\"http:\/\/static.hupso.com\/share\/js\/share.js\"><\/script><!-- Hupso Share Buttons --><\/div>","protected":false},"author":1,"featured_media":14209,"comment_status":"open","ping_status":"open","sticky":false,"template":"","format":"standard","meta":{"_acf_changed":false,"wprm-recipe-roundup-name":"","wprm-recipe-roundup-description":"","footnotes":""},"categories":[19,3,28],"tags":[],"class_list":["post-14208","post","type-post","status-publish","format-standard","has-post-thumbnail","hentry","category-aktualnosci","category-kultura","category-wyd"],"acf":[],"amp_enabled":true,"_links":{"self":[{"href":"http:\/\/portalm\u0142awa.pl\/index.php?rest_route=\/wp\/v2\/posts\/14208","targetHints":{"allow":["GET"]}}],"collection":[{"href":"http:\/\/portalm\u0142awa.pl\/index.php?rest_route=\/wp\/v2\/posts"}],"about":[{"href":"http:\/\/portalm\u0142awa.pl\/index.php?rest_route=\/wp\/v2\/types\/post"}],"author":[{"embeddable":true,"href":"http:\/\/portalm\u0142awa.pl\/index.php?rest_route=\/wp\/v2\/users\/1"}],"replies":[{"embeddable":true,"href":"http:\/\/portalm\u0142awa.pl\/index.php?rest_route=%2Fwp%2Fv2%2Fcomments&post=14208"}],"version-history":[{"count":1,"href":"http:\/\/portalm\u0142awa.pl\/index.php?rest_route=\/wp\/v2\/posts\/14208\/revisions"}],"predecessor-version":[{"id":14210,"href":"http:\/\/portalm\u0142awa.pl\/index.php?rest_route=\/wp\/v2\/posts\/14208\/revisions\/14210"}],"wp:featuredmedia":[{"embeddable":true,"href":"http:\/\/portalm\u0142awa.pl\/index.php?rest_route=\/wp\/v2\/media\/14209"}],"wp:attachment":[{"href":"http:\/\/portalm\u0142awa.pl\/index.php?rest_route=%2Fwp%2Fv2%2Fmedia&parent=14208"}],"wp:term":[{"taxonomy":"category","embeddable":true,"href":"http:\/\/portalm\u0142awa.pl\/index.php?rest_route=%2Fwp%2Fv2%2Fcategories&post=14208"},{"taxonomy":"post_tag","embeddable":true,"href":"http:\/\/portalm\u0142awa.pl\/index.php?rest_route=%2Fwp%2Fv2%2Ftags&post=14208"}],"curies":[{"name":"wp","href":"https:\/\/api.w.org\/{rel}","templated":true}]}}