{"id":14211,"date":"2026-03-30T22:03:05","date_gmt":"2026-03-30T20:03:05","guid":{"rendered":"http:\/\/portalm\u0142awa.pl\/?p=14211"},"modified":"2026-03-30T22:03:05","modified_gmt":"2026-03-30T20:03:05","slug":"asfalt-grunty-i-przyszlosc-naszej-gminy-zadecyduj-jak-bedzie-wygladac-nowa-droga","status":"publish","type":"post","link":"http:\/\/portalm\u0142awa.pl\/?p=14211","title":{"rendered":"Asfalt, Grunty i Przysz\u0142o\u015b\u0107 Naszej Gminy: Zadecyduj, jak b\u0119dzie wygl\u0105da\u0107 nowa droga!"},"content":{"rendered":"<p dir=\"ltr\" style=\"text-align: justify;\"><b>Zmiany na drogowej mapie powiatu m\u0142awskiego staj\u0105 si\u0119 faktem. Przed nami kluczowy etap przygotowa\u0144 do rozbudowy drogi powiatowej nr 2323W na trasie Szyd\u0142owo \u2013 \u017bmijewo Ko\u015bcielne. Zanim jednak na plac budowy wjad\u0105 ci\u0119\u017ckie maszyny, urz\u0119dnicy oddaj\u0105 g\u0142os tym, kt\u00f3rych inwestycja dotknie najbardziej \u2013 mieszka\u0144com.<\/b><\/p>\n<p dir=\"ltr\" style=\"text-align: justify;\">\u200bW\u00f3jt Gminy Szyd\u0142owo wsp\u00f3lnie z Dyrektorem Powiatowego Zarz\u0105du Dr\u00f3g (PZD) w M\u0142awie wychodz\u0105 z inicjatyw\u0105 otwartego dialogu. Nadchodz\u0105ce spotkanie informacyjne to nie jest tylko formalno\u015b\u0107 czy zwyk\u0142e zebranie w urz\u0119dzie \u2013 to realna szansa na to, by zajrze\u0107 w plany projektant\u00f3w i zg\u0142osi\u0107 w\u0142asne, wi\u0105\u017c\u0105ce uwagi.<\/p>\n<h3 dir=\"ltr\" style=\"text-align: justify;\">\u200bKto powinien czu\u0107 si\u0119 wywo\u0142any do tablicy?<\/h3>\n<p dir=\"ltr\" style=\"text-align: justify;\">\u200bOrganizatorzy kieruj\u0105 swoje zaproszenie do spo\u0142eczno\u015bci lokalnej, a w szczeg\u00f3lno\u015bci do mieszka\u0144c\u00f3w wsi:<\/p>\n<ul style=\"text-align: justify;\">\n<li dir=\"ltr\">\u200b<b>Szyd\u0142owo<\/b><\/li>\n<li dir=\"ltr\">\u200b<b>Giednia<\/b><\/li>\n<li dir=\"ltr\">\u200b<b>M\u0142odynin<\/b><\/li>\n<\/ul>\n<p dir=\"ltr\" style=\"text-align: justify;\">\u200bJednak absolutnie <b>najwa\u017cniejszymi go\u015b\u0107mi na tej sali b\u0119d\u0105 w\u0142a\u015bciciele grunt\u00f3w<\/b> zlokalizowanych bezpo\u015brednio przy rozbudowywanym odcinku. Dlaczego to takie wa\u017cne? Poniewa\u017c docelowy przebieg drogi, lokalizacja chodnik\u00f3w, row\u00f3w melioracyjnych, czy wytyczenie zjazd\u00f3w na prywatne posesje to kwestie, kt\u00f3re b\u0119d\u0105 mia\u0142y bezpo\u015bredni wp\u0142yw na Wasz\u0105 codzienno\u015b\u0107 i warto\u015b\u0107 Waszych nieruchomo\u015bci na d\u0142ugie dziesi\u0119ciolecia.<\/p>\n<h3 dir=\"ltr\" style=\"text-align: justify;\">\u200bCo znajdzie si\u0119 na wokandzie?<\/h3>\n<p dir=\"ltr\" style=\"text-align: justify;\">\u200bPrzedstawiciele PZD w M\u0142awie przywioz\u0105 ze sob\u0105 naj\u015bwie\u017csz\u0105 dokumentacj\u0119 projektow\u0105. Ka\u017cdy uczestnik b\u0119dzie m\u00f3g\u0142:<\/p>\n<ol style=\"text-align: justify;\">\n<li dir=\"ltr\">\u200bZapozna\u0107 si\u0119 z dok\u0142adnym, wy\u0142o\u017conym na st\u00f3\u0142 planem inwestycji.<\/li>\n<li dir=\"ltr\">\u200bZadawa\u0107 pytania bezpo\u015brednio osobom odpowiedzialnym za projekt.<\/li>\n<li dir=\"ltr\">\u200b<b>Sk\u0142ada\u0107 oficjalne uwagi, wnioski i zastrze\u017cenia.<\/b> To w\u0142a\u015bnie te wnioski s\u0105 kluczem do sukcesu. Projektanci potrzebuj\u0105 perspektywy mieszka\u0144c\u00f3w, aby wyeliminowa\u0107 b\u0142\u0119dy na etapie &#8220;papierowym&#8221;, co jest znacznie \u0142atwiejsze (i ta\u0144sze) ni\u017c naprawianie ich po wylaniu asfaltu.<\/li>\n<\/ol>\n<h3 dir=\"ltr\" style=\"text-align: justify;\">\u200bZanotuj w kalendarzu! \u2013 Niezb\u0119dnik uczestnika<\/h3>\n<p style=\"text-align: justify;\">\n<ul style=\"text-align: justify;\">\n<li dir=\"ltr\">\u200b<b>Data:<\/b> 9 kwietnia 2026 r. (czwartek)<\/li>\n<li dir=\"ltr\">\u200b<b>Godzina:<\/b> 10:00 rano<\/li>\n<li dir=\"ltr\">\u200b<b>Miejsce:<\/b> Sala konferencyjna Urz\u0119du Gminy Szyd\u0142owo<\/li>\n<\/ul>\n<p style=\"text-align: justify;\">T.B\u00a0<span style=\"color: #555555; font-family: Roboto, sans-serif; font-size: 15px; text-align: justify;\">KOMENTARZE<\/span><\/p>\n<p style=\"box-sizing: border-box; margin-top: 0px; margin-bottom: 15px; color: #555555; font-family: Roboto, sans-serif; font-size: 15px; text-align: justify;\">Wydawca portalu nie ponosi odpowiedzialno\u015bci za tre\u015b\u0107 komentarzy zamieszczanych przez u\u017cytkownik\u00f3w. Osoby zamieszczaj\u0105ce wypowiedzi naruszaj\u0105ce prawo lub prawem chronione dobra os\u00f3b trzecich mog\u0105 ponie\u015b\u0107 z tego tytu\u0142u odpowiedzialno\u015b\u0107 karn\u0105 lub cywiln\u0105.JEDNOCZE\u015aNIE UZYTKOWNICY ZAMIESZCZAJ\u0104C KOMENTARZ OSWIADCZAJ\u0104, \u017bE BIOR\u0104 PE\u0141N\u0104 ODPOWIEDZIALNO\u015a\u0106 ZA TRE\u015aCI UMIESZCZONE PRZEZ SIEBIE<\/p>\n<div style=\"padding-bottom:20px; padding-top:10px;\" class=\"hupso-share-buttons\"><!-- Hupso Share Buttons - https:\/\/www.hupso.com\/share\/ --><a class=\"hupso_pop\" href=\"https:\/\/www.hupso.com\/share\/\"><img decoding=\"async\" data-src=\"http:\/\/static.hupso.com\/share\/buttons\/button100x23.png\" style=\"border:0px; width:100; height: 23; \" alt=\"Share Button\" src=\"data:image\/svg+xml;base64,PHN2ZyB3aWR0aD0iMSIgaGVpZ2h0PSIxIiB4bWxucz0iaHR0cDovL3d3dy53My5vcmcvMjAwMC9zdmciPjwvc3ZnPg==\" class=\"lazyload\" \/><\/a><script type=\"text\/javascript\">var hupso_services=new Array(\"Twitter\",\"Facebook\",\"Pinterest\",\"Linkedin\",\"Tumblr\",\"StumbleUpon\",\"Digg\",\"Reddit\",\"Bebo\",\"Delicious\",\"QZone\",\"Renren\",\"Email\");var hupso_icon_type = \"labels\";var hupso_background=\"#3BF8FF\";var hupso_border=\"#FF2B0A\";var hupso_image_folder_url = \"\";var hupso_url=\"\";var hupso_title=\"Asfalt%2C%20Grunty%20i%20Przysz%C5%82o%C5%9B%C4%87%20Naszej%20Gminy%3A%20Zadecyduj%2C%20jak%20b%C4%99dzie%20wygl%C4%85da%C4%87%20nowa%20droga%21\";<\/script><script type=\"text\/javascript\" src=\"http:\/\/static.hupso.com\/share\/js\/share.js\"><\/script><!-- Hupso Share Buttons --><\/div>","protected":false},"excerpt":{"rendered":"<p>Zmiany na drogowej mapie powiatu m\u0142awskiego staj\u0105 si\u0119 faktem. Przed nami kluczowy etap przygotowa\u0144 do rozbudowy drogi powiatowej nr 2323W na trasie Szyd\u0142owo \u2013 \u017bmijewo Ko\u015bcielne. Zanim jednak na plac&hellip; <\/p>\n<div style=\"padding-bottom:20px; padding-top:10px;\" class=\"hupso-share-buttons\"><!-- Hupso Share Buttons - https:\/\/www.hupso.com\/share\/ --><a class=\"hupso_pop\" href=\"https:\/\/www.hupso.com\/share\/\"><img data-src=\"http:\/\/static.hupso.com\/share\/buttons\/button100x23.png\" style=\"border:0px; width:100; height: 23; \" alt=\"Share Button\" src=\"data:image\/svg+xml;base64,PHN2ZyB3aWR0aD0iMSIgaGVpZ2h0PSIxIiB4bWxucz0iaHR0cDovL3d3dy53My5vcmcvMjAwMC9zdmciPjwvc3ZnPg==\" class=\"lazyload\" \/><\/a><script type=\"text\/javascript\">var hupso_services=new Array(\"Twitter\",\"Facebook\",\"Pinterest\",\"Linkedin\",\"Tumblr\",\"StumbleUpon\",\"Digg\",\"Reddit\",\"Bebo\",\"Delicious\",\"QZone\",\"Renren\",\"Email\");var hupso_icon_type = \"labels\";var hupso_background=\"#3BF8FF\";var hupso_border=\"#FF2B0A\";var hupso_image_folder_url = \"\";var hupso_url=\"\";var hupso_title=\"Asfalt%2C%20Grunty%20i%20Przysz%C5%82o%C5%9B%C4%87%20Naszej%20Gminy%3A%20Zadecyduj%2C%20jak%20b%C4%99dzie%20wygl%C4%85da%C4%87%20nowa%20droga%21\";<\/script><script type=\"text\/javascript\" src=\"http:\/\/static.hupso.com\/share\/js\/share.js\"><\/script><!-- Hupso Share Buttons --><\/div>","protected":false},"author":1,"featured_media":14212,"comment_status":"open","ping_status":"open","sticky":false,"template":"","format":"standard","meta":{"_acf_changed":false,"wprm-recipe-roundup-name":"","wprm-recipe-roundup-description":"","footnotes":""},"categories":[19,506,28],"tags":[],"class_list":["post-14211","post","type-post","status-publish","format-standard","has-post-thumbnail","hentry","category-aktualnosci","category-pow","category-wyd"],"acf":[],"amp_enabled":true,"_links":{"self":[{"href":"http:\/\/portalm\u0142awa.pl\/index.php?rest_route=\/wp\/v2\/posts\/14211","targetHints":{"allow":["GET"]}}],"collection":[{"href":"http:\/\/portalm\u0142awa.pl\/index.php?rest_route=\/wp\/v2\/posts"}],"about":[{"href":"http:\/\/portalm\u0142awa.pl\/index.php?rest_route=\/wp\/v2\/types\/post"}],"author":[{"embeddable":true,"href":"http:\/\/portalm\u0142awa.pl\/index.php?rest_route=\/wp\/v2\/users\/1"}],"replies":[{"embeddable":true,"href":"http:\/\/portalm\u0142awa.pl\/index.php?rest_route=%2Fwp%2Fv2%2Fcomments&post=14211"}],"version-history":[{"count":1,"href":"http:\/\/portalm\u0142awa.pl\/index.php?rest_route=\/wp\/v2\/posts\/14211\/revisions"}],"predecessor-version":[{"id":14213,"href":"http:\/\/portalm\u0142awa.pl\/index.php?rest_route=\/wp\/v2\/posts\/14211\/revisions\/14213"}],"wp:featuredmedia":[{"embeddable":true,"href":"http:\/\/portalm\u0142awa.pl\/index.php?rest_route=\/wp\/v2\/media\/14212"}],"wp:attachment":[{"href":"http:\/\/portalm\u0142awa.pl\/index.php?rest_route=%2Fwp%2Fv2%2Fmedia&parent=14211"}],"wp:term":[{"taxonomy":"category","embeddable":true,"href":"http:\/\/portalm\u0142awa.pl\/index.php?rest_route=%2Fwp%2Fv2%2Fcategories&post=14211"},{"taxonomy":"post_tag","embeddable":true,"href":"http:\/\/portalm\u0142awa.pl\/index.php?rest_route=%2Fwp%2Fv2%2Ftags&post=14211"}],"curies":[{"name":"wp","href":"https:\/\/api.w.org\/{rel}","templated":true}]}}