{"id":14214,"date":"2026-03-31T12:07:45","date_gmt":"2026-03-31T10:07:45","guid":{"rendered":"http:\/\/portalm\u0142awa.pl\/?p=14214"},"modified":"2026-03-31T12:07:45","modified_gmt":"2026-03-31T10:07:45","slug":"tragiczny-wypadek-na-drodze-relacji-strzegowo-radzimowice","status":"publish","type":"post","link":"http:\/\/portalm\u0142awa.pl\/?p=14214","title":{"rendered":"Tragiczny wypadek na drodze relacji Strzegowo- Radzimowice"},"content":{"rendered":"<div style=\"color: #2c2f45; font-family: Verdana, Arial, Helvetica, sans-serif; font-size: small;\">\n<div class=\"gwp04098c75_head\" style=\"font-family: Arial, Helvetica, sans-serif; font-size: 12px; word-spacing: 1.92px;\">\n<p class=\"gwp04098c75_intro\" style=\"font-size: 13.2px; text-align: justify;\"><strong>Trwaj\u0105 czynno\u015bci m\u0142awskiej policji oraz prokuratury w sprawie tragicznego wypadku, do kt\u00f3rego dosz\u0142o wczoraj wieczorem (30.03), na drodze relacji Strzegowo- Radzimowice, w rejonie Prusocina. Kierowca volkswagena zjecha\u0142 z drogi i uderzy\u0142 w drzewo.<\/strong><\/p>\n<\/div>\n<p style=\"font-family: Arial, Helvetica, sans-serif; font-size: 12px; word-spacing: 1.92px; text-align: justify;\">Przypadkowi \u015bwiadkowie zdarzenia natychmiast powiadomili s\u0142u\u017cby ratunkowe. Ci\u0119\u017cko ranny kierowca volkswagena, 56 -letni mieszkaniec pow. m\u0142awskiego, zmar\u0142 po przewiezieniu do szpitala. Pasa\u017cer, 48-letni mieszkaniec pow. m\u0142awskiego, z obra\u017ceniami cia\u0142a zosta\u0142 przetransportowany do szpitala w Ciechanowie.<\/p>\n<p style=\"font-family: Arial, Helvetica, sans-serif; font-size: 12px; word-spacing: 1.92px; text-align: justify;\">Jak wynika z ustale\u0144 policjant\u00f3w, pracuj\u0105cych na miejscu wypadku, kierowca volkswagena, jad\u0105c od strony Strzegowa w kierunku Radzimowic, tu\u017c przed miejscowo\u015bci\u0105 Prusocin, z nieustalonych jak na razie przyczyn, zjecha\u0142 z drogi do przydro\u017cnego rowu, uderzy\u0142 w znak drogowy a nast\u0119pnie w drzewo.\u00a0 Trwaj\u0105 ustalenia przebiegu i przyczyn wypadku, czynno\u015bci prowadzi m\u0142awska policja pod nadzorem prokuratury.<\/p>\n<p style=\"font-family: Arial, Helvetica, sans-serif; font-size: 12px; word-spacing: 1.92px; text-align: justify;\">Autor: asp.szt. Anna Paw\u0142owska<\/p>\n<p style=\"box-sizing: border-box; margin-top: 0px; margin-bottom: 15px; color: #555555; font-family: Roboto, sans-serif; font-size: 15px; text-align: justify;\"><span style=\"box-sizing: border-box; font-weight: bolder;\">KOMENTARZE<\/span><\/p>\n<p style=\"box-sizing: border-box; margin-top: 0px; margin-bottom: 15px; color: #555555; font-family: Roboto, sans-serif; font-size: 15px; text-align: justify;\"><em style=\"box-sizing: border-box;\">Wydawca portalu nie ponosi odpowiedzialno\u015bci za tre\u015b\u0107 komentarzy zamieszczanych przez u\u017cytkownik\u00f3w. Osoby zamieszczaj\u0105ce wypowiedzi naruszaj\u0105ce prawo lub prawem chronione dobra os\u00f3b trzecich mog\u0105 ponie\u015b\u0107 z tego tytu\u0142u odpowiedzialno\u015b\u0107 karn\u0105 lub cywiln\u0105.<\/em><span style=\"box-sizing: border-box; font-weight: bolder;\"><em style=\"box-sizing: border-box;\">JEDNOCZE\u015aNIE UZYTKOWNICY ZAMIESZCZAJ\u0104C KOMENTARZ OSWIADCZAJ\u0104, \u017bE BIOR\u0104 PE\u0141N\u0104 ODPOWIEDZIALNO\u015a\u0106 ZA TRE\u015aCI UMIESZCZONE PRZEZ SIEBIE<\/em><\/span><\/p>\n<\/div>\n<div style=\"padding-bottom:20px; padding-top:10px;\" class=\"hupso-share-buttons\"><!-- Hupso Share Buttons - https:\/\/www.hupso.com\/share\/ --><a class=\"hupso_pop\" href=\"https:\/\/www.hupso.com\/share\/\"><img decoding=\"async\" data-src=\"http:\/\/static.hupso.com\/share\/buttons\/button100x23.png\" style=\"border:0px; width:100; height: 23; \" alt=\"Share Button\" src=\"data:image\/svg+xml;base64,PHN2ZyB3aWR0aD0iMSIgaGVpZ2h0PSIxIiB4bWxucz0iaHR0cDovL3d3dy53My5vcmcvMjAwMC9zdmciPjwvc3ZnPg==\" class=\"lazyload\" \/><\/a><script type=\"text\/javascript\">var hupso_services=new Array(\"Twitter\",\"Facebook\",\"Pinterest\",\"Linkedin\",\"Tumblr\",\"StumbleUpon\",\"Digg\",\"Reddit\",\"Bebo\",\"Delicious\",\"QZone\",\"Renren\",\"Email\");var hupso_icon_type = \"labels\";var hupso_background=\"#3BF8FF\";var hupso_border=\"#FF2B0A\";var hupso_image_folder_url = \"\";var hupso_url=\"\";var hupso_title=\"Tragiczny%20wypadek%20na%20drodze%20relacji%20Strzegowo-%20Radzimowice\";<\/script><script type=\"text\/javascript\" src=\"http:\/\/static.hupso.com\/share\/js\/share.js\"><\/script><!-- Hupso Share Buttons --><\/div>","protected":false},"excerpt":{"rendered":"<p>Trwaj\u0105 czynno\u015bci m\u0142awskiej policji oraz prokuratury w sprawie tragicznego wypadku, do kt\u00f3rego dosz\u0142o wczoraj wieczorem (30.03), na drodze relacji Strzegowo- Radzimowice, w rejonie Prusocina. Kierowca volkswagena zjecha\u0142 z drogi i&hellip; <\/p>\n<div style=\"padding-bottom:20px; padding-top:10px;\" class=\"hupso-share-buttons\"><!-- Hupso Share Buttons - https:\/\/www.hupso.com\/share\/ --><a class=\"hupso_pop\" href=\"https:\/\/www.hupso.com\/share\/\"><img data-src=\"http:\/\/static.hupso.com\/share\/buttons\/button100x23.png\" style=\"border:0px; width:100; height: 23; \" alt=\"Share Button\" src=\"data:image\/svg+xml;base64,PHN2ZyB3aWR0aD0iMSIgaGVpZ2h0PSIxIiB4bWxucz0iaHR0cDovL3d3dy53My5vcmcvMjAwMC9zdmciPjwvc3ZnPg==\" class=\"lazyload\" \/><\/a><script type=\"text\/javascript\">var hupso_services=new Array(\"Twitter\",\"Facebook\",\"Pinterest\",\"Linkedin\",\"Tumblr\",\"StumbleUpon\",\"Digg\",\"Reddit\",\"Bebo\",\"Delicious\",\"QZone\",\"Renren\",\"Email\");var hupso_icon_type = \"labels\";var hupso_background=\"#3BF8FF\";var hupso_border=\"#FF2B0A\";var hupso_image_folder_url = \"\";var hupso_url=\"\";var hupso_title=\"Tragiczny%20wypadek%20na%20drodze%20relacji%20Strzegowo-%20Radzimowice\";<\/script><script type=\"text\/javascript\" src=\"http:\/\/static.hupso.com\/share\/js\/share.js\"><\/script><!-- Hupso Share Buttons --><\/div>","protected":false},"author":1,"featured_media":14215,"comment_status":"open","ping_status":"open","sticky":false,"template":"","format":"standard","meta":{"_acf_changed":false,"wprm-recipe-roundup-name":"","wprm-recipe-roundup-description":"","footnotes":""},"categories":[19,5,28],"tags":[],"class_list":["post-14214","post","type-post","status-publish","format-standard","has-post-thumbnail","hentry","category-aktualnosci","category-na-sygnale","category-wyd"],"acf":[],"amp_enabled":true,"_links":{"self":[{"href":"http:\/\/portalm\u0142awa.pl\/index.php?rest_route=\/wp\/v2\/posts\/14214","targetHints":{"allow":["GET"]}}],"collection":[{"href":"http:\/\/portalm\u0142awa.pl\/index.php?rest_route=\/wp\/v2\/posts"}],"about":[{"href":"http:\/\/portalm\u0142awa.pl\/index.php?rest_route=\/wp\/v2\/types\/post"}],"author":[{"embeddable":true,"href":"http:\/\/portalm\u0142awa.pl\/index.php?rest_route=\/wp\/v2\/users\/1"}],"replies":[{"embeddable":true,"href":"http:\/\/portalm\u0142awa.pl\/index.php?rest_route=%2Fwp%2Fv2%2Fcomments&post=14214"}],"version-history":[{"count":1,"href":"http:\/\/portalm\u0142awa.pl\/index.php?rest_route=\/wp\/v2\/posts\/14214\/revisions"}],"predecessor-version":[{"id":14216,"href":"http:\/\/portalm\u0142awa.pl\/index.php?rest_route=\/wp\/v2\/posts\/14214\/revisions\/14216"}],"wp:featuredmedia":[{"embeddable":true,"href":"http:\/\/portalm\u0142awa.pl\/index.php?rest_route=\/wp\/v2\/media\/14215"}],"wp:attachment":[{"href":"http:\/\/portalm\u0142awa.pl\/index.php?rest_route=%2Fwp%2Fv2%2Fmedia&parent=14214"}],"wp:term":[{"taxonomy":"category","embeddable":true,"href":"http:\/\/portalm\u0142awa.pl\/index.php?rest_route=%2Fwp%2Fv2%2Fcategories&post=14214"},{"taxonomy":"post_tag","embeddable":true,"href":"http:\/\/portalm\u0142awa.pl\/index.php?rest_route=%2Fwp%2Fv2%2Ftags&post=14214"}],"curies":[{"name":"wp","href":"https:\/\/api.w.org\/{rel}","templated":true}]}}