{"id":14220,"date":"2026-03-31T12:50:33","date_gmt":"2026-03-31T10:50:33","guid":{"rendered":"http:\/\/portalm\u0142awa.pl\/?p=14220"},"modified":"2026-03-31T12:51:01","modified_gmt":"2026-03-31T10:51:01","slug":"koniec-z-nuda-na-emeryturze-rzad-kladzie-na-stol-610-milionow-i-wyciaga-z-rekawa-asy-dla-seniorow","status":"publish","type":"post","link":"http:\/\/portalm\u0142awa.pl\/?p=14220","title":{"rendered":"Koniec z nud\u0105 na emeryturze! Rz\u0105d k\u0142adzie na st\u00f3\u0142 610 milion\u00f3w i wyci\u0105ga z r\u0119kawa \u201eASY\u201d dla senior\u00f3w"},"content":{"rendered":"<p dir=\"ltr\" style=\"text-align: justify;\"><b>Polska si\u0119 starzeje, ale to nie znaczy, \u017ce musi zwalnia\u0107 tempo. Wr\u0119cz przeciwnie! Od 2026 roku znikaj\u0105 znane nam programy \u201eAktywni+\u201d i \u201eSenior+\u201d, a w ich miejsce wkracza nowa, pot\u0119\u017cna inicjatywa: Program Wieloletni na rzecz Os\u00f3b Starszych \u201eAktywni Seniorzy \u2013 ASY\u201d na lata 2026-2030. Co to oznacza dla milion\u00f3w Polak\u00f3w po sze\u015b\u0107dziesi\u0105tce? Rewolucj\u0119 w integracji, edukacji i codziennym wsparciu, popart\u0105 bud\u017cetem w wysoko\u015bci ponad 600 milion\u00f3w z\u0142otych.<\/b><\/p>\n<p dir=\"ltr\" style=\"text-align: justify;\">\u200b<b>Z\u0142oty wiek z nowym rozdaniem<\/b><\/p>\n<p dir=\"ltr\" style=\"text-align: justify;\">\u200bDemografia jest nieub\u0142agana i musimy o tym m\u00f3wi\u0107 g\u0142o\u015bno. Ju\u017c dzi\u015b co czwarty Polak ma ponad 60 lat, a prognozy G\u0142\u00f3wnego Urz\u0119du Statystycznego nie pozostawiaj\u0105 z\u0142udze\u0144 \u2013 do 2050 roku ten odsetek wzro\u015bnie do oko\u0142o 40%. Atomizacja spo\u0142eczna, zmiany modelu rodziny i wyd\u0142u\u017caj\u0105cy si\u0119 czas \u017cycia sprawiaj\u0105, \u017ce dora\u017ane programy to za ma\u0142o. Potrzebujemy systemowej i d\u0142ugofalowej polityki.<\/p>\n<p dir=\"ltr\" style=\"text-align: justify;\">\u200bOdpowiedzi\u0105 na te wyzwania ma by\u0107 zaprezentowany w\u0142a\u015bnie przez Kancelari\u0119 Premiera program \u201eASY\u201d. Rz\u0105d postanowi\u0142 po\u0142\u0105czy\u0107 to, co najlepsze z dotychczasowych program\u00f3w, eliminuj\u0105c jednocze\u015bnie ich ograniczenia. Nowy program to swoisty as w r\u0119kawie polityki senioralnej, kt\u00f3ry stawia sobie jeden nadrz\u0119dny cel: realn\u0105 popraw\u0119 jako\u015bci \u017cycia poprzez w\u0142\u0105czenie os\u00f3b starszych do aktywnego \u017cycia kulturalnego, spo\u0142ecznego i edukacyjnego.<\/p>\n<p dir=\"ltr\" style=\"text-align: justify;\">\u200b<b>Pi\u0119\u0107 filar\u00f3w, czyli budowanie jesieni \u017cycia od podstaw<\/b><\/p>\n<p dir=\"ltr\" style=\"text-align: justify;\">\u200bProgram \u201eAktywni Seniorzy \u2013 ASY\u201d to nie tylko chwytliwa nazwa i dynamiczne logo. To pot\u0119\u017cne, strategiczne narz\u0119dzie z gwarantowanym bud\u017cetem rz\u0119du <b>610 milion\u00f3w z\u0142otych<\/b> (zaczynaj\u0105c od 100 mln z\u0142 w 2026 roku, z rosn\u0105c\u0105 pul\u0105 w kolejnych latach). Te gigantyczne \u015brodki nie zostan\u0105 jednak rozdane \u201ew ciemno\u201d. Zosta\u0142y precyzyjnie podzielone na pi\u0119\u0107 priorytet\u00f3w:<\/p>\n<ol style=\"text-align: justify;\">\n<li dir=\"ltr\">\u200b<b>Strategia i innowacje (25 mln z\u0142)<\/b> \u2013 To kapita\u0142 na kreowanie nowoczesnych, og\u00f3lnopolskich rozwi\u0105za\u0144 w polityce senioralnej. Potrzebujemy innowacji, kt\u00f3re zadzia\u0142aj\u0105 nie tylko na chwil\u0119, ale wyznacz\u0105 standardy na dekady.<\/li>\n<li dir=\"ltr\">\u200b<b>Edukacja os\u00f3b starszych (75 mln z\u0142)<\/b> \u2013 Z\u0142oty wiek to idealny moment na nauk\u0119 obs\u0142ugi nowych technologii, j\u0119zyk\u00f3w czy rozwijanie ukrytych pasji. \u015arodki te dodadz\u0105 wiatru w \u017cagle m.in. Uniwersytetom Trzeciego Wieku.<\/li>\n<li dir=\"ltr\">\u200b<b>Partycypacja spo\u0142eczna (50 mln z\u0142)<\/b> \u2013 Seniorzy to pot\u0119\u017cny kapita\u0142 spo\u0142eczny. Ten filar wesprze rady senior\u00f3w i inicjatywy obywatelskie, daj\u0105c starszym osobom realny wp\u0142yw na to, co dzieje si\u0119 w ich ma\u0142ych ojczyznach.<\/li>\n<li dir=\"ltr\">\u200b<b>Integracja wewn\u0105trzpokoleniowa (50 mln z\u0142)<\/b> \u2013 Czas zasypa\u0107 przepa\u015b\u0107 mi\u0119dzy \u201e\u015bwiatem m\u0142odych\u201d a \u201e\u015bwiatem starych\u201d. Program stawia na inicjatywy \u0142\u0105cz\u0105ce pokolenia, kt\u00f3re maj\u0105 pom\u00f3c w walce z jednym z najwi\u0119kszych cichych wrog\u00f3w staro\u015bci: osamotnieniem.<\/li>\n<li dir=\"ltr\">\u200b<b>Rozw\u00f3j dziennych form wsparcia (410 mln z\u0142)<\/b> \u2013 To absolutny fundament \u201eAS\u00d3W\u201d, kt\u00f3ry poch\u0142onie lwi\u0105 cz\u0119\u015b\u0107 bud\u017cetu. Pieni\u0105dze pop\u0142yn\u0105 na rozw\u00f3j infrastruktury \u2013 dziennych dom\u00f3w pomocy i klub\u00f3w seniora. Miejsc, w kt\u00f3rych osoby starsze mog\u0105 po prostu sp\u0119dzi\u0107 czas, zje\u015b\u0107 wsp\u00f3lny posi\u0142ek, porozmawia\u0107 i poczu\u0107 si\u0119 potrzebne w bezpiecznym otoczeniu.<\/li>\n<\/ol>\n<p dir=\"ltr\" style=\"text-align: justify;\">\u200b<b>Kto wejdzie do gry?<\/b><\/p>\n<p dir=\"ltr\" style=\"text-align: justify;\">\u200bRz\u0105d rozdaje karty, ale to od lokalnych graczy zale\u017cy, czy wygraj\u0105 stawk\u0119. O \u015brodki w formie dotacji z programu \u201eAktywni Seniorzy \u2013 ASY\u201d b\u0119d\u0105 ubiega\u0107 si\u0119 samorz\u0105dy, organizacje pozarz\u0105dowe (NGO), Uniwersytety Trzeciego Wieku i zrzeszenia senioralne. To na szczeblu gmin, powiat\u00f3w i wojew\u00f3dztw b\u0119d\u0105 realizowane projekty, kt\u00f3re zamieni\u0105 ministerialne zapowiedzi w realne dzia\u0142ania blisko dom\u00f3w milion\u00f3w Polak\u00f3w.<\/p>\n<p dir=\"ltr\" style=\"text-align: justify;\">\u200bWi\u0119cej szczeg\u00f3\u0142owych informacji na temat wdra\u017cania za\u0142o\u017ce\u0144 mo\u017cna znale\u017a\u0107 na oficjalnych stronach rz\u0105dowych: <a href=\"https:\/\/www.gov.pl\/web\/senior\/program-aktywni-seniorzy---asy-na-lata-20262030\">https:\/\/www.gov.pl\/web\/senior\/program-aktywni-seniorzy&#8212;asy-na-lata-20262030<\/a>.<\/p>\n<p dir=\"ltr\" style=\"text-align: justify;\">\u200b<b>#AktywnySeniorXXIwieku<\/b><\/p>\n<p dir=\"ltr\" style=\"text-align: justify;\">\u200bProgram \u201eASY\u201d to co\u015b wi\u0119cej ni\u017c dotacje. To zmiana sposobu postrzegania staro\u015bci w Polsce. Przestajemy m\u00f3wi\u0107 wy\u0142\u0105cznie o obci\u0105\u017ceniu systemu emerytalnego, a zaczynamy inwestowa\u0107 w kapita\u0142 i godno\u015b\u0107 starszych obywateli. Emerytura w dobie programu \u201eASY\u201d nie musi \u2013 i nie powinna \u2013 oznacza\u0107 wy\u0142\u0105cznie kanapy przed telewizorem. To szansa na nowe pocz\u0105tki. Pozostaje tylko trzyma\u0107 kciuki, by lokalni w\u0142odarze i organizacje spo\u0142eczne umiej\u0119tnie zgrali tymi kartami na korzy\u015b\u0107 polskich senior\u00f3w.<\/p>\n<p>T.B<\/p>\n<p style=\"box-sizing: border-box; margin-top: 0px; margin-bottom: 15px; color: #555555; font-family: Roboto, sans-serif; font-size: 15px; text-align: justify;\"><span style=\"box-sizing: border-box; font-weight: bolder;\">KOMENTARZE<\/span><\/p>\n<p style=\"box-sizing: border-box; margin-top: 0px; margin-bottom: 15px; color: #555555; font-family: Roboto, sans-serif; font-size: 15px; text-align: justify;\"><em style=\"box-sizing: border-box;\">Wydawca portalu nie ponosi odpowiedzialno\u015bci za tre\u015b\u0107 komentarzy zamieszczanych przez u\u017cytkownik\u00f3w. Osoby zamieszczaj\u0105ce wypowiedzi naruszaj\u0105ce prawo lub prawem chronione dobra os\u00f3b trzecich mog\u0105 ponie\u015b\u0107 z tego tytu\u0142u odpowiedzialno\u015b\u0107 karn\u0105 lub cywiln\u0105.<\/em><span style=\"box-sizing: border-box; font-weight: bolder;\"><em style=\"box-sizing: border-box;\">JEDNOCZE\u015aNIE UZYTKOWNICY ZAMIESZCZAJ\u0104C KOMENTARZ OSWIADCZAJ\u0104, \u017bE BIOR\u0104 PE\u0141N\u0104 ODPOWIEDZIALNO\u015a\u0106 ZA TRE\u015aCI UMIESZCZONE PRZEZ SIEBIE<\/em><\/span><\/p>\n<div style=\"padding-bottom:20px; padding-top:10px;\" class=\"hupso-share-buttons\"><!-- Hupso Share Buttons - https:\/\/www.hupso.com\/share\/ --><a class=\"hupso_pop\" href=\"https:\/\/www.hupso.com\/share\/\"><img decoding=\"async\" data-src=\"http:\/\/static.hupso.com\/share\/buttons\/button100x23.png\" style=\"border:0px; width:100; height: 23; \" alt=\"Share Button\" src=\"data:image\/svg+xml;base64,PHN2ZyB3aWR0aD0iMSIgaGVpZ2h0PSIxIiB4bWxucz0iaHR0cDovL3d3dy53My5vcmcvMjAwMC9zdmciPjwvc3ZnPg==\" class=\"lazyload\" \/><\/a><script type=\"text\/javascript\">var hupso_services=new Array(\"Twitter\",\"Facebook\",\"Pinterest\",\"Linkedin\",\"Tumblr\",\"StumbleUpon\",\"Digg\",\"Reddit\",\"Bebo\",\"Delicious\",\"QZone\",\"Renren\",\"Email\");var hupso_icon_type = \"labels\";var hupso_background=\"#3BF8FF\";var hupso_border=\"#FF2B0A\";var hupso_image_folder_url = \"\";var hupso_url=\"\";var hupso_title=\"Koniec%20z%20nud%C4%85%20na%20emeryturze%21%20Rz%C4%85d%20k%C5%82adzie%20na%20st%C3%B3%C5%82%20610%20milion%C3%B3w%20i%20wyci%C4%85ga%20z%20r%C4%99kawa%20%E2%80%9EASY%E2%80%9D%20dla%20senior%C3%B3w\";<\/script><script type=\"text\/javascript\" src=\"http:\/\/static.hupso.com\/share\/js\/share.js\"><\/script><!-- Hupso Share Buttons --><\/div>","protected":false},"excerpt":{"rendered":"<p>Polska si\u0119 starzeje, ale to nie znaczy, \u017ce musi zwalnia\u0107 tempo. Wr\u0119cz przeciwnie! Od 2026 roku znikaj\u0105 znane nam programy \u201eAktywni+\u201d i \u201eSenior+\u201d, a w ich miejsce wkracza nowa, pot\u0119\u017cna&hellip; <\/p>\n<div style=\"padding-bottom:20px; padding-top:10px;\" class=\"hupso-share-buttons\"><!-- Hupso Share Buttons - https:\/\/www.hupso.com\/share\/ --><a class=\"hupso_pop\" href=\"https:\/\/www.hupso.com\/share\/\"><img data-src=\"http:\/\/static.hupso.com\/share\/buttons\/button100x23.png\" style=\"border:0px; width:100; height: 23; \" alt=\"Share Button\" src=\"data:image\/svg+xml;base64,PHN2ZyB3aWR0aD0iMSIgaGVpZ2h0PSIxIiB4bWxucz0iaHR0cDovL3d3dy53My5vcmcvMjAwMC9zdmciPjwvc3ZnPg==\" class=\"lazyload\" \/><\/a><script type=\"text\/javascript\">var hupso_services=new Array(\"Twitter\",\"Facebook\",\"Pinterest\",\"Linkedin\",\"Tumblr\",\"StumbleUpon\",\"Digg\",\"Reddit\",\"Bebo\",\"Delicious\",\"QZone\",\"Renren\",\"Email\");var hupso_icon_type = \"labels\";var hupso_background=\"#3BF8FF\";var hupso_border=\"#FF2B0A\";var hupso_image_folder_url = \"\";var hupso_url=\"\";var hupso_title=\"Koniec%20z%20nud%C4%85%20na%20emeryturze%21%20Rz%C4%85d%20k%C5%82adzie%20na%20st%C3%B3%C5%82%20610%20milion%C3%B3w%20i%20wyci%C4%85ga%20z%20r%C4%99kawa%20%E2%80%9EASY%E2%80%9D%20dla%20senior%C3%B3w\";<\/script><script type=\"text\/javascript\" src=\"http:\/\/static.hupso.com\/share\/js\/share.js\"><\/script><!-- Hupso Share Buttons --><\/div>","protected":false},"author":1,"featured_media":14221,"comment_status":"open","ping_status":"open","sticky":false,"template":"","format":"standard","meta":{"_acf_changed":false,"wprm-recipe-roundup-name":"","wprm-recipe-roundup-description":"","footnotes":""},"categories":[19,28],"tags":[],"class_list":["post-14220","post","type-post","status-publish","format-standard","has-post-thumbnail","hentry","category-aktualnosci","category-wyd"],"acf":[],"amp_enabled":true,"_links":{"self":[{"href":"http:\/\/portalm\u0142awa.pl\/index.php?rest_route=\/wp\/v2\/posts\/14220","targetHints":{"allow":["GET"]}}],"collection":[{"href":"http:\/\/portalm\u0142awa.pl\/index.php?rest_route=\/wp\/v2\/posts"}],"about":[{"href":"http:\/\/portalm\u0142awa.pl\/index.php?rest_route=\/wp\/v2\/types\/post"}],"author":[{"embeddable":true,"href":"http:\/\/portalm\u0142awa.pl\/index.php?rest_route=\/wp\/v2\/users\/1"}],"replies":[{"embeddable":true,"href":"http:\/\/portalm\u0142awa.pl\/index.php?rest_route=%2Fwp%2Fv2%2Fcomments&post=14220"}],"version-history":[{"count":1,"href":"http:\/\/portalm\u0142awa.pl\/index.php?rest_route=\/wp\/v2\/posts\/14220\/revisions"}],"predecessor-version":[{"id":14222,"href":"http:\/\/portalm\u0142awa.pl\/index.php?rest_route=\/wp\/v2\/posts\/14220\/revisions\/14222"}],"wp:featuredmedia":[{"embeddable":true,"href":"http:\/\/portalm\u0142awa.pl\/index.php?rest_route=\/wp\/v2\/media\/14221"}],"wp:attachment":[{"href":"http:\/\/portalm\u0142awa.pl\/index.php?rest_route=%2Fwp%2Fv2%2Fmedia&parent=14220"}],"wp:term":[{"taxonomy":"category","embeddable":true,"href":"http:\/\/portalm\u0142awa.pl\/index.php?rest_route=%2Fwp%2Fv2%2Fcategories&post=14220"},{"taxonomy":"post_tag","embeddable":true,"href":"http:\/\/portalm\u0142awa.pl\/index.php?rest_route=%2Fwp%2Fv2%2Ftags&post=14220"}],"curies":[{"name":"wp","href":"https:\/\/api.w.org\/{rel}","templated":true}]}}