{"id":14240,"date":"2026-04-01T11:39:25","date_gmt":"2026-04-01T09:39:25","guid":{"rendered":"http:\/\/portalm\u0142awa.pl\/?p=14240"},"modified":"2026-04-01T11:39:25","modified_gmt":"2026-04-01T09:39:25","slug":"mlawa-zatrzyma-sie-o-2137-cisza-ktora-mowi-wiecej-niz-slowa","status":"publish","type":"post","link":"http:\/\/portalm\u0142awa.pl\/?p=14240","title":{"rendered":"M\u0142awa zatrzyma si\u0119 o 21:37. Cisza, kt\u00f3ra m\u00f3wi wi\u0119cej ni\u017c s\u0142owa"},"content":{"rendered":"<p style=\"text-align: justify;\">S\u0105 takie chwile, kiedy miasto przestaje si\u0119 spieszy\u0107. Kiedy codzienny zgie\u0142k ust\u0119puje miejsca refleksji, a ludzie \u2013 niezale\u017cnie od wieku czy pogl\u0105d\u00f3w \u2013 jednocz\u0105 si\u0119 w jednym ge\u015bcie pami\u0119ci. Taki moment nadejdzie ju\u017c 2 kwietnia 2026 roku.<\/p>\n<p style=\"text-align: justify;\">Dok\u0142adnie o godzinie 21:37, symbolicznej dla milion\u00f3w Polak\u00f3w, mieszka\u0144cy M\u0142awy zgromadz\u0105 si\u0119 przy pomniku Jan Pawe\u0142 II na Starym Rynku, by wsp\u00f3lnie uczci\u0107 21. rocznic\u0119 jego \u015bmierci.<\/p>\n<p style=\"text-align: justify;\">\u00a0<strong>Godzina, kt\u00f3ra zatrzyma\u0142a \u015bwiat<\/strong><\/p>\n<p style=\"text-align: justify;\">21:37 to nie jest zwyk\u0142a pora. To chwila, kt\u00f3ra na zawsze zapisa\u0142a si\u0119 w historii \u2013 moment odej\u015bcia cz\u0142owieka, kt\u00f3ry zmieni\u0142 oblicze Ko\u015bcio\u0142a i \u015bwiata. Dla wielu to czas osobistej refleksji, powrotu do warto\u015bci, kt\u00f3re g\u0142osi\u0142 papie\u017c: jedno\u015bci, mi\u0142o\u015bci i nadziei.<\/p>\n<p style=\"text-align: justify;\">W\u0142a\u015bnie o tej godzinie m\u0142awianie po\u0142\u0105cz\u0105 si\u0119 we wsp\u00f3lnej modlitwie, tworz\u0105c symboliczn\u0105 wsp\u00f3lnot\u0119 pami\u0119ci.<\/p>\n<p style=\"text-align: justify;\"><strong>Spotkanie przy pomniku \u2013 gest, kt\u00f3ry ma znaczenie<\/strong><\/p>\n<p style=\"text-align: justify;\">Centralnym punktem wydarzenia b\u0119dzie pomnik Jan Pawe\u0142 II na Starym Rynku \u2013 miejsce dobrze znane mieszka\u0144com, kt\u00f3re tego wieczoru nabierze szczeg\u00f3lnego znaczenia.<\/p>\n<p style=\"text-align: justify;\">Organizatorzy zapraszaj\u0105 wszystkich:<\/p>\n<p style=\"text-align: justify;\">&#8211; by zatrzyma\u0107 si\u0119 na chwil\u0119<\/p>\n<p style=\"text-align: justify;\">&#8216;- by pomodli\u0107 si\u0119 wsp\u00f3lnie<\/p>\n<p style=\"text-align: justify;\">&#8211; by z\u0142o\u017cy\u0107 kwiaty u st\u00f3p monumentu<\/p>\n<p style=\"text-align: justify;\">To nie b\u0119dzie oficjalna uroczysto\u015b\u0107 pe\u0142na przem\u00f3wie\u0144. To b\u0119dzie cisza, \u015bwiat\u0142o zniczy i obecno\u015b\u0107 ludzi, kt\u00f3rzy chc\u0105 pami\u0119ta\u0107.<\/p>\n<p style=\"text-align: justify;\">\u00a0<strong>M\u0142awa pami\u0119ta<\/strong><\/p>\n<p style=\"text-align: justify;\">Cho\u0107 od tamtego dnia min\u0119\u0142y ju\u017c ponad dwie dekady, pami\u0119\u0107 o Jan Pawe\u0142 II wci\u0105\u017c jest \u017cywa. Takie spotkania pokazuj\u0105, \u017ce jego s\u0142owa i przes\u0142anie nadal maj\u0105 znaczenie \u2013 tak\u017ce tu, lokalnie, w sercu M\u0142awy.<\/p>\n<p style=\"text-align: justify;\"><strong>Bo pami\u0119\u0107 nie jest tylko wspomnieniem.<\/strong><\/p>\n<p style=\"text-align: justify;\">To wyb\u00f3r, by zatrzyma\u0107 si\u0119 cho\u0107 na chwil\u0119 i przypomnie\u0107 sobie, co naprawd\u0119 wa\u017cne.<\/p>\n<p style=\"text-align: justify;\">\ud83d\udd6f\ufe0f 2 kwietnia, godz. 21:37 \u2013 Stary Rynek w M\u0142awie. B\u0105d\u017amy razem.<\/p>\n<p style=\"text-align: justify;\">T.B<\/p>\n<p style=\"box-sizing: border-box; margin-top: 0px; margin-bottom: 15px; color: #555555; font-family: Roboto, sans-serif; font-size: 15px; text-align: justify;\"><span style=\"box-sizing: border-box; font-weight: bolder;\">KOMENTARZE<\/span><\/p>\n<p style=\"box-sizing: border-box; margin-top: 0px; margin-bottom: 15px; color: #555555; font-family: Roboto, sans-serif; font-size: 15px; text-align: justify;\"><em style=\"box-sizing: border-box;\">Wydawca portalu nie ponosi odpowiedzialno\u015bci za tre\u015b\u0107 komentarzy zamieszczanych przez u\u017cytkownik\u00f3w. Osoby zamieszczaj\u0105ce wypowiedzi naruszaj\u0105ce prawo lub prawem chronione dobra os\u00f3b trzecich mog\u0105 ponie\u015b\u0107 z tego tytu\u0142u odpowiedzialno\u015b\u0107 karn\u0105 lub cywiln\u0105.<\/em><span style=\"box-sizing: border-box; font-weight: bolder;\"><em style=\"box-sizing: border-box;\">JEDNOCZE\u015aNIE UZYTKOWNICY ZAMIESZCZAJ\u0104C KOMENTARZ OSWIADCZAJ\u0104, \u017bE BIOR\u0104 PE\u0141N\u0104 ODPOWIEDZIALNO\u015a\u0106 ZA TRE\u015aCI UMIESZCZONE PRZEZ SIEBIE<\/em><\/span><\/p>\n<div style=\"padding-bottom:20px; padding-top:10px;\" class=\"hupso-share-buttons\"><!-- Hupso Share Buttons - https:\/\/www.hupso.com\/share\/ --><a class=\"hupso_pop\" href=\"https:\/\/www.hupso.com\/share\/\"><img decoding=\"async\" data-src=\"http:\/\/static.hupso.com\/share\/buttons\/button100x23.png\" style=\"border:0px; width:100; height: 23; \" alt=\"Share Button\" src=\"data:image\/svg+xml;base64,PHN2ZyB3aWR0aD0iMSIgaGVpZ2h0PSIxIiB4bWxucz0iaHR0cDovL3d3dy53My5vcmcvMjAwMC9zdmciPjwvc3ZnPg==\" class=\"lazyload\" \/><\/a><script type=\"text\/javascript\">var hupso_services=new Array(\"Twitter\",\"Facebook\",\"Pinterest\",\"Linkedin\",\"Tumblr\",\"StumbleUpon\",\"Digg\",\"Reddit\",\"Bebo\",\"Delicious\",\"QZone\",\"Renren\",\"Email\");var hupso_icon_type = \"labels\";var hupso_background=\"#3BF8FF\";var hupso_border=\"#FF2B0A\";var hupso_image_folder_url = \"\";var hupso_url=\"\";var hupso_title=\"M%C5%82awa%20zatrzyma%20si%C4%99%20o%2021%3A37.%20Cisza%2C%20kt%C3%B3ra%20m%C3%B3wi%20wi%C4%99cej%20ni%C5%BC%20s%C5%82owa\";<\/script><script type=\"text\/javascript\" src=\"http:\/\/static.hupso.com\/share\/js\/share.js\"><\/script><!-- Hupso Share Buttons --><\/div>","protected":false},"excerpt":{"rendered":"<p>S\u0105 takie chwile, kiedy miasto przestaje si\u0119 spieszy\u0107. Kiedy codzienny zgie\u0142k ust\u0119puje miejsca refleksji, a ludzie \u2013 niezale\u017cnie od wieku czy pogl\u0105d\u00f3w \u2013 jednocz\u0105 si\u0119 w jednym ge\u015bcie pami\u0119ci. Taki&hellip; <\/p>\n<div style=\"padding-bottom:20px; padding-top:10px;\" class=\"hupso-share-buttons\"><!-- Hupso Share Buttons - https:\/\/www.hupso.com\/share\/ --><a class=\"hupso_pop\" href=\"https:\/\/www.hupso.com\/share\/\"><img data-src=\"http:\/\/static.hupso.com\/share\/buttons\/button100x23.png\" style=\"border:0px; width:100; height: 23; \" alt=\"Share Button\" src=\"data:image\/svg+xml;base64,PHN2ZyB3aWR0aD0iMSIgaGVpZ2h0PSIxIiB4bWxucz0iaHR0cDovL3d3dy53My5vcmcvMjAwMC9zdmciPjwvc3ZnPg==\" class=\"lazyload\" \/><\/a><script type=\"text\/javascript\">var hupso_services=new Array(\"Twitter\",\"Facebook\",\"Pinterest\",\"Linkedin\",\"Tumblr\",\"StumbleUpon\",\"Digg\",\"Reddit\",\"Bebo\",\"Delicious\",\"QZone\",\"Renren\",\"Email\");var hupso_icon_type = \"labels\";var hupso_background=\"#3BF8FF\";var hupso_border=\"#FF2B0A\";var hupso_image_folder_url = \"\";var hupso_url=\"\";var hupso_title=\"M%C5%82awa%20zatrzyma%20si%C4%99%20o%2021%3A37.%20Cisza%2C%20kt%C3%B3ra%20m%C3%B3wi%20wi%C4%99cej%20ni%C5%BC%20s%C5%82owa\";<\/script><script type=\"text\/javascript\" src=\"http:\/\/static.hupso.com\/share\/js\/share.js\"><\/script><!-- Hupso Share Buttons --><\/div>","protected":false},"author":1,"featured_media":14241,"comment_status":"open","ping_status":"open","sticky":false,"template":"","format":"standard","meta":{"_acf_changed":false,"wprm-recipe-roundup-name":"","wprm-recipe-roundup-description":"","footnotes":""},"categories":[19,3,28,696,6],"tags":[],"class_list":["post-14240","post","type-post","status-publish","format-standard","has-post-thumbnail","hentry","category-aktualnosci","category-kultura","category-wyd","category-zaproszenia","category-zapro-szenia"],"acf":[],"amp_enabled":true,"_links":{"self":[{"href":"http:\/\/portalm\u0142awa.pl\/index.php?rest_route=\/wp\/v2\/posts\/14240","targetHints":{"allow":["GET"]}}],"collection":[{"href":"http:\/\/portalm\u0142awa.pl\/index.php?rest_route=\/wp\/v2\/posts"}],"about":[{"href":"http:\/\/portalm\u0142awa.pl\/index.php?rest_route=\/wp\/v2\/types\/post"}],"author":[{"embeddable":true,"href":"http:\/\/portalm\u0142awa.pl\/index.php?rest_route=\/wp\/v2\/users\/1"}],"replies":[{"embeddable":true,"href":"http:\/\/portalm\u0142awa.pl\/index.php?rest_route=%2Fwp%2Fv2%2Fcomments&post=14240"}],"version-history":[{"count":1,"href":"http:\/\/portalm\u0142awa.pl\/index.php?rest_route=\/wp\/v2\/posts\/14240\/revisions"}],"predecessor-version":[{"id":14242,"href":"http:\/\/portalm\u0142awa.pl\/index.php?rest_route=\/wp\/v2\/posts\/14240\/revisions\/14242"}],"wp:featuredmedia":[{"embeddable":true,"href":"http:\/\/portalm\u0142awa.pl\/index.php?rest_route=\/wp\/v2\/media\/14241"}],"wp:attachment":[{"href":"http:\/\/portalm\u0142awa.pl\/index.php?rest_route=%2Fwp%2Fv2%2Fmedia&parent=14240"}],"wp:term":[{"taxonomy":"category","embeddable":true,"href":"http:\/\/portalm\u0142awa.pl\/index.php?rest_route=%2Fwp%2Fv2%2Fcategories&post=14240"},{"taxonomy":"post_tag","embeddable":true,"href":"http:\/\/portalm\u0142awa.pl\/index.php?rest_route=%2Fwp%2Fv2%2Ftags&post=14240"}],"curies":[{"name":"wp","href":"https:\/\/api.w.org\/{rel}","templated":true}]}}