{"id":14243,"date":"2026-04-01T15:32:14","date_gmt":"2026-04-01T13:32:14","guid":{"rendered":"http:\/\/portalm\u0142awa.pl\/?p=14243"},"modified":"2026-04-01T15:32:14","modified_gmt":"2026-04-01T13:32:14","slug":"staly-rejon-realne-dzialania-zolnierze-51-batalionu-5mbot-cwiczyli-w-powiecie-mlawskim","status":"publish","type":"post","link":"http:\/\/portalm\u0142awa.pl\/?p=14243","title":{"rendered":"Sta\u0142y rejon, realne dzia\u0142ania &#8211; \u017co\u0142nierze 51 batalionu 5MBOT\u00a0\u0107wiczyli w powiecie m\u0142awskim"},"content":{"rendered":"<div style=\"color: #000000; font-family: Calibri, Helvetica, sans-serif, serif, EmojiFont; margin-top: 0px; margin-bottom: 0px; text-align: justify;\" align=\"left\"><span style=\"font-family: 'Times New Roman', serif;\">W sobot\u0119, 28 marca br. na terenie powiatu m\u0142awskiego odby\u0142o si\u0119 \u0107wiczenie kryzysowe z zakresu dzia\u0142a\u0144 poszukiwawczo-ratowniczych, zorganizowane przez 51 batalion lekkiej piechoty 5 Mazowieckiej Brygady Obrony Terytorialnej.<\/span><\/div>\n<p class=\"gwp550bffb7_MsoNormal\" style=\"color: #000000; font-family: Calibri, Helvetica, sans-serif; text-align: justify;\"><span style=\"font-family: 'Times New Roman', serif;\">Celem przedsi\u0119wzi\u0119cia by\u0142o doskonalenie umiej\u0119tno\u015bci reagowania w sytuacjach zagro\u017cenia \u017cycia i zdrowia oraz praktyczne sprawdzenie wsp\u00f3\u0142dzia\u0142ania s\u0142u\u017cb. W \u0107wiczeniu uczestniczyli funkcjonariusze Komendy Powiatowej Policji w M\u0142awie oraz druhowie Ochotniczych Stra\u017cy Po\u017carnych z Turzy Ma\u0142ej i Lipowca Ko\u015bcielnego.<\/span><\/p>\n<p class=\"gwp550bffb7_MsoNormal\" style=\"color: #000000; font-family: Calibri, Helvetica, sans-serif; text-align: justify;\"><span style=\"font-family: 'Times New Roman', serif;\">Epizod szkoleniowy zosta\u0142 rozegrany w rejonie Zalewu Ruda w M\u0142awie i zak\u0142ada\u0142 zagini\u0119cie grupy nastolatk\u00f3w na terenie le\u015bnym, co &#8211; w zwi\u0105zku z niekorzystnymi warunkami atmosferycznymi, zapadaj\u0105cym zmrokiem oraz potencjalnym zagro\u017ceniem \u017cycia &#8211; wymaga\u0142o podj\u0119cia skoordynowanych dzia\u0142a\u0144 poszukiwawczych.<\/span><\/p>\n<p class=\"gwp550bffb7_MsoNormal\" style=\"color: #000000; font-family: Calibri, Helvetica, sans-serif; text-align: justify;\"><span style=\"font-family: 'Times New Roman', serif;\">W trakcie \u0107wicze\u0144 realizowano patrole piesze oraz obserwacj\u0119 rozleg\u0142ego obszaru z wykorzystaniem sprz\u0119tu b\u0119d\u0105cego na wyposa\u017ceniu s\u0142u\u017cb, a tak\u017ce prowadzono dzia\u0142ania na terenie zalewu przy u\u017cyciu \u0142odzi ratowniczych.<\/span><\/p>\n<p class=\"gwp550bffb7_MsoNormal\" style=\"color: #000000; font-family: Calibri, Helvetica, sans-serif; text-align: justify;\"><span style=\"font-family: 'Times New Roman', serif;\">Odnalezionym osobom udzielano podstawowej pomocy medycznej, zabezpieczano je przed wych\u0142odzeniem i przetransportowano w bezpieczne miejsce.<\/span><\/p>\n<p class=\"gwp550bffb7_MsoNormal\" style=\"color: #000000; font-family: Calibri, Helvetica, sans-serif; text-align: justify;\"><span style=\"font-family: 'Times New Roman', serif;\">\u0106wiczenie by\u0142o elementem sta\u0142ego systemu szkolenia \u017co\u0142nierzy ciechanowskiego batalionu 5MBOT, realizowanego w sta\u0142ym rejonie odpowiedzialno\u015bci, do kt\u00f3rego nale\u017cy m.in. powiat m\u0142awski. Regularne prowadzenie dzia\u0142a\u0144 w tym samym obszarze pozwala na szczeg\u00f3\u0142owe poznanie terenu, jego specyfiki oraz potencjalnych zagro\u017ce\u0144, co znacz\u0105co zwi\u0119ksza skuteczno\u015b\u0107 reagowania w realnych sytuacjach kryzysowych.<\/span><\/p>\n<div style=\"color: #000000; font-family: Calibri, Helvetica, sans-serif, serif, EmojiFont; margin-top: 0px; margin-bottom: 0px; text-align: justify;\"><\/div>\n<div style=\"color: #000000; font-family: Calibri, Helvetica, sans-serif, serif, EmojiFont; margin-top: 0px; margin-bottom: 0px; text-align: justify;\" align=\"left\"><span style=\"font-family: Calibri,Helvetica,sans-serif,EmojiFont,Apple Color Emoji,Segoe UI Emoji,NotoColorEmoji,Segoe UI Symbol,Android Emoji,EmojiSymbols; font-size: small;\"><span style=\"font-size: 16px;\"><span style=\"font-family: Times New Roman,serif,serif,EmojiFont; font-size: medium;\"><span style=\"font-size: 12pt;\"><b>st. kpr. Renata Jaskulska fot 5MBOT\u00a0<\/b><\/span><\/span><\/span><\/span><\/div>\n<div align=\"left\">\n<p style=\"box-sizing: border-box; margin-top: 0px; margin-bottom: 15px; color: #555555; font-family: Roboto, sans-serif; font-size: 15px; text-align: justify;\"><span style=\"box-sizing: border-box; font-weight: bolder;\">KOMENTARZE<\/span><\/p>\n<p style=\"box-sizing: border-box; margin-top: 0px; margin-bottom: 15px; color: #555555; font-family: Roboto, sans-serif; font-size: 15px; text-align: justify;\"><em style=\"box-sizing: border-box;\">Wydawca portalu nie ponosi odpowiedzialno\u015bci za tre\u015b\u0107 komentarzy zamieszczanych przez u\u017cytkownik\u00f3w. Osoby zamieszczaj\u0105ce wypowiedzi naruszaj\u0105ce prawo lub prawem chronione dobra os\u00f3b trzecich mog\u0105 ponie\u015b\u0107 z tego tytu\u0142u odpowiedzialno\u015b\u0107 karn\u0105 lub cywiln\u0105.<\/em><span style=\"box-sizing: border-box; font-weight: bolder;\"><em style=\"box-sizing: border-box;\">JEDNOCZE\u015aNIE UZYTKOWNICY ZAMIESZCZAJ\u0104C KOMENTARZ OSWIADCZAJ\u0104, \u017bE BIOR\u0104 PE\u0141N\u0104 ODPOWIEDZIALNO\u015a\u0106 ZA TRE\u015aCI UMIESZCZONE PRZEZ SIEBIE<\/em><\/span><\/p>\n<\/div>\n<div style=\"padding-bottom:20px; padding-top:10px;\" class=\"hupso-share-buttons\"><!-- Hupso Share Buttons - https:\/\/www.hupso.com\/share\/ --><a class=\"hupso_pop\" href=\"https:\/\/www.hupso.com\/share\/\"><img decoding=\"async\" data-src=\"http:\/\/static.hupso.com\/share\/buttons\/button100x23.png\" style=\"border:0px; width:100; height: 23; \" alt=\"Share Button\" src=\"data:image\/svg+xml;base64,PHN2ZyB3aWR0aD0iMSIgaGVpZ2h0PSIxIiB4bWxucz0iaHR0cDovL3d3dy53My5vcmcvMjAwMC9zdmciPjwvc3ZnPg==\" class=\"lazyload\" \/><\/a><script type=\"text\/javascript\">var hupso_services=new Array(\"Twitter\",\"Facebook\",\"Pinterest\",\"Linkedin\",\"Tumblr\",\"StumbleUpon\",\"Digg\",\"Reddit\",\"Bebo\",\"Delicious\",\"QZone\",\"Renren\",\"Email\");var hupso_icon_type = \"labels\";var hupso_background=\"#3BF8FF\";var hupso_border=\"#FF2B0A\";var hupso_image_folder_url = \"\";var hupso_url=\"\";var hupso_title=\"Sta%C5%82y%20rejon%2C%20realne%20dzia%C5%82ania%20-%20%C5%BCo%C5%82nierze%2051%20batalionu%205MBOT%C2%A0%C4%87wiczyli%20w%20powiecie%20m%C5%82awskim\";<\/script><script type=\"text\/javascript\" src=\"http:\/\/static.hupso.com\/share\/js\/share.js\"><\/script><!-- Hupso Share Buttons --><\/div>","protected":false},"excerpt":{"rendered":"<p>W sobot\u0119, 28 marca br. na terenie powiatu m\u0142awskiego odby\u0142o si\u0119 \u0107wiczenie kryzysowe z zakresu dzia\u0142a\u0144 poszukiwawczo-ratowniczych, zorganizowane przez 51 batalion lekkiej piechoty 5 Mazowieckiej Brygady Obrony Terytorialnej. Celem przedsi\u0119wzi\u0119cia&hellip; <\/p>\n<div style=\"padding-bottom:20px; padding-top:10px;\" class=\"hupso-share-buttons\"><!-- Hupso Share Buttons - https:\/\/www.hupso.com\/share\/ --><a class=\"hupso_pop\" href=\"https:\/\/www.hupso.com\/share\/\"><img data-src=\"http:\/\/static.hupso.com\/share\/buttons\/button100x23.png\" style=\"border:0px; width:100; height: 23; \" alt=\"Share Button\" src=\"data:image\/svg+xml;base64,PHN2ZyB3aWR0aD0iMSIgaGVpZ2h0PSIxIiB4bWxucz0iaHR0cDovL3d3dy53My5vcmcvMjAwMC9zdmciPjwvc3ZnPg==\" class=\"lazyload\" \/><\/a><script type=\"text\/javascript\">var hupso_services=new Array(\"Twitter\",\"Facebook\",\"Pinterest\",\"Linkedin\",\"Tumblr\",\"StumbleUpon\",\"Digg\",\"Reddit\",\"Bebo\",\"Delicious\",\"QZone\",\"Renren\",\"Email\");var hupso_icon_type = \"labels\";var hupso_background=\"#3BF8FF\";var hupso_border=\"#FF2B0A\";var hupso_image_folder_url = \"\";var hupso_url=\"\";var hupso_title=\"Sta%C5%82y%20rejon%2C%20realne%20dzia%C5%82ania%20-%20%C5%BCo%C5%82nierze%2051%20batalionu%205MBOT%C2%A0%C4%87wiczyli%20w%20powiecie%20m%C5%82awskim\";<\/script><script type=\"text\/javascript\" src=\"http:\/\/static.hupso.com\/share\/js\/share.js\"><\/script><!-- Hupso Share Buttons --><\/div>","protected":false},"author":1,"featured_media":14244,"comment_status":"open","ping_status":"open","sticky":false,"template":"","format":"standard","meta":{"_acf_changed":false,"wprm-recipe-roundup-name":"","wprm-recipe-roundup-description":"","footnotes":""},"categories":[19,28],"tags":[],"class_list":["post-14243","post","type-post","status-publish","format-standard","has-post-thumbnail","hentry","category-aktualnosci","category-wyd"],"acf":[],"amp_enabled":true,"_links":{"self":[{"href":"http:\/\/portalm\u0142awa.pl\/index.php?rest_route=\/wp\/v2\/posts\/14243","targetHints":{"allow":["GET"]}}],"collection":[{"href":"http:\/\/portalm\u0142awa.pl\/index.php?rest_route=\/wp\/v2\/posts"}],"about":[{"href":"http:\/\/portalm\u0142awa.pl\/index.php?rest_route=\/wp\/v2\/types\/post"}],"author":[{"embeddable":true,"href":"http:\/\/portalm\u0142awa.pl\/index.php?rest_route=\/wp\/v2\/users\/1"}],"replies":[{"embeddable":true,"href":"http:\/\/portalm\u0142awa.pl\/index.php?rest_route=%2Fwp%2Fv2%2Fcomments&post=14243"}],"version-history":[{"count":1,"href":"http:\/\/portalm\u0142awa.pl\/index.php?rest_route=\/wp\/v2\/posts\/14243\/revisions"}],"predecessor-version":[{"id":14245,"href":"http:\/\/portalm\u0142awa.pl\/index.php?rest_route=\/wp\/v2\/posts\/14243\/revisions\/14245"}],"wp:featuredmedia":[{"embeddable":true,"href":"http:\/\/portalm\u0142awa.pl\/index.php?rest_route=\/wp\/v2\/media\/14244"}],"wp:attachment":[{"href":"http:\/\/portalm\u0142awa.pl\/index.php?rest_route=%2Fwp%2Fv2%2Fmedia&parent=14243"}],"wp:term":[{"taxonomy":"category","embeddable":true,"href":"http:\/\/portalm\u0142awa.pl\/index.php?rest_route=%2Fwp%2Fv2%2Fcategories&post=14243"},{"taxonomy":"post_tag","embeddable":true,"href":"http:\/\/portalm\u0142awa.pl\/index.php?rest_route=%2Fwp%2Fv2%2Ftags&post=14243"}],"curies":[{"name":"wp","href":"https:\/\/api.w.org\/{rel}","templated":true}]}}