{"id":14246,"date":"2026-04-01T15:48:25","date_gmt":"2026-04-01T13:48:25","guid":{"rendered":"http:\/\/portalm\u0142awa.pl\/?p=14246"},"modified":"2026-04-01T15:48:25","modified_gmt":"2026-04-01T13:48:25","slug":"uciekasz-od-swiata-nie-musisz-pod-mlawa-wlasnie-powstalo-miejsce-ktore-zatrzymuje-czas","status":"publish","type":"post","link":"http:\/\/portalm\u0142awa.pl\/?p=14246","title":{"rendered":"Uciekasz od \u015bwiata? Nie musisz. Pod M\u0142aw\u0105 w\u0142a\u015bnie powsta\u0142o miejsce, kt\u00f3re zatrzymuje czas"},"content":{"rendered":"<p style=\"text-align: justify;\">W \u015bwiecie, kt\u00f3ry nie zwalnia ani na chwil\u0119, powstaj\u0105 miejsca, kt\u00f3re przypominaj\u0105, jak brzmi prawdziwa cisza. 1 kwietnia 2026 roku, w sercu las\u00f3w pod M\u0142aw\u0105, wydarzy\u0142o si\u0119 co\u015b wi\u0119cej ni\u017c tylko symboliczne przeci\u0119cie wst\u0119gi. W Krajewie otwarto Le\u015bn\u0105 Stref\u0119 Relaksu \u2013 przestrze\u0144, kt\u00f3ra mo\u017ce sta\u0107 si\u0119 jednym z najbardziej wyj\u0105tkowych punkt\u00f3w na mapie regionu.<\/p>\n<p style=\"text-align: justify;\">Tu\u017c obok Pokazowa Zagroda \u017bubr\u00f3w w Krajewie, gdzie majestatyczne \u017cubry przypominaj\u0105 o sile natury, powsta\u0142o miejsce stworzone dla cz\u0142owieka\u2026 ale na warunkach przyrody.<\/p>\n<p style=\"text-align: justify;\"><strong>Cisza, kt\u00f3ra dzia\u0142a lepiej ni\u017c terapia<\/strong><\/p>\n<p style=\"text-align: justify;\">Nie ma tu miejskiego ha\u0142asu. Zamiast tego \u2013 szum drzew, \u015bpiew ptak\u00f3w i zapach lasu, kt\u00f3ry koi zmys\u0142y. Le\u015bna Strefa Relaksu to nie jest kolejna \u201eatrakcja turystyczna\u201d. To przemy\u015blana przestrze\u0144 regeneracji.<\/p>\n<p style=\"text-align: justify;\">W\u015br\u00f3d wysokich drzew pojawi\u0142y si\u0119:<\/p>\n<p style=\"text-align: justify;\">\u2013 drewniane \u0142awki dla spacerowicz\u00f3w,<\/p>\n<p style=\"text-align: justify;\">\u2013 wygodne le\u017caki, kt\u00f3re wr\u0119cz zmuszaj\u0105 do zatrzymania si\u0119 na chwil\u0119,<\/p>\n<p style=\"text-align: justify;\">\u2013 miejsce odpoczynku dla rowerzyst\u00f3w przemierzaj\u0105cych lokalne szlaki.<\/p>\n<p style=\"text-align: justify;\">To prostota, kt\u00f3ra dzi\u015b ma najwi\u0119ksz\u0105 warto\u015b\u0107. Bez ekran\u00f3w, bez po\u015bpiechu \u2013 tylko cz\u0142owiek i natura.<\/p>\n<p style=\"text-align: justify;\"><strong>Natura i cz\u0142owiek \u2013 wsp\u00f3lna przestrze\u0144<\/strong><\/p>\n<p style=\"text-align: justify;\">Za realizacj\u0105 projektu stoi Nadle\u015bnictwo Dwuko\u0142y, kt\u00f3re od lat pokazuje, \u017ce las to nie tylko gospodarka, ale tak\u017ce przestrze\u0144 \u017cycia, edukacji i odpoczynku.<\/p>\n<p style=\"text-align: justify;\">Otwarcie zgromadzi\u0142o przedstawicieli lokalnych w\u0142adz, a w\u015br\u00f3d nich Marcin Burchacki, kt\u00f3ry jasno podkre\u015bli\u0142: to miejsce b\u0119dzie \u017cy\u0142o tylko wtedy, gdy mieszka\u0144cy poczuj\u0105 si\u0119 za nie odpowiedzialni.<\/p>\n<p style=\"text-align: justify;\">To wa\u017cny sygna\u0142 \u2013 Le\u015bna Strefa Relaksu nie jest \u201eczyja\u015b\u201d. Jest wsp\u00f3lna.<\/p>\n<p style=\"text-align: justify;\"><strong>Symbol, kt\u00f3ry m\u00f3wi wi\u0119cej ni\u017c s\u0142owa<\/strong><\/p>\n<p style=\"text-align: justify;\">Jednym z najbardziej poruszaj\u0105cych moment\u00f3w uroczysto\u015bci by\u0142o zasadzenie krzewu. Nieprzypadkowego. Takiego, kt\u00f3ry nie zabierze s\u0142o\u0144ca odpoczywaj\u0105cym\u2026 ale za to stanie si\u0119 przysmakiem dla \u017cubr\u00f3w z pobliskiej zagrody.<\/p>\n<p style=\"text-align: justify;\">To gest prosty, ale wymowny. Pokazuje, \u017ce to miejsce nie powsta\u0142o wbrew naturze \u2013 lecz razem z ni\u0105.<\/p>\n<p style=\"text-align: justify;\"><strong>Nowy punkt na mapie, kt\u00f3ry warto poczu\u0107<\/strong><\/p>\n<p style=\"text-align: justify;\">Le\u015bna Strefa Relaksu w Krajewie to co\u015b wi\u0119cej ni\u017c przystanek na trasie. To do\u015bwiadczenie. Mo\u017cna tu przyjecha\u0107 po cisz\u0119, po oddech, po chwil\u0119 dla siebie.<\/p>\n<p style=\"text-align: justify;\">Najpierw spojrze\u0107 w oczy \u017cubrowi.<\/p>\n<p style=\"text-align: justify;\">Potem zamkn\u0105\u0107 oczy na le\u017caku.<\/p>\n<p style=\"text-align: justify;\">I zrozumie\u0107, \u017ce czasami najlepsze, co mo\u017cemy zrobi\u0107\u2026 to po prostu si\u0119 zatrzyma\u0107.<\/p>\n<p style=\"text-align: justify;\">T.B fot MM<\/p>\n<p style=\"box-sizing: border-box; margin-top: 0px; margin-bottom: 15px; color: #555555; font-family: Roboto, sans-serif; font-size: 15px; text-align: justify;\"><span style=\"box-sizing: border-box; font-weight: bolder;\">KOMENTARZE<\/span><\/p>\n<p style=\"box-sizing: border-box; margin-top: 0px; margin-bottom: 15px; color: #555555; font-family: Roboto, sans-serif; font-size: 15px; text-align: justify;\"><em style=\"box-sizing: border-box;\">Wydawca portalu nie ponosi odpowiedzialno\u015bci za tre\u015b\u0107 komentarzy zamieszczanych przez u\u017cytkownik\u00f3w. Osoby zamieszczaj\u0105ce wypowiedzi naruszaj\u0105ce prawo lub prawem chronione dobra os\u00f3b trzecich mog\u0105 ponie\u015b\u0107 z tego tytu\u0142u odpowiedzialno\u015b\u0107 karn\u0105 lub cywiln\u0105.<\/em><span style=\"box-sizing: border-box; font-weight: bolder;\"><em style=\"box-sizing: border-box;\">JEDNOCZE\u015aNIE UZYTKOWNICY ZAMIESZCZAJ\u0104C KOMENTARZ OSWIADCZAJ\u0104, \u017bE BIOR\u0104 PE\u0141N\u0104 ODPOWIEDZIALNO\u015a\u0106 ZA TRE\u015aCI UMIESZCZONE PRZEZ SIEBIE<\/em><\/span><\/p>\n<div style=\"padding-bottom:20px; padding-top:10px;\" class=\"hupso-share-buttons\"><!-- Hupso Share Buttons - https:\/\/www.hupso.com\/share\/ --><a class=\"hupso_pop\" href=\"https:\/\/www.hupso.com\/share\/\"><img decoding=\"async\" data-src=\"http:\/\/static.hupso.com\/share\/buttons\/button100x23.png\" style=\"border:0px; width:100; height: 23; \" alt=\"Share Button\" src=\"data:image\/svg+xml;base64,PHN2ZyB3aWR0aD0iMSIgaGVpZ2h0PSIxIiB4bWxucz0iaHR0cDovL3d3dy53My5vcmcvMjAwMC9zdmciPjwvc3ZnPg==\" class=\"lazyload\" \/><\/a><script type=\"text\/javascript\">var hupso_services=new Array(\"Twitter\",\"Facebook\",\"Pinterest\",\"Linkedin\",\"Tumblr\",\"StumbleUpon\",\"Digg\",\"Reddit\",\"Bebo\",\"Delicious\",\"QZone\",\"Renren\",\"Email\");var hupso_icon_type = \"labels\";var hupso_background=\"#3BF8FF\";var hupso_border=\"#FF2B0A\";var hupso_image_folder_url = \"\";var hupso_url=\"\";var hupso_title=\"Uciekasz%20od%20%C5%9Bwiata%3F%20Nie%20musisz.%20Pod%20M%C5%82aw%C4%85%20w%C5%82a%C5%9Bnie%20powsta%C5%82o%20miejsce%2C%20kt%C3%B3re%20zatrzymuje%20czas\";<\/script><script type=\"text\/javascript\" src=\"http:\/\/static.hupso.com\/share\/js\/share.js\"><\/script><!-- Hupso Share Buttons --><\/div>","protected":false},"excerpt":{"rendered":"<p>W \u015bwiecie, kt\u00f3ry nie zwalnia ani na chwil\u0119, powstaj\u0105 miejsca, kt\u00f3re przypominaj\u0105, jak brzmi prawdziwa cisza. 1 kwietnia 2026 roku, w sercu las\u00f3w pod M\u0142aw\u0105, wydarzy\u0142o si\u0119 co\u015b wi\u0119cej ni\u017c&hellip; <\/p>\n<div style=\"padding-bottom:20px; padding-top:10px;\" class=\"hupso-share-buttons\"><!-- Hupso Share Buttons - https:\/\/www.hupso.com\/share\/ --><a class=\"hupso_pop\" href=\"https:\/\/www.hupso.com\/share\/\"><img data-src=\"http:\/\/static.hupso.com\/share\/buttons\/button100x23.png\" style=\"border:0px; width:100; height: 23; \" alt=\"Share Button\" src=\"data:image\/svg+xml;base64,PHN2ZyB3aWR0aD0iMSIgaGVpZ2h0PSIxIiB4bWxucz0iaHR0cDovL3d3dy53My5vcmcvMjAwMC9zdmciPjwvc3ZnPg==\" class=\"lazyload\" \/><\/a><script type=\"text\/javascript\">var hupso_services=new Array(\"Twitter\",\"Facebook\",\"Pinterest\",\"Linkedin\",\"Tumblr\",\"StumbleUpon\",\"Digg\",\"Reddit\",\"Bebo\",\"Delicious\",\"QZone\",\"Renren\",\"Email\");var hupso_icon_type = \"labels\";var hupso_background=\"#3BF8FF\";var hupso_border=\"#FF2B0A\";var hupso_image_folder_url = \"\";var hupso_url=\"\";var hupso_title=\"Uciekasz%20od%20%C5%9Bwiata%3F%20Nie%20musisz.%20Pod%20M%C5%82aw%C4%85%20w%C5%82a%C5%9Bnie%20powsta%C5%82o%20miejsce%2C%20kt%C3%B3re%20zatrzymuje%20czas\";<\/script><script type=\"text\/javascript\" src=\"http:\/\/static.hupso.com\/share\/js\/share.js\"><\/script><!-- Hupso Share Buttons --><\/div>","protected":false},"author":1,"featured_media":14247,"comment_status":"open","ping_status":"open","sticky":false,"template":"","format":"standard","meta":{"_acf_changed":false,"wprm-recipe-roundup-name":"","wprm-recipe-roundup-description":"","footnotes":""},"categories":[19,3,28],"tags":[],"class_list":["post-14246","post","type-post","status-publish","format-standard","has-post-thumbnail","hentry","category-aktualnosci","category-kultura","category-wyd"],"acf":[],"amp_enabled":true,"_links":{"self":[{"href":"http:\/\/portalm\u0142awa.pl\/index.php?rest_route=\/wp\/v2\/posts\/14246","targetHints":{"allow":["GET"]}}],"collection":[{"href":"http:\/\/portalm\u0142awa.pl\/index.php?rest_route=\/wp\/v2\/posts"}],"about":[{"href":"http:\/\/portalm\u0142awa.pl\/index.php?rest_route=\/wp\/v2\/types\/post"}],"author":[{"embeddable":true,"href":"http:\/\/portalm\u0142awa.pl\/index.php?rest_route=\/wp\/v2\/users\/1"}],"replies":[{"embeddable":true,"href":"http:\/\/portalm\u0142awa.pl\/index.php?rest_route=%2Fwp%2Fv2%2Fcomments&post=14246"}],"version-history":[{"count":2,"href":"http:\/\/portalm\u0142awa.pl\/index.php?rest_route=\/wp\/v2\/posts\/14246\/revisions"}],"predecessor-version":[{"id":14249,"href":"http:\/\/portalm\u0142awa.pl\/index.php?rest_route=\/wp\/v2\/posts\/14246\/revisions\/14249"}],"wp:featuredmedia":[{"embeddable":true,"href":"http:\/\/portalm\u0142awa.pl\/index.php?rest_route=\/wp\/v2\/media\/14247"}],"wp:attachment":[{"href":"http:\/\/portalm\u0142awa.pl\/index.php?rest_route=%2Fwp%2Fv2%2Fmedia&parent=14246"}],"wp:term":[{"taxonomy":"category","embeddable":true,"href":"http:\/\/portalm\u0142awa.pl\/index.php?rest_route=%2Fwp%2Fv2%2Fcategories&post=14246"},{"taxonomy":"post_tag","embeddable":true,"href":"http:\/\/portalm\u0142awa.pl\/index.php?rest_route=%2Fwp%2Fv2%2Ftags&post=14246"}],"curies":[{"name":"wp","href":"https:\/\/api.w.org\/{rel}","templated":true}]}}