{"id":14250,"date":"2026-04-02T09:09:16","date_gmt":"2026-04-02T07:09:16","guid":{"rendered":"http:\/\/portalm\u0142awa.pl\/?p=14250"},"modified":"2026-04-02T09:09:16","modified_gmt":"2026-04-02T07:09:16","slug":"zobaczyc-wiecej-niz-widac-sp-4-daje-glos-swiatu-autyzmu","status":"publish","type":"post","link":"http:\/\/portalm\u0142awa.pl\/?p=14250","title":{"rendered":"\u201eZobaczy\u0107 wi\u0119cej ni\u017c wida\u0107 \u2013 SP 4 daje g\u0142os \u015bwiatu autyzmu\u201d"},"content":{"rendered":"<p style=\"text-align: justify;\">2 kwietnia to nie jest zwyk\u0142a data w szkolnym kalendarzu. To dzie\u0144, kt\u00f3ry zatrzymuje codzienny po\u015bpiech i zmusza do refleksji. \u015awiatowy Dzie\u0144 \u015awiadomo\u015bci Autyzmu \u2013 ustanowiony przez ONZ \u2013 przypomina, \u017ce obok nas \u017cyj\u0105 osoby, kt\u00f3re widz\u0105 \u015bwiat inaczej, czuj\u0105 intensywniej i cz\u0119sto\u2026 s\u0105 niezrozumiane. Jego celem jest budowanie wiedzy, empatii i spo\u0142ecznej wra\u017cliwo\u015bci<\/p>\n<p style=\"text-align: justify;\">\u00a0<strong>Chwila, kt\u00f3ra zmienia spojrzenie<\/strong><\/p>\n<p style=\"text-align: justify;\">W Szkole Podstawowej nr 4 nie ograniczono si\u0119 do symbolicznych gest\u00f3w. Nie by\u0142o tu jedynie niebieskich dekoracji czy hase\u0142 rzuconych na wiatr. Zamiast tego powsta\u0142 film \u2013 poruszaj\u0105cy, szczery i potrzebny.<\/p>\n<p style=\"text-align: justify;\">To nie jest przypadkowy projekt.<\/p>\n<p style=\"text-align: justify;\">To opowie\u015b\u0107 o \u015bwiecie, kt\u00f3ry istnieje tu\u017c obok nas, ale kt\u00f3rego cz\u0119sto nie potrafimy dostrzec.<\/p>\n<p style=\"text-align: justify;\">Tw\u00f3rcami s\u0105 uczniowie i nauczyciele \u2013 ludzie, kt\u00f3rzy zamiast m\u00f3wi\u0107 o empatii, postanowili j\u0105 pokaza\u0107.<\/p>\n<p style=\"text-align: justify;\">\u00a0<strong>\u015awiat, kt\u00f3ry wymaga ciszy, nie ha\u0142asu<\/strong><\/p>\n<p style=\"text-align: justify;\">Autyzm to nie choroba, kt\u00f3r\u0105 mo\u017cna zamkn\u0105\u0107 w jednej definicji. To spektrum \u2013 r\u00f3\u017cnorodno\u015b\u0107 do\u015bwiadcze\u0144, emocji i sposob\u00f3w postrzegania rzeczywisto\u015bci<\/p>\n<p style=\"text-align: justify;\">Dla wielu os\u00f3b w spektrum codzienno\u015b\u0107 jest pe\u0142na bod\u017ac\u00f3w:<\/p>\n<p style=\"text-align: justify;\">ha\u0142asu, chaosu, nieprzewidywalnych sytuacji.<\/p>\n<p style=\"text-align: justify;\">Dlatego \u2013 jak podkre\u015blaj\u0105 eksperci \u2013 prawdziwe zrozumienie nie zawsze polega na g\u0142o\u015bnych akcjach.<\/p>\n<p style=\"text-align: justify;\">Czasem najwi\u0119cej znaczy\u2026 zatrzymanie si\u0119 i spojrzenie ich oczami<\/p>\n<p style=\"text-align: justify;\">I w\u0142a\u015bnie to robi film przygotowany przez SP 4.<\/p>\n<p style=\"text-align: justify;\">\u00a0<strong>Nie projekt. G\u0142os.<\/strong><\/p>\n<p style=\"text-align: justify;\">Ten materia\u0142 nie pr\u00f3buje wzrusza\u0107 na si\u0142\u0119.<\/p>\n<p style=\"text-align: justify;\">On dzia\u0142a inaczej.<\/p>\n<p style=\"text-align: justify;\">\ud83d\udc49 pokazuje wra\u017cliwo\u015b\u0107<\/p>\n<p style=\"text-align: justify;\">\ud83d\udc49 uczy dostrzega\u0107 emocje<\/p>\n<p style=\"text-align: justify;\">\ud83d\udc49 zmusza do refleksji<\/p>\n<p style=\"text-align: justify;\">Bo prawda jest prosta i uniwersalna:<\/p>\n<p style=\"text-align: justify;\">ka\u017cdy chce by\u0107 zrozumiany<\/p>\n<p style=\"text-align: justify;\">ka\u017cdy chce by\u0107 zauwa\u017cony<\/p>\n<p style=\"text-align: justify;\">To przekaz, kt\u00f3ry wybrzmiewa mocniej ni\u017c jakiekolwiek statystyki.<\/p>\n<p style=\"text-align: justify;\"><strong>Edukacja, kt\u00f3ra ma sens<\/strong><\/p>\n<p style=\"text-align: justify;\">Wsp\u00f3\u0142czesna szko\u0142a to nie tylko podr\u0119czniki i sprawdziany.<\/p>\n<p style=\"text-align: justify;\">To tak\u017ce przestrze\u0144 budowania relacji, akceptacji i otwarto\u015bci.<\/p>\n<p style=\"text-align: justify;\">Coraz wi\u0119cej dzieci w spektrum autyzmu uczy si\u0119 w szko\u0142ach og\u00f3lnodost\u0119pnych, a edukacja w\u0142\u0105czaj\u0105ca staje si\u0119 standardem<\/p>\n<p style=\"text-align: justify;\">Dlatego takie inicjatywy jak ta w SP 4 maj\u0105 ogromne znaczenie.<\/p>\n<p style=\"text-align: justify;\">Bo ucz\u0105 nie tylko wiedzy o autyzmie, ale czego\u015b znacznie wa\u017cniejszego:<\/p>\n<p style=\"text-align: justify;\">\ud83d\udc49 jak by\u0107 cz\u0142owiekiem dla drugiego cz\u0142owieka<\/p>\n<p style=\"text-align: justify;\">\u00a0<strong>Zatrzymaj si\u0119<\/strong><\/p>\n<p style=\"text-align: justify;\">W \u015bwiecie, kt\u00f3ry nieustannie przyspiesza, najtrudniej jest zrobi\u0107 jedn\u0105 rzecz \u2013 zatrzyma\u0107 si\u0119.<\/p>\n<p style=\"text-align: justify;\">A w\u0142a\u015bnie od tego zaczyna si\u0119 zrozumienie.<\/p>\n<p style=\"text-align: justify;\">Zatrzymaj si\u0119.<\/p>\n<p style=\"text-align: justify;\">Obejrzyj.<\/p>\n<p style=\"text-align: justify;\">Poczuj.<\/p>\n<p style=\"text-align: justify;\">Bo by\u0107 mo\u017ce ta jedna chwila wystarczy, by zobaczy\u0107 \u015bwiat inaczej.<\/p>\n<div style=\"width: 356px;\" class=\"wp-video\"><video class=\"wp-video-shortcode\" id=\"video-14250-1\" width=\"356\" height=\"640\" preload=\"metadata\" controls=\"controls\"><source type=\"video\/mp4\" src=\"http:\/\/portalm\u0142awa.pl\/wp-content\/uploads\/2026\/04\/AQPutEcSvxQ4eCVjdpGUP0DOVjMCA2xA02csVZ30zOVA1kZPLPX6H-6CuGLbo3QyJjom1k4S7e-gMVjVshj4r-Z7MxPeC9WRBLKGC-2YcA.mp4?_=1\" \/><a href=\"http:\/\/portalm\u0142awa.pl\/wp-content\/uploads\/2026\/04\/AQPutEcSvxQ4eCVjdpGUP0DOVjMCA2xA02csVZ30zOVA1kZPLPX6H-6CuGLbo3QyJjom1k4S7e-gMVjVshj4r-Z7MxPeC9WRBLKGC-2YcA.mp4\">http:\/\/portalm\u0142awa.pl\/wp-content\/uploads\/2026\/04\/AQPutEcSvxQ4eCVjdpGUP0DOVjMCA2xA02csVZ30zOVA1kZPLPX6H-6CuGLbo3QyJjom1k4S7e-gMVjVshj4r-Z7MxPeC9WRBLKGC-2YcA.mp4<\/a><\/video><\/div>\n<p style=\"text-align: justify;\">T.B fot i filnSP4<\/p>\n<p style=\"box-sizing: border-box; margin-top: 0px; margin-bottom: 15px; color: #555555; font-family: Roboto, sans-serif; font-size: 15px; text-align: justify;\"><span style=\"box-sizing: border-box; font-weight: bolder;\">KOMENTARZE<\/span><\/p>\n<p style=\"box-sizing: border-box; margin-top: 0px; margin-bottom: 15px; color: #555555; font-family: Roboto, sans-serif; font-size: 15px; text-align: justify;\"><em style=\"box-sizing: border-box;\">Wydawca portalu nie ponosi odpowiedzialno\u015bci za tre\u015b\u0107 komentarzy zamieszczanych przez u\u017cytkownik\u00f3w. Osoby zamieszczaj\u0105ce wypowiedzi naruszaj\u0105ce prawo lub prawem chronione dobra os\u00f3b trzecich mog\u0105 ponie\u015b\u0107 z tego tytu\u0142u odpowiedzialno\u015b\u0107 karn\u0105 lub cywiln\u0105.<\/em><span style=\"box-sizing: border-box; font-weight: bolder;\"><em style=\"box-sizing: border-box;\">JEDNOCZE\u015aNIE UZYTKOWNICY ZAMIESZCZAJ\u0104C KOMENTARZ OSWIADCZAJ\u0104, \u017bE BIOR\u0104 PE\u0141N\u0104 ODPOWIEDZIALNO\u015a\u0106 ZA TRE\u015aCI UMIESZCZONE PRZEZ SIEBIE<\/em><\/span><\/p>\n<div style=\"padding-bottom:20px; padding-top:10px;\" class=\"hupso-share-buttons\"><!-- Hupso Share Buttons - https:\/\/www.hupso.com\/share\/ --><a class=\"hupso_pop\" href=\"https:\/\/www.hupso.com\/share\/\"><img decoding=\"async\" data-src=\"http:\/\/static.hupso.com\/share\/buttons\/button100x23.png\" style=\"border:0px; width:100; height: 23; \" alt=\"Share Button\" src=\"data:image\/svg+xml;base64,PHN2ZyB3aWR0aD0iMSIgaGVpZ2h0PSIxIiB4bWxucz0iaHR0cDovL3d3dy53My5vcmcvMjAwMC9zdmciPjwvc3ZnPg==\" class=\"lazyload\" \/><\/a><script type=\"text\/javascript\">var hupso_services=new Array(\"Twitter\",\"Facebook\",\"Pinterest\",\"Linkedin\",\"Tumblr\",\"StumbleUpon\",\"Digg\",\"Reddit\",\"Bebo\",\"Delicious\",\"QZone\",\"Renren\",\"Email\");var hupso_icon_type = \"labels\";var hupso_background=\"#3BF8FF\";var hupso_border=\"#FF2B0A\";var hupso_image_folder_url = \"\";var hupso_url=\"\";var hupso_title=\"%E2%80%9EZobaczy%C4%87%20wi%C4%99cej%20ni%C5%BC%20wida%C4%87%20%E2%80%93%20SP%204%20daje%20g%C5%82os%20%C5%9Bwiatu%20autyzmu%E2%80%9D\";<\/script><script type=\"text\/javascript\" src=\"http:\/\/static.hupso.com\/share\/js\/share.js\"><\/script><!-- Hupso Share Buttons --><\/div>","protected":false},"excerpt":{"rendered":"<p>2 kwietnia to nie jest zwyk\u0142a data w szkolnym kalendarzu. To dzie\u0144, kt\u00f3ry zatrzymuje codzienny po\u015bpiech i zmusza do refleksji. \u015awiatowy Dzie\u0144 \u015awiadomo\u015bci Autyzmu \u2013 ustanowiony przez ONZ \u2013 przypomina,&hellip; <\/p>\n<div style=\"padding-bottom:20px; padding-top:10px;\" class=\"hupso-share-buttons\"><!-- Hupso Share Buttons - https:\/\/www.hupso.com\/share\/ --><a class=\"hupso_pop\" href=\"https:\/\/www.hupso.com\/share\/\"><img data-src=\"http:\/\/static.hupso.com\/share\/buttons\/button100x23.png\" style=\"border:0px; width:100; height: 23; \" alt=\"Share Button\" src=\"data:image\/svg+xml;base64,PHN2ZyB3aWR0aD0iMSIgaGVpZ2h0PSIxIiB4bWxucz0iaHR0cDovL3d3dy53My5vcmcvMjAwMC9zdmciPjwvc3ZnPg==\" class=\"lazyload\" \/><\/a><script type=\"text\/javascript\">var hupso_services=new Array(\"Twitter\",\"Facebook\",\"Pinterest\",\"Linkedin\",\"Tumblr\",\"StumbleUpon\",\"Digg\",\"Reddit\",\"Bebo\",\"Delicious\",\"QZone\",\"Renren\",\"Email\");var hupso_icon_type = \"labels\";var hupso_background=\"#3BF8FF\";var hupso_border=\"#FF2B0A\";var hupso_image_folder_url = \"\";var hupso_url=\"\";var hupso_title=\"%E2%80%9EZobaczy%C4%87%20wi%C4%99cej%20ni%C5%BC%20wida%C4%87%20%E2%80%93%20SP%204%20daje%20g%C5%82os%20%C5%9Bwiatu%20autyzmu%E2%80%9D\";<\/script><script type=\"text\/javascript\" src=\"http:\/\/static.hupso.com\/share\/js\/share.js\"><\/script><!-- Hupso Share Buttons --><\/div>","protected":false},"author":1,"featured_media":14252,"comment_status":"open","ping_status":"open","sticky":false,"template":"","format":"standard","meta":{"_acf_changed":false,"wprm-recipe-roundup-name":"","wprm-recipe-roundup-description":"","footnotes":""},"categories":[19,3,28],"tags":[],"class_list":["post-14250","post","type-post","status-publish","format-standard","has-post-thumbnail","hentry","category-aktualnosci","category-kultura","category-wyd"],"acf":[],"amp_enabled":true,"_links":{"self":[{"href":"http:\/\/portalm\u0142awa.pl\/index.php?rest_route=\/wp\/v2\/posts\/14250","targetHints":{"allow":["GET"]}}],"collection":[{"href":"http:\/\/portalm\u0142awa.pl\/index.php?rest_route=\/wp\/v2\/posts"}],"about":[{"href":"http:\/\/portalm\u0142awa.pl\/index.php?rest_route=\/wp\/v2\/types\/post"}],"author":[{"embeddable":true,"href":"http:\/\/portalm\u0142awa.pl\/index.php?rest_route=\/wp\/v2\/users\/1"}],"replies":[{"embeddable":true,"href":"http:\/\/portalm\u0142awa.pl\/index.php?rest_route=%2Fwp%2Fv2%2Fcomments&post=14250"}],"version-history":[{"count":1,"href":"http:\/\/portalm\u0142awa.pl\/index.php?rest_route=\/wp\/v2\/posts\/14250\/revisions"}],"predecessor-version":[{"id":14254,"href":"http:\/\/portalm\u0142awa.pl\/index.php?rest_route=\/wp\/v2\/posts\/14250\/revisions\/14254"}],"wp:featuredmedia":[{"embeddable":true,"href":"http:\/\/portalm\u0142awa.pl\/index.php?rest_route=\/wp\/v2\/media\/14252"}],"wp:attachment":[{"href":"http:\/\/portalm\u0142awa.pl\/index.php?rest_route=%2Fwp%2Fv2%2Fmedia&parent=14250"}],"wp:term":[{"taxonomy":"category","embeddable":true,"href":"http:\/\/portalm\u0142awa.pl\/index.php?rest_route=%2Fwp%2Fv2%2Fcategories&post=14250"},{"taxonomy":"post_tag","embeddable":true,"href":"http:\/\/portalm\u0142awa.pl\/index.php?rest_route=%2Fwp%2Fv2%2Ftags&post=14250"}],"curies":[{"name":"wp","href":"https:\/\/api.w.org\/{rel}","templated":true}]}}