{"id":14255,"date":"2026-04-02T09:38:30","date_gmt":"2026-04-02T07:38:30","guid":{"rendered":"http:\/\/portalm\u0142awa.pl\/?p=14255"},"modified":"2026-04-02T09:38:30","modified_gmt":"2026-04-02T07:38:30","slug":"razem-dla-zrozumienia-zpo-nr-2-pokazuje-czym-naprawde-jest-empatia","status":"publish","type":"post","link":"http:\/\/portalm\u0142awa.pl\/?p=14255","title":{"rendered":"Razem dla zrozumienia. ZPO nr 2 pokazuje, czym naprawd\u0119 jest empatia"},"content":{"rendered":"<p style=\"text-align: justify;\">2 kwietnia nie jest tylko symboliczn\u0105 dat\u0105 w kalendarzu. To dzie\u0144, kt\u00f3ry przypomina, \u017ce \u015bwiat nie dla wszystkich wygl\u0105da tak samo. \u015awiatowy Dzie\u0144 \u015awiadomo\u015bci Autyzmu staje si\u0119 co roku okazj\u0105, by zatrzyma\u0107 si\u0119 i spr\u00f3bowa\u0107 zrozumie\u0107 tych, kt\u00f3rzy funkcjonuj\u0105 w rzeczywisto\u015bci pe\u0142nej intensywnych bod\u017ac\u00f3w, emocji i niuans\u00f3w niedostrzegalnych dla wi\u0119kszo\u015bci.<\/p>\n<p style=\"text-align: justify;\">W\u0142a\u015bnie taka refleksja wybrzmia\u0142a w murach Zespo\u0142u Plac\u00f3wek O\u015bwiatowych nr 2. Ale to nie by\u0142a akademia z gotowym scenariuszem. To by\u0142o co\u015b wi\u0119cej \u2014 autentyczne do\u015bwiadczenie wsp\u00f3lnoty.<\/p>\n<p style=\"text-align: justify;\">\u00a0<strong>Lekcje, kt\u00f3re zostaj\u0105 na d\u0142u\u017cej<\/strong><\/p>\n<p style=\"text-align: justify;\">Tego dnia szkolne sale zamieni\u0142y si\u0119 w przestrze\u0144 rozmowy i zrozumienia. Uczniowie nie tylko s\u0142uchali \u2014 oni odkrywali.<\/p>\n<p style=\"text-align: justify;\">Dzi\u0119ki zaanga\u017cowaniu nauczycieli wsp\u00f3\u0142organizuj\u0105cych kszta\u0142cenie oraz ca\u0142ego grona pedagogicznego powsta\u0142y zaj\u0119cia, kt\u00f3re nie operowa\u0142y such\u0105 teori\u0105. Zamiast tego pojawi\u0142y si\u0119:<\/p>\n<p style=\"text-align: justify;\">\u2013 prawdziwe historie<\/p>\n<p style=\"text-align: justify;\">\u2013 \u0107wiczenia pokazuj\u0105ce, jak odbierany jest \u015bwiat w spektrum<\/p>\n<p style=\"text-align: justify;\">\u2013 rozmowy, kt\u00f3re otwiera\u0142y oczy<\/p>\n<p style=\"text-align: justify;\">Bo autyzm \u2014 zgodnie z aktualn\u0105 wiedz\u0105 psychologiczn\u0105 \u2014 to nie schemat, lecz spektrum r\u00f3\u017cnorodnych do\u015bwiadcze\u0144 i sposob\u00f3w postrzegania rzeczywisto\u015bci. I w\u0142a\u015bnie t\u0119 r\u00f3\u017cnorodno\u015b\u0107 uda\u0142o si\u0119 w ZPO nr 2 uchwyci\u0107.<\/p>\n<p style=\"text-align: justify;\">\u00a0<strong>Wsp\u00f3lnota zamiast dystansu<\/strong><\/p>\n<p style=\"text-align: justify;\">Najwi\u0119ksz\u0105 si\u0142\u0105 tego dnia nie by\u0142y jednak same lekcje. By\u0142a ni\u0105 atmosfera.<\/p>\n<p style=\"text-align: justify;\">Na szkolnych korytarzach nie czu\u0142o si\u0119 podzia\u0142\u00f3w. By\u0142a blisko\u015b\u0107. By\u0142o zrozumienie. By\u0142a uwa\u017cno\u015b\u0107 na drugiego cz\u0142owieka.<\/p>\n<p style=\"text-align: justify;\">To momenty, w kt\u00f3rych edukacja przestaje by\u0107 obowi\u0105zkiem, a zaczyna by\u0107 warto\u015bci\u0105.<\/p>\n<p style=\"text-align: justify;\">\u00a0<strong>U\u015bmiech, kt\u00f3ry \u0142\u0105czy<\/strong><\/p>\n<p style=\"text-align: justify;\">W\u015br\u00f3d refleksji znalaz\u0142o si\u0119 te\u017c miejsce na rado\u015b\u0107. Fotobudka \u2014 z pozoru drobny element \u2014 sta\u0142a si\u0119 jednym z najwa\u017cniejszych punkt\u00f3w dnia.<\/p>\n<p style=\"text-align: justify;\">To tam uczniowie spotykali si\u0119 bez barier.<\/p>\n<p style=\"text-align: justify;\">To tam powstawa\u0142y zdj\u0119cia, kt\u00f3re maj\u0105 wi\u0119ksze znaczenie ni\u017c zwyk\u0142a pami\u0105tka.<\/p>\n<p style=\"text-align: justify;\">Ka\u017cdy kadr by\u0142 dowodem na jedno:<\/p>\n<p style=\"text-align: justify;\">r\u00f3\u017cnorodno\u015b\u0107 nie dzieli \u2014 ona buduje.<\/p>\n<p style=\"text-align: justify;\">\u00a0<strong>Edukacja, kt\u00f3ra ma sens<\/strong><\/p>\n<p style=\"text-align: justify;\">Wsp\u00f3\u0142czesna szko\u0142a stoi dzi\u015b przed ogromnym wyzwaniem \u2014 nie tylko uczy\u0107, ale te\u017c wychowywa\u0107 do \u017cycia w spo\u0142ecze\u0144stwie pe\u0142nym r\u00f3\u017cnic.<\/p>\n<p style=\"text-align: justify;\">Dzie\u0144 \u015awiadomo\u015bci Autyzmu w ZPO nr 2 pokaza\u0142, \u017ce mo\u017cna to robi\u0107 m\u0105drze. Bez patosu. Bez sztuczno\u015bci. Za to z autentycznym zaanga\u017cowaniem.<\/p>\n<p style=\"text-align: justify;\">Bo prawdziwa zmiana nie zaczyna si\u0119 od wielkich deklaracji.<\/p>\n<p style=\"text-align: justify;\">Zaczyna si\u0119 od prostych gest\u00f3w:<\/p>\n<p style=\"text-align: justify;\">&#8211; zrozumienia,<\/p>\n<p style=\"text-align: justify;\">&#8211; akceptacji,<\/p>\n<p style=\"text-align: justify;\">&#8211; obecno\u015bci.<\/p>\n<p style=\"text-align: justify;\"><strong>Chwila, kt\u00f3ra zostaje<\/strong><\/p>\n<p style=\"text-align: justify;\">Nie ka\u017cdy dzie\u0144 szkolny zostaje w pami\u0119ci.<\/p>\n<p style=\"text-align: justify;\">Ten \u2014 zostanie.<\/p>\n<p style=\"text-align: justify;\">Bo nauczy\u0142 czego\u015b, czego nie ma w podr\u0119cznikach:<\/p>\n<p style=\"text-align: justify;\">\u017ce ka\u017cdy cz\u0142owiek widzi \u015bwiat inaczej\u2026<\/p>\n<p style=\"text-align: justify;\">i ka\u017cdy zas\u0142uguje, by by\u0107 w nim naprawd\u0119 zauwa\u017cony.<\/p>\n<p style=\"text-align: justify;\">T.B fot SP4<\/p>\n<p style=\"box-sizing: border-box; margin-top: 0px; margin-bottom: 15px; color: #555555; font-family: Roboto, sans-serif; font-size: 15px; text-align: justify;\"><span style=\"box-sizing: border-box; font-weight: bolder;\">KOMENTARZE<\/span><\/p>\n<p style=\"box-sizing: border-box; margin-top: 0px; margin-bottom: 15px; color: #555555; font-family: Roboto, sans-serif; font-size: 15px; text-align: justify;\"><em style=\"box-sizing: border-box;\">Wydawca portalu nie ponosi odpowiedzialno\u015bci za tre\u015b\u0107 komentarzy zamieszczanych przez u\u017cytkownik\u00f3w. Osoby zamieszczaj\u0105ce wypowiedzi naruszaj\u0105ce prawo lub prawem chronione dobra os\u00f3b trzecich mog\u0105 ponie\u015b\u0107 z tego tytu\u0142u odpowiedzialno\u015b\u0107 karn\u0105 lub cywiln\u0105.<\/em><span style=\"box-sizing: border-box; font-weight: bolder;\"><em style=\"box-sizing: border-box;\">JEDNOCZE\u015aNIE UZYTKOWNICY ZAMIESZCZAJ\u0104C KOMENTARZ OSWIADCZAJ\u0104, \u017bE BIOR\u0104 PE\u0141N\u0104 ODPOWIEDZIALNO\u015a\u0106 ZA TRE\u015aCI UMIESZCZONE PRZEZ SIEBIE<\/em><\/span><\/p>\n<div style=\"padding-bottom:20px; padding-top:10px;\" class=\"hupso-share-buttons\"><!-- Hupso Share Buttons - https:\/\/www.hupso.com\/share\/ --><a class=\"hupso_pop\" href=\"https:\/\/www.hupso.com\/share\/\"><img decoding=\"async\" data-src=\"http:\/\/static.hupso.com\/share\/buttons\/button100x23.png\" style=\"border:0px; width:100; height: 23; \" alt=\"Share Button\" src=\"data:image\/svg+xml;base64,PHN2ZyB3aWR0aD0iMSIgaGVpZ2h0PSIxIiB4bWxucz0iaHR0cDovL3d3dy53My5vcmcvMjAwMC9zdmciPjwvc3ZnPg==\" class=\"lazyload\" \/><\/a><script type=\"text\/javascript\">var hupso_services=new Array(\"Twitter\",\"Facebook\",\"Pinterest\",\"Linkedin\",\"Tumblr\",\"StumbleUpon\",\"Digg\",\"Reddit\",\"Bebo\",\"Delicious\",\"QZone\",\"Renren\",\"Email\");var hupso_icon_type = \"labels\";var hupso_background=\"#3BF8FF\";var hupso_border=\"#FF2B0A\";var hupso_image_folder_url = \"\";var hupso_url=\"\";var hupso_title=\"Razem%20dla%20zrozumienia.%20ZPO%20nr%202%20pokazuje%2C%20czym%20naprawd%C4%99%20jest%20empatia\";<\/script><script type=\"text\/javascript\" src=\"http:\/\/static.hupso.com\/share\/js\/share.js\"><\/script><!-- Hupso Share Buttons --><\/div>","protected":false},"excerpt":{"rendered":"<p>2 kwietnia nie jest tylko symboliczn\u0105 dat\u0105 w kalendarzu. To dzie\u0144, kt\u00f3ry przypomina, \u017ce \u015bwiat nie dla wszystkich wygl\u0105da tak samo. \u015awiatowy Dzie\u0144 \u015awiadomo\u015bci Autyzmu staje si\u0119 co roku okazj\u0105,&hellip; <\/p>\n<div style=\"padding-bottom:20px; padding-top:10px;\" class=\"hupso-share-buttons\"><!-- Hupso Share Buttons - https:\/\/www.hupso.com\/share\/ --><a class=\"hupso_pop\" href=\"https:\/\/www.hupso.com\/share\/\"><img data-src=\"http:\/\/static.hupso.com\/share\/buttons\/button100x23.png\" style=\"border:0px; width:100; height: 23; \" alt=\"Share Button\" src=\"data:image\/svg+xml;base64,PHN2ZyB3aWR0aD0iMSIgaGVpZ2h0PSIxIiB4bWxucz0iaHR0cDovL3d3dy53My5vcmcvMjAwMC9zdmciPjwvc3ZnPg==\" class=\"lazyload\" \/><\/a><script type=\"text\/javascript\">var hupso_services=new Array(\"Twitter\",\"Facebook\",\"Pinterest\",\"Linkedin\",\"Tumblr\",\"StumbleUpon\",\"Digg\",\"Reddit\",\"Bebo\",\"Delicious\",\"QZone\",\"Renren\",\"Email\");var hupso_icon_type = \"labels\";var hupso_background=\"#3BF8FF\";var hupso_border=\"#FF2B0A\";var hupso_image_folder_url = \"\";var hupso_url=\"\";var hupso_title=\"Razem%20dla%20zrozumienia.%20ZPO%20nr%202%20pokazuje%2C%20czym%20naprawd%C4%99%20jest%20empatia\";<\/script><script type=\"text\/javascript\" src=\"http:\/\/static.hupso.com\/share\/js\/share.js\"><\/script><!-- Hupso Share Buttons --><\/div>","protected":false},"author":1,"featured_media":14256,"comment_status":"open","ping_status":"open","sticky":false,"template":"","format":"standard","meta":{"_acf_changed":false,"wprm-recipe-roundup-name":"","wprm-recipe-roundup-description":"","footnotes":""},"categories":[19,3,28],"tags":[],"class_list":["post-14255","post","type-post","status-publish","format-standard","has-post-thumbnail","hentry","category-aktualnosci","category-kultura","category-wyd"],"acf":[],"amp_enabled":true,"_links":{"self":[{"href":"http:\/\/portalm\u0142awa.pl\/index.php?rest_route=\/wp\/v2\/posts\/14255","targetHints":{"allow":["GET"]}}],"collection":[{"href":"http:\/\/portalm\u0142awa.pl\/index.php?rest_route=\/wp\/v2\/posts"}],"about":[{"href":"http:\/\/portalm\u0142awa.pl\/index.php?rest_route=\/wp\/v2\/types\/post"}],"author":[{"embeddable":true,"href":"http:\/\/portalm\u0142awa.pl\/index.php?rest_route=\/wp\/v2\/users\/1"}],"replies":[{"embeddable":true,"href":"http:\/\/portalm\u0142awa.pl\/index.php?rest_route=%2Fwp%2Fv2%2Fcomments&post=14255"}],"version-history":[{"count":1,"href":"http:\/\/portalm\u0142awa.pl\/index.php?rest_route=\/wp\/v2\/posts\/14255\/revisions"}],"predecessor-version":[{"id":14257,"href":"http:\/\/portalm\u0142awa.pl\/index.php?rest_route=\/wp\/v2\/posts\/14255\/revisions\/14257"}],"wp:featuredmedia":[{"embeddable":true,"href":"http:\/\/portalm\u0142awa.pl\/index.php?rest_route=\/wp\/v2\/media\/14256"}],"wp:attachment":[{"href":"http:\/\/portalm\u0142awa.pl\/index.php?rest_route=%2Fwp%2Fv2%2Fmedia&parent=14255"}],"wp:term":[{"taxonomy":"category","embeddable":true,"href":"http:\/\/portalm\u0142awa.pl\/index.php?rest_route=%2Fwp%2Fv2%2Fcategories&post=14255"},{"taxonomy":"post_tag","embeddable":true,"href":"http:\/\/portalm\u0142awa.pl\/index.php?rest_route=%2Fwp%2Fv2%2Ftags&post=14255"}],"curies":[{"name":"wp","href":"https:\/\/api.w.org\/{rel}","templated":true}]}}