{"id":14265,"date":"2026-04-02T11:17:59","date_gmt":"2026-04-02T09:17:59","guid":{"rendered":"http:\/\/portalm\u0142awa.pl\/?p=14265"},"modified":"2026-04-02T11:22:39","modified_gmt":"2026-04-02T09:22:39","slug":"14265","status":"publish","type":"post","link":"http:\/\/portalm\u0142awa.pl\/?p=14265","title":{"rendered":"M\u0142awski regionalizm z m\u0142od\u0105 energi\u0105! Wielkanoc u Przyjaci\u00f3\u0142 Ziemi M\u0142awskiej to nie tylko tradycja"},"content":{"rendered":"<p dir=\"ltr\" style=\"text-align: justify;\">\u200b<b>Kiedy w jednym miejscu spotyka si\u0119 duma z lokalnej historii, \u017cywa tradycja wielkanocna oraz innowacyjne pomys\u0142y m\u0142odego pokolenia \u2013 mo\u017cemy by\u0107 pewni, \u017ce wydarzy si\u0119 co\u015b niezwyk\u0142ego. Wczoraj (1 kwietnia 2026 r.) w murach m\u0142awskiej \u201eDw\u00f3jki\u201d Towarzystwo Przyjaci\u00f3\u0142 Ziemi M\u0142awskiej udowodni\u0142o, \u017ce lokalny patriotyzm to przestrze\u0144 dla ka\u017cdego, niezale\u017cnie od metryki.<\/b><\/p>\n<p dir=\"ltr\" style=\"text-align: justify;\">\u200bSzko\u0142a Podstawowa nr 2 im. Miko\u0142aja Kopernika w M\u0142awie zamieni\u0142a si\u0119 w prawdziwe centrum mi\u0119dzypokoleniowego dialogu. Spotkanie wielkanocne zorganizowane przez Towarzystwo Przyjaci\u00f3\u0142 Ziemi M\u0142awskiej (TPZM) zgromadzi\u0142o nie tylko mi\u0142o\u015bnik\u00f3w historii, ale i lokalnych samorz\u0105dowc\u00f3w oraz zaanga\u017cowan\u0105 spo\u0142ecznie m\u0142odzie\u017c. To \u015bwietny przyk\u0142ad na to, jak nowoczesne organizacje pozarz\u0105dowe potrafi\u0105 \u0142\u0105czy\u0107 to, co minione, z tym, co dopiero przed nami.<\/p>\n<h3 dir=\"ltr\" style=\"text-align: justify;\">\u200bS\u0142owo, modlitwa i \u017cyczenia<\/h3>\n<p dir=\"ltr\" style=\"text-align: justify;\">\u200bW podnios\u0142\u0105, przed\u015bwi\u0105teczn\u0105 atmosfer\u0119 wprowadzi\u0142 uczestnik\u00f3w ks. kan. mgr S\u0142awomir Krasi\u0144ski \u2013 Dziekan Dekanatu M\u0142awskiego Wschodniego oraz Proboszcz Parafii \u015bw. Stanis\u0142awa BM w M\u0142awie, kt\u00f3ry poprowadzi\u0142 wsp\u00f3ln\u0105 modlitw\u0119, sk\u0142aniaj\u0105c do chwilowej refleksji nad sensem zbli\u017caj\u0105cych si\u0119 \u015bwi\u0105t.<\/p>\n<p dir=\"ltr\" style=\"text-align: justify;\">\u200bWydarzenie przyci\u0105gn\u0119\u0142o r\u00f3wnie\u017c przedstawicieli w\u0142adz powiatu, co tylko potwierdza si\u0142\u0119 i znaczenie \u015brodowiska m\u0142awskich regionalist\u00f3w. Dobre s\u0142owo i \u015bwi\u0105teczne \u017cyczenia skierowali w stron\u0119 zebranych gospodarz spotkania \u2013 <b>Micha\u0142 Nowakowski<\/b> (Prezes TPZM i Radny Powiatu) oraz Wicestarosta M\u0142awski <b>Tomasz Chodubski<\/b>. Wspiera\u0142 ich swoj\u0105 obecno\u015bci\u0105 r\u00f3wnie\u017c <b>Jerzy Nowakowski<\/b>, Radny Powiatu i Przewodnicz\u0105cy Komisji O\u015bwiaty, Kultury, Sportu i Turystyki.<\/p>\n<h3 dir=\"ltr\" style=\"text-align: justify;\">\u200bProjekt \u201ePapercut\u201d \u2013 m\u0142odzie\u017c na ratunek \u015brodowisku<\/h3>\n<p dir=\"ltr\" style=\"text-align: justify;\">\u200bJednym z najciekawszych i najbardziej dynamicznych punkt\u00f3w wczorajszego popo\u0142udnia by\u0142o wyst\u0105pienie m\u0142odzie\u017cy z Zespo\u0142u Szk\u00f3\u0142 nr 4 w M\u0142awie (im. Obro\u0144c\u00f3w M\u0142awy z Wrze\u015bnia 1939 r.).<\/p>\n<p dir=\"ltr\" style=\"text-align: justify;\">\u200bUczniowie zaprezentowali za\u0142o\u017cenia swojego autorskiego, ekologicznego projektu spo\u0142ecznego <b>\u201ePapercut\u201d<\/b>, realizowanego w ramach presti\u017cowej og\u00f3lnopolskiej olimpiady <i>Zwolnieni z Teorii<\/i>. M\u0142odzi aktywi\u015bci zwr\u00f3cili uwag\u0119 na pal\u0105cy problem nadmiernego zu\u017cycia papieru w szko\u0142ach i udowodnili, \u017ce potrafi\u0105 wzi\u0105\u0107 sprawy swojej najbli\u017cszej przestrzeni we w\u0142asne r\u0119ce. Oddanie im g\u0142osu podczas tak szacownego spotkania to absolutny strza\u0142 w dziesi\u0105tk\u0119 i dow\u00f3d na to, \u017ce TPZM to stowarzyszenie o bardzo otwartej formule.<\/p>\n<h3 dir=\"ltr\" style=\"text-align: justify;\">\u200bWyj\u0105tkowy powr\u00f3t dra Ostaszewskiego<\/h3>\n<p dir=\"ltr\" style=\"text-align: justify;\">\u200bSpotkanie TPZM nie mog\u0142oby si\u0119 jednak odby\u0107 bez mocnego, historycznego akcentu. Na cz\u0142onk\u00f3w Towarzystwa czeka\u0142a fantastyczna niespodzianka wydawnicza \u2013 pachn\u0105ca nowo\u015bci\u0105, najnowsza publikacja. Do ich r\u0105k trafi\u0142 pierwszy tom wyboru pism <b>dra J\u00f3zefa Longina Ostaszewskiego<\/b> zatytu\u0142owany <b>\u201eRegionalizm M\u0142awski\u201d<\/b>.<\/p>\n<blockquote>\n<p dir=\"ltr\">\u200b<b>Dziennikarski fakt:<\/b> Publikacja to unikatowy reprint dzie\u0142 jednego z najwybitniejszych m\u0142awskich badaczy okresu mi\u0119dzywojennego. Ksi\u0105\u017cka zosta\u0142a wznowiona ze szczeg\u00f3lnym rozmachem w zwi\u0105zku z okr\u0105g\u0142\u0105, 150. rocznic\u0105 urodzin autora, a jej druk i opracowanie nie by\u0142yby mo\u017cliwe bez realnego wsparcia finansowego w ramach otwartego konkursu ofert zorganizowanego przez Starostwo Powiatowe w M\u0142awie.<\/p>\n<\/blockquote>\n<p style=\"text-align: justify;\">\n<p dir=\"ltr\" style=\"text-align: justify;\">\u200bWczorajsze wydarzenie to najlepszy dow\u00f3d na to, \u017ce M\u0142awa potrafi w pi\u0119kny spos\u00f3b dba\u0107 o swoje korzenie, wspiera\u0107 ambitn\u0105 m\u0142odzie\u017c i integrowa\u0107 mieszka\u0144c\u00f3w wok\u00f3\u0142 spraw najwa\u017cniejszych. Oby wi\u0119cej takich inicjatyw!<\/p>\n<p style=\"text-align: justify;\">T.B fot powiatmlawski.pl<\/p>\n<p style=\"box-sizing: border-box; margin-top: 0px; margin-bottom: 15px; color: #555555; font-family: Roboto, sans-serif; font-size: 15px; text-align: justify;\"><span style=\"box-sizing: border-box; font-weight: bolder;\">KOMENTARZE<\/span><\/p>\n<p style=\"box-sizing: border-box; margin-top: 0px; margin-bottom: 15px; color: #555555; font-family: Roboto, sans-serif; font-size: 15px; text-align: justify;\"><em style=\"box-sizing: border-box;\">Wydawca portalu nie ponosi odpowiedzialno\u015bci za tre\u015b\u0107 komentarzy zamieszczanych przez u\u017cytkownik\u00f3w. Osoby zamieszczaj\u0105ce wypowiedzi naruszaj\u0105ce prawo lub prawem chronione dobra os\u00f3b trzecich mog\u0105 ponie\u015b\u0107 z tego tytu\u0142u odpowiedzialno\u015b\u0107 karn\u0105 lub cywiln\u0105.<\/em><span style=\"box-sizing: border-box; font-weight: bolder;\"><em style=\"box-sizing: border-box;\">JEDNOCZE\u015aNIE UZYTKOWNICY ZAMIESZCZAJ\u0104C KOMENTARZ OSWIADCZAJ\u0104, \u017bE BIOR\u0104 PE\u0141N\u0104 ODPOWIEDZIALNO\u015a\u0106 ZA TRE\u015aCI UMIESZCZONE PRZEZ SIEBIE<\/em><\/span><\/p>\n<div style=\"padding-bottom:20px; padding-top:10px;\" class=\"hupso-share-buttons\"><!-- Hupso Share Buttons - https:\/\/www.hupso.com\/share\/ --><a class=\"hupso_pop\" href=\"https:\/\/www.hupso.com\/share\/\"><img decoding=\"async\" data-src=\"http:\/\/static.hupso.com\/share\/buttons\/button100x23.png\" style=\"border:0px; width:100; height: 23; \" alt=\"Share Button\" src=\"data:image\/svg+xml;base64,PHN2ZyB3aWR0aD0iMSIgaGVpZ2h0PSIxIiB4bWxucz0iaHR0cDovL3d3dy53My5vcmcvMjAwMC9zdmciPjwvc3ZnPg==\" class=\"lazyload\" \/><\/a><script type=\"text\/javascript\">var hupso_services=new Array(\"Twitter\",\"Facebook\",\"Pinterest\",\"Linkedin\",\"Tumblr\",\"StumbleUpon\",\"Digg\",\"Reddit\",\"Bebo\",\"Delicious\",\"QZone\",\"Renren\",\"Email\");var hupso_icon_type = \"labels\";var hupso_background=\"#3BF8FF\";var hupso_border=\"#FF2B0A\";var hupso_image_folder_url = \"\";var hupso_url=\"\";var hupso_title=\"M%C5%82awski%20regionalizm%20z%20m%C5%82od%C4%85%20energi%C4%85%21%20Wielkanoc%20u%20Przyjaci%C3%B3%C5%82%20Ziemi%20M%C5%82awskiej%20to%20nie%20tylko%20tradycja\";<\/script><script type=\"text\/javascript\" src=\"http:\/\/static.hupso.com\/share\/js\/share.js\"><\/script><!-- Hupso Share Buttons --><\/div>","protected":false},"excerpt":{"rendered":"<p>\u200bKiedy w jednym miejscu spotyka si\u0119 duma z lokalnej historii, \u017cywa tradycja wielkanocna oraz innowacyjne pomys\u0142y m\u0142odego pokolenia \u2013 mo\u017cemy by\u0107 pewni, \u017ce wydarzy si\u0119 co\u015b niezwyk\u0142ego. Wczoraj (1 kwietnia&hellip; <\/p>\n<div style=\"padding-bottom:20px; padding-top:10px;\" class=\"hupso-share-buttons\"><!-- Hupso Share Buttons - https:\/\/www.hupso.com\/share\/ --><a class=\"hupso_pop\" href=\"https:\/\/www.hupso.com\/share\/\"><img data-src=\"http:\/\/static.hupso.com\/share\/buttons\/button100x23.png\" style=\"border:0px; width:100; height: 23; \" alt=\"Share Button\" src=\"data:image\/svg+xml;base64,PHN2ZyB3aWR0aD0iMSIgaGVpZ2h0PSIxIiB4bWxucz0iaHR0cDovL3d3dy53My5vcmcvMjAwMC9zdmciPjwvc3ZnPg==\" class=\"lazyload\" \/><\/a><script type=\"text\/javascript\">var hupso_services=new Array(\"Twitter\",\"Facebook\",\"Pinterest\",\"Linkedin\",\"Tumblr\",\"StumbleUpon\",\"Digg\",\"Reddit\",\"Bebo\",\"Delicious\",\"QZone\",\"Renren\",\"Email\");var hupso_icon_type = \"labels\";var hupso_background=\"#3BF8FF\";var hupso_border=\"#FF2B0A\";var hupso_image_folder_url = \"\";var hupso_url=\"\";var hupso_title=\"M%C5%82awski%20regionalizm%20z%20m%C5%82od%C4%85%20energi%C4%85%21%20Wielkanoc%20u%20Przyjaci%C3%B3%C5%82%20Ziemi%20M%C5%82awskiej%20to%20nie%20tylko%20tradycja\";<\/script><script type=\"text\/javascript\" src=\"http:\/\/static.hupso.com\/share\/js\/share.js\"><\/script><!-- Hupso Share Buttons --><\/div>","protected":false},"author":1,"featured_media":14266,"comment_status":"open","ping_status":"open","sticky":false,"template":"","format":"standard","meta":{"_acf_changed":false,"wprm-recipe-roundup-name":"","wprm-recipe-roundup-description":"","footnotes":""},"categories":[19,3,28],"tags":[],"class_list":["post-14265","post","type-post","status-publish","format-standard","has-post-thumbnail","hentry","category-aktualnosci","category-kultura","category-wyd"],"acf":[],"amp_enabled":true,"_links":{"self":[{"href":"http:\/\/portalm\u0142awa.pl\/index.php?rest_route=\/wp\/v2\/posts\/14265","targetHints":{"allow":["GET"]}}],"collection":[{"href":"http:\/\/portalm\u0142awa.pl\/index.php?rest_route=\/wp\/v2\/posts"}],"about":[{"href":"http:\/\/portalm\u0142awa.pl\/index.php?rest_route=\/wp\/v2\/types\/post"}],"author":[{"embeddable":true,"href":"http:\/\/portalm\u0142awa.pl\/index.php?rest_route=\/wp\/v2\/users\/1"}],"replies":[{"embeddable":true,"href":"http:\/\/portalm\u0142awa.pl\/index.php?rest_route=%2Fwp%2Fv2%2Fcomments&post=14265"}],"version-history":[{"count":2,"href":"http:\/\/portalm\u0142awa.pl\/index.php?rest_route=\/wp\/v2\/posts\/14265\/revisions"}],"predecessor-version":[{"id":14268,"href":"http:\/\/portalm\u0142awa.pl\/index.php?rest_route=\/wp\/v2\/posts\/14265\/revisions\/14268"}],"wp:featuredmedia":[{"embeddable":true,"href":"http:\/\/portalm\u0142awa.pl\/index.php?rest_route=\/wp\/v2\/media\/14266"}],"wp:attachment":[{"href":"http:\/\/portalm\u0142awa.pl\/index.php?rest_route=%2Fwp%2Fv2%2Fmedia&parent=14265"}],"wp:term":[{"taxonomy":"category","embeddable":true,"href":"http:\/\/portalm\u0142awa.pl\/index.php?rest_route=%2Fwp%2Fv2%2Fcategories&post=14265"},{"taxonomy":"post_tag","embeddable":true,"href":"http:\/\/portalm\u0142awa.pl\/index.php?rest_route=%2Fwp%2Fv2%2Ftags&post=14265"}],"curies":[{"name":"wp","href":"https:\/\/api.w.org\/{rel}","templated":true}]}}