{"id":14277,"date":"2026-04-02T19:41:22","date_gmt":"2026-04-02T17:41:22","guid":{"rendered":"http:\/\/portalm\u0142awa.pl\/?p=14277"},"modified":"2026-04-02T19:41:22","modified_gmt":"2026-04-02T17:41:22","slug":"jeden-skazany-za-jazde-po-alkoholu-drugi-za-przestepstwa-narkotykowe-obaj-poszukiwani-trafili-za-kratki","status":"publish","type":"post","link":"http:\/\/portalm\u0142awa.pl\/?p=14277","title":{"rendered":"Jeden skazany za jazd\u0119 po alkoholu, drugi za przest\u0119pstwa narkotykowe. Obaj poszukiwani trafili \u201eza kratki\u201d"},"content":{"rendered":"<div class=\"head\" style=\"color: #000000; font-family: Arial, Helvetica, sans-serif; font-size: 15.996px; word-spacing: 2.55936px;\">\n<p class=\"intro\" style=\"font-size: 17.5956px; text-align: justify;\"><strong>Ciechanowscy policjanci zatrzymali dw\u00f3ch poszukiwanych m\u0119\u017cczyzn. Za 61-latkiem wydany by\u0142 nakaz doprowadzenia do odbycia kary roku pozbawienia wolno\u015bci za przest\u0119pstwo kierowania pojazdem w stanie nietrze\u017awo\u015bci. Natomiast 27-latek poszukiwany by\u0142 za przest\u0119pstwa narkotykowe. W zak\u0142adzie karnym sp\u0119dzi najbli\u017cszy rok i dwa miesi\u0105ce.<\/strong><\/p>\n<\/div>\n<p style=\"color: #000000; font-family: Arial, Helvetica, sans-serif; font-size: 15.996px; word-spacing: 2.55936px; text-align: justify;\">Policjanci z Wydzia\u0142u Patrolowo-Interwencyjnego Komendy Powiatowej Policji w Ciechanowie ustalili miejsce przebywania 61-letniego mieszka\u0144ca powiatu ciechanowskiego, kt\u00f3ry poszukiwany by\u0142 na podstawie nakazu doprowadzenia wydanego przez S\u0105d Rejonowy w Ciechanowie. Funkcjonariusze zatrzymali m\u0119\u017cczyzn\u0119 w minion\u0105 \u015brod\u0119 (1.04) w Ciechanowie. M\u0119\u017cczyzna ma do odbycia kar\u0119 1 roku pozbawienia wolno\u015bci za przest\u0119pstwo kierowania pojazdem mechanicznym w stanie nietrze\u017awo\u015bci.<\/p>\n<p style=\"color: #000000; font-family: Arial, Helvetica, sans-serif; font-size: 15.996px; word-spacing: 2.55936px; text-align: justify;\">Tego samego dnia ciechanowscy policjanci zatrzymali 27-latka, za kt\u00f3rym S\u0105d Rejonowy w Ciechanowie wyda\u0142 nakaz doprowadzenia. Zgodnie z jego tre\u015bci\u0105 m\u0119\u017cczyzna poszukiwany by\u0142 do odbycia kary 1 roku i 2 miesi\u0119cy pozbawienia wolno\u015bci za przest\u0119pstwa narkotykowe.<\/p>\n<p style=\"color: #000000; font-family: Arial, Helvetica, sans-serif; font-size: 15.996px; word-spacing: 2.55936px; text-align: justify;\">Obaj m\u0119\u017cczy\u017ani trafili ju\u017c do zak\u0142adu karnego.<\/p>\n<p style=\"color: #000000; font-family: Arial, Helvetica, sans-serif; font-size: 15.996px; word-spacing: 2.55936px; text-align: justify;\">asp. Magda Sakowska<\/p>\n<p style=\"box-sizing: border-box; margin-top: 0px; margin-bottom: 15px; color: #555555; font-family: Roboto, sans-serif; font-size: 15px; text-align: justify;\">KOMENTARZE<\/p>\n<p style=\"box-sizing: border-box; margin-top: 0px; margin-bottom: 15px; color: #555555; font-family: Roboto, sans-serif; font-size: 15px; text-align: justify;\">Wydawca portalu nie ponosi odpowiedzialno\u015bci za tre\u015b\u0107 komentarzy zamieszczanych przez u\u017cytkownik\u00f3w. Osoby zamieszczaj\u0105ce wypowiedzi naruszaj\u0105ce prawo lub prawem chronione dobra os\u00f3b trzecich mog\u0105 ponie\u015b\u0107 z tego tytu\u0142u odpowiedzialno\u015b\u0107 karn\u0105 lub cywiln\u0105.JEDNOCZE\u015aNIE UZYTKOWNICY ZAMIESZCZAJ\u0104C KOMENTARZ OSWIADCZAJ\u0104, \u017bE BIOR\u0104 PE\u0141N\u0104 ODPOWIEDZIALNO\u015a\u0106 ZA TRE\u015aCI UMIESZCZONE PRZEZ SIEBIE<\/p>\n<div style=\"padding-bottom:20px; padding-top:10px;\" class=\"hupso-share-buttons\"><!-- Hupso Share Buttons - https:\/\/www.hupso.com\/share\/ --><a class=\"hupso_pop\" href=\"https:\/\/www.hupso.com\/share\/\"><img decoding=\"async\" data-src=\"http:\/\/static.hupso.com\/share\/buttons\/button100x23.png\" style=\"border:0px; width:100; height: 23; \" alt=\"Share Button\" src=\"data:image\/svg+xml;base64,PHN2ZyB3aWR0aD0iMSIgaGVpZ2h0PSIxIiB4bWxucz0iaHR0cDovL3d3dy53My5vcmcvMjAwMC9zdmciPjwvc3ZnPg==\" class=\"lazyload\" \/><\/a><script type=\"text\/javascript\">var hupso_services=new Array(\"Twitter\",\"Facebook\",\"Pinterest\",\"Linkedin\",\"Tumblr\",\"StumbleUpon\",\"Digg\",\"Reddit\",\"Bebo\",\"Delicious\",\"QZone\",\"Renren\",\"Email\");var hupso_icon_type = \"labels\";var hupso_background=\"#3BF8FF\";var hupso_border=\"#FF2B0A\";var hupso_image_folder_url = \"\";var hupso_url=\"\";var hupso_title=\"Jeden%20skazany%20za%20jazd%C4%99%20po%20alkoholu%2C%20drugi%20za%20przest%C4%99pstwa%20narkotykowe.%20Obaj%20poszukiwani%20trafili%20%E2%80%9Eza%20kratki%E2%80%9D\";<\/script><script type=\"text\/javascript\" src=\"http:\/\/static.hupso.com\/share\/js\/share.js\"><\/script><!-- Hupso Share Buttons --><\/div>","protected":false},"excerpt":{"rendered":"<p>Ciechanowscy policjanci zatrzymali dw\u00f3ch poszukiwanych m\u0119\u017cczyzn. Za 61-latkiem wydany by\u0142 nakaz doprowadzenia do odbycia kary roku pozbawienia wolno\u015bci za przest\u0119pstwo kierowania pojazdem w stanie nietrze\u017awo\u015bci. Natomiast 27-latek poszukiwany by\u0142 za&hellip; <\/p>\n<div style=\"padding-bottom:20px; padding-top:10px;\" class=\"hupso-share-buttons\"><!-- Hupso Share Buttons - https:\/\/www.hupso.com\/share\/ --><a class=\"hupso_pop\" href=\"https:\/\/www.hupso.com\/share\/\"><img data-src=\"http:\/\/static.hupso.com\/share\/buttons\/button100x23.png\" style=\"border:0px; width:100; height: 23; \" alt=\"Share Button\" src=\"data:image\/svg+xml;base64,PHN2ZyB3aWR0aD0iMSIgaGVpZ2h0PSIxIiB4bWxucz0iaHR0cDovL3d3dy53My5vcmcvMjAwMC9zdmciPjwvc3ZnPg==\" class=\"lazyload\" \/><\/a><script type=\"text\/javascript\">var hupso_services=new Array(\"Twitter\",\"Facebook\",\"Pinterest\",\"Linkedin\",\"Tumblr\",\"StumbleUpon\",\"Digg\",\"Reddit\",\"Bebo\",\"Delicious\",\"QZone\",\"Renren\",\"Email\");var hupso_icon_type = \"labels\";var hupso_background=\"#3BF8FF\";var hupso_border=\"#FF2B0A\";var hupso_image_folder_url = \"\";var hupso_url=\"\";var hupso_title=\"Jeden%20skazany%20za%20jazd%C4%99%20po%20alkoholu%2C%20drugi%20za%20przest%C4%99pstwa%20narkotykowe.%20Obaj%20poszukiwani%20trafili%20%E2%80%9Eza%20kratki%E2%80%9D\";<\/script><script type=\"text\/javascript\" src=\"http:\/\/static.hupso.com\/share\/js\/share.js\"><\/script><!-- Hupso Share Buttons --><\/div>","protected":false},"author":1,"featured_media":2045,"comment_status":"open","ping_status":"open","sticky":false,"template":"","format":"standard","meta":{"_acf_changed":false,"wprm-recipe-roundup-name":"","wprm-recipe-roundup-description":"","footnotes":""},"categories":[19,5,28],"tags":[],"class_list":["post-14277","post","type-post","status-publish","format-standard","has-post-thumbnail","hentry","category-aktualnosci","category-na-sygnale","category-wyd"],"acf":[],"amp_enabled":true,"_links":{"self":[{"href":"http:\/\/portalm\u0142awa.pl\/index.php?rest_route=\/wp\/v2\/posts\/14277","targetHints":{"allow":["GET"]}}],"collection":[{"href":"http:\/\/portalm\u0142awa.pl\/index.php?rest_route=\/wp\/v2\/posts"}],"about":[{"href":"http:\/\/portalm\u0142awa.pl\/index.php?rest_route=\/wp\/v2\/types\/post"}],"author":[{"embeddable":true,"href":"http:\/\/portalm\u0142awa.pl\/index.php?rest_route=\/wp\/v2\/users\/1"}],"replies":[{"embeddable":true,"href":"http:\/\/portalm\u0142awa.pl\/index.php?rest_route=%2Fwp%2Fv2%2Fcomments&post=14277"}],"version-history":[{"count":1,"href":"http:\/\/portalm\u0142awa.pl\/index.php?rest_route=\/wp\/v2\/posts\/14277\/revisions"}],"predecessor-version":[{"id":14278,"href":"http:\/\/portalm\u0142awa.pl\/index.php?rest_route=\/wp\/v2\/posts\/14277\/revisions\/14278"}],"wp:featuredmedia":[{"embeddable":true,"href":"http:\/\/portalm\u0142awa.pl\/index.php?rest_route=\/wp\/v2\/media\/2045"}],"wp:attachment":[{"href":"http:\/\/portalm\u0142awa.pl\/index.php?rest_route=%2Fwp%2Fv2%2Fmedia&parent=14277"}],"wp:term":[{"taxonomy":"category","embeddable":true,"href":"http:\/\/portalm\u0142awa.pl\/index.php?rest_route=%2Fwp%2Fv2%2Fcategories&post=14277"},{"taxonomy":"post_tag","embeddable":true,"href":"http:\/\/portalm\u0142awa.pl\/index.php?rest_route=%2Fwp%2Fv2%2Ftags&post=14277"}],"curies":[{"name":"wp","href":"https:\/\/api.w.org\/{rel}","templated":true}]}}